{"id":532407,"date":"2025-11-13T23:34:16","date_gmt":"2025-11-13T23:34:16","guid":{"rendered":"https:\/\/www.europesays.com\/fr\/532407\/"},"modified":"2025-11-13T23:34:16","modified_gmt":"2025-11-13T23:34:16","slug":"un-avocat-francais-distingue-par-la-couronne-britannique","status":"publish","type":"post","link":"https:\/\/www.europesays.com\/fr\/532407\/","title":{"rendered":"un avocat fran\u00e7ais distingu\u00e9 par la Couronne britannique"},"content":{"rendered":"<p>      <img fetchpriority=\"high\" decoding=\"async\" class=\"mx-auto\" src=\"data:image\/svg+xml,%3Csvg%20xmlns%3D%27http%3A%2F%2Fwww.w3.org%2F2000%2Fsvg%27%20fill%3D%22%23e4e4e4%22%20viewBox%3D%270%200%20510%20340%27%20width%3D%22510%22%20height%3D%22340%22%3E%3Cpath%20d%3D%27M0%200h510v340H0z%27%2F%3E%3C%2Fsvg%3E\"  loading=\"eager\" width=\"510\" height=\"340\" data-oncrawl-image-size=\"510x340\" alt=\"Dans l\u2019historique palais de justice de l\u2019\u00eele de la Cit\u00e9 \u00e0 Paris, le 27\u00a0octobre 2021, lors du proc\u00e8s des attentats du 13-Novembre.\"\/>      <\/p>\n<p class=\"latino-100m text-grey-600\">\n            Dans l\u2019historique palais de justice de l\u2019\u00eele de la Cit\u00e9 \u00e0 Paris, le 27\u00a0octobre 2021, lors du proc\u00e8s des attentats du 13-Novembre.\u00a0MAGALI COHEN\/HANS LUCAS VIA AFP        <\/p>\n<p>        Lire\u00a0plus\u00a0tard      <\/p>\n<p><a aria-label=\"Nous suivre sur Google News\" href=\"https:\/\/news.google.com\/publications\/CAAqBwgKMJe4nQkw3dFs?hl=fr&amp;gl=FR&amp;ceid=FR%3Afr\" target=\"_blank\" data-piano=\"Page_Article,Sous_date_publi,Nous_suivre_sur_google_news,1er_clic,action\" class=\"btn btn--small btn--tertiary btn--icon-only\" rel=\"noopener\"><\/p>\n<p>      Google Actualit\u00e9s<br \/>\n  <\/a><\/p>\n<p>  Partager<\/p>\n<p>        Facebook<\/p>\n<p>        Bluesky<\/p>\n<p>        E-mail<\/p>\n<p>        Copier le lien<\/p>\n<p>      Envoyer<\/p>\n<p>      S\u2019inscrire pour lire    <\/p>\n<p class=\"node__paragraphe antonia-750r text-grey-800 pb-8\">\nC\u2019est une distinction peu commune qu\u2019a re\u00e7ue mercredi 12\u00a0novembre l\u2019avocat Thomas Ricard. Pour avoir repr\u00e9sent\u00e9 25 victimes britanniques des attentats du 13\u00a0novembre\u00a02015, parties civiles lors du <a href=\"https:\/\/www.nouvelobs.com\/attentats-du-13-novembre-le-proces\/\" target=\"_blank\" rel=\"noopener\">proc\u00e8s \u00ab\u00a0V13\u00a0\u00bb<\/a> qui s\u2019est tenu de septembre 2021\u00a0\u00e0 juin 2022\u00a0dans l\u2019historique palais de justice de l\u2019\u00eele de la Cit\u00e9 \u00e0 Paris, le p\u00e9naliste s\u2019est vu remettre les insignes du \u00ab\u00a0Most Excellent Order of the British Empire\u00a0\u00bb, soit l\u2019ordre honorifique le plus \u2026<\/p>\n<p class=\"teaser pb-md-8\">La r\u00e9daction vous offre cet article.<\/p>\n<p class=\"benefits pb-4 pb-md-16\">Une fois inscrit, vous pouvez profiter gratuitement des articles offerts.<\/p>\n<p>          Cr\u00e9er un compte gratuit<\/p>\n<p>      Se connecter\n  <\/p>\n","protected":false},"excerpt":{"rendered":"Dans l\u2019historique palais de justice de l\u2019\u00eele de la Cit\u00e9 \u00e0 Paris, le 27\u00a0octobre 2021, lors du proc\u00e8s&hellip;\n","protected":false},"author":2,"featured_media":532408,"comment_status":"","ping_status":"","sticky":false,"template":"","format":"standard","meta":{"footnotes":""},"categories":[1888],"tags":[18876,17,11,65230,20933,38926,1777,674,1011,3844,27,303,12,24649,626,2694,25,104],"class_list":{"0":"post-532407","1":"post","2":"type-post","3":"status-publish","4":"format-standard","5":"has-post-thumbnail","7":"category-paris","8":"tag-18876","9":"tag-17","10":"tag-actualites","11":"tag-attentats-du-13-novembre-le-proces","12":"tag-avocat","13":"tag-distingue","14":"tag-eu","15":"tag-europe","16":"tag-fr","17":"tag-francais","18":"tag-france","19":"tag-justice","20":"tag-news","21":"tag-novembre","22":"tag-paris","23":"tag-proces","24":"tag-republique-francaise","25":"tag-societe"},"share_on_mastodon":{"url":"https:\/\/pubeurope.com\/@fr\/115545012039406935","error":""},"_links":{"self":[{"href":"https:\/\/www.europesays.com\/fr\/wp-json\/wp\/v2\/posts\/532407","targetHints":{"allow":["GET"]}}],"collection":[{"href":"https:\/\/www.europesays.com\/fr\/wp-json\/wp\/v2\/posts"}],"about":[{"href":"https:\/\/www.europesays.com\/fr\/wp-json\/wp\/v2\/types\/post"}],"author":[{"embeddable":true,"href":"https:\/\/www.europesays.com\/fr\/wp-json\/wp\/v2\/users\/2"}],"replies":[{"embeddable":true,"href":"https:\/\/www.europesays.com\/fr\/wp-json\/wp\/v2\/comments?post=532407"}],"version-history":[{"count":0,"href":"https:\/\/www.europesays.com\/fr\/wp-json\/wp\/v2\/posts\/532407\/revisions"}],"wp:featuredmedia":[{"embeddable":true,"href":"https:\/\/www.europesays.com\/fr\/wp-json\/wp\/v2\/media\/532408"}],"wp:attachment":[{"href":"https:\/\/www.europesays.com\/fr\/wp-json\/wp\/v2\/media?parent=532407"}],"wp:term":[{"taxonomy":"category","embeddable":true,"href":"https:\/\/www.europesays.com\/fr\/wp-json\/wp\/v2\/categories?post=532407"},{"taxonomy":"post_tag","embeddable":true,"href":"https:\/\/www.europesays.com\/fr\/wp-json\/wp\/v2\/tags?post=532407"}],"curies":[{"name":"wp","href":"https:\/\/api.w.org\/{rel}","templated":true}]}}