{"id":532411,"date":"2025-11-13T23:37:14","date_gmt":"2025-11-13T23:37:14","guid":{"rendered":"https:\/\/www.europesays.com\/fr\/532411\/"},"modified":"2025-11-13T23:37:14","modified_gmt":"2025-11-13T23:37:14","slug":"lex-president-georgien-mikheil-saakachvili-demande-a-kiev-de-linclure-dans-un-echange-de-prisonniers-avec-la-russie","status":"publish","type":"post","link":"https:\/\/www.europesays.com\/fr\/532411\/","title":{"rendered":"l\u2019ex-pr\u00e9sident g\u00e9orgien Mikhe\u00efl Saakachvili demande \u00e0 Kiev de l\u2019inclure dans un \u00e9change de prisonniers avec la Russie"},"content":{"rendered":"<p>   Friedrich Merz prie Volodymyr Zelensky de retenir les jeunes hommes             <\/p>\n<p class=\"post__live-container--answer-text post__space-node\">Le chancelier allemand, Friedrich Merz, a dit avoir invit\u00e9 le pr\u00e9sident ukrainien, Volodymyr Zelensky, \u00ab\u00a0\u00e0 veiller, en particulier, \u00e0 ce que les jeunes hommes ukrainiens ne viennent pas (\u2026) en nombre croissant en Allemagne, mais \u00e0 ce qu\u2019ils accomplissent leur devoir dans leur pays\u00a0\u00bb.<\/p>\n<p class=\"post__live-container--answer-text post__space-node\">Les aides auxquelles les r\u00e9fugi\u00e9s ukrainiens avaient droit jusqu\u2019ici en Allemagne vont \u00eatre abaiss\u00e9es \u00ab\u00a0afin que les incitations au travail soient plus fortes que la tentation de rester dans le syst\u00e8me de prestations sociales\u00a0\u00bb, a-t-il annonc\u00e9. \u00ab\u00a0Les r\u00e9fugi\u00e9s ukrainiens ne seront plus couverts par le (\u2026) revenu citoyen\u00a0\u00bb, principale allocation sociale du pays, mais \u00ab\u00a0rel\u00e8veront de la loi sur les prestations d\u2019asile\u00a0\u00bb, a pr\u00e9cis\u00e9 le chancelier.<\/p>\n<p class=\"post__live-container--answer-text post__space-node\">Cette mesure concernera les Ukrainiens \u2013 hommes et femmes \u2013 arriv\u00e9s apr\u00e8s le 1er\u00a0avril\u00a02025, selon des sources gouvernementales cit\u00e9es par l\u2019Agence France-Presse, qui confirment une information du journal Bild. Elle devrait permettre une \u00e9conomie de 730\u00a0millions d\u2019euros en\u00a02026, selon un projet de loi pr\u00e9sent\u00e9 \u00e0 l\u2019\u00e9t\u00e9.<\/p>\n<p class=\"post__live-container--answer-text post__space-node\">Plus de 5,6\u00a0millions d\u2019Ukrainiens ont trouv\u00e9 refuge \u00e0 l\u2019\u00e9tranger depuis f\u00e9vrier\u00a02022, dont la grande majorit\u00e9 en Europe, selon les chiffres de l\u2019ONU. L\u2019Allemagne en a accueilli plus d\u2019un million, en majorit\u00e9 des femmes et des enfants, mais les arriv\u00e9es de jeunes hommes ont connu une rapide acc\u00e9l\u00e9ration depuis la d\u00e9cision de Kiev, fin ao\u00fbt, d\u2019assouplir sa loi martiale et <a href=\"https:\/\/www.lemonde.fr\/international\/live\/2025\/08\/26\/en-direct-guerre-en-ukraine-l-issue-de-la-guerre-n-est-pas-jouee_6634258_3210.html#id-2540767\" rel=\"nofollow noopener\" target=\"_blank\">d\u2019autoriser les adultes de sexe masculin \u00e2g\u00e9s de 18\u00a0\u00e0 22\u00a0ans \u00e0 quitter le pays<\/a>.<\/p>\n","protected":false},"excerpt":{"rendered":"Friedrich Merz prie Volodymyr Zelensky de retenir les jeunes hommes Le chancelier allemand, Friedrich Merz, a dit avoir&hellip;\n","protected":false},"author":2,"featured_media":532412,"comment_status":"","ping_status":"","sticky":false,"template":"","format":"standard","meta":{"footnotes":""},"categories":[1591],"tags":[11,1887,12,1885,1886,132],"class_list":{"0":"post-532411","1":"post","2":"type-post","3":"status-publish","4":"format-standard","5":"has-post-thumbnail","7":"category-russie","8":"tag-actualites","9":"tag-federation-de-russie","10":"tag-news","11":"tag-russia","12":"tag-russian-federation","13":"tag-russie"},"share_on_mastodon":{"url":"https:\/\/pubeurope.com\/@fr\/115545023786943105","error":""},"_links":{"self":[{"href":"https:\/\/www.europesays.com\/fr\/wp-json\/wp\/v2\/posts\/532411","targetHints":{"allow":["GET"]}}],"collection":[{"href":"https:\/\/www.europesays.com\/fr\/wp-json\/wp\/v2\/posts"}],"about":[{"href":"https:\/\/www.europesays.com\/fr\/wp-json\/wp\/v2\/types\/post"}],"author":[{"embeddable":true,"href":"https:\/\/www.europesays.com\/fr\/wp-json\/wp\/v2\/users\/2"}],"replies":[{"embeddable":true,"href":"https:\/\/www.europesays.com\/fr\/wp-json\/wp\/v2\/comments?post=532411"}],"version-history":[{"count":0,"href":"https:\/\/www.europesays.com\/fr\/wp-json\/wp\/v2\/posts\/532411\/revisions"}],"wp:featuredmedia":[{"embeddable":true,"href":"https:\/\/www.europesays.com\/fr\/wp-json\/wp\/v2\/media\/532412"}],"wp:attachment":[{"href":"https:\/\/www.europesays.com\/fr\/wp-json\/wp\/v2\/media?parent=532411"}],"wp:term":[{"taxonomy":"category","embeddable":true,"href":"https:\/\/www.europesays.com\/fr\/wp-json\/wp\/v2\/categories?post=532411"},{"taxonomy":"post_tag","embeddable":true,"href":"https:\/\/www.europesays.com\/fr\/wp-json\/wp\/v2\/tags?post=532411"}],"curies":[{"name":"wp","href":"https:\/\/api.w.org\/{rel}","templated":true}]}}