{"id":532413,"date":"2025-11-13T23:38:15","date_gmt":"2025-11-13T23:38:15","guid":{"rendered":"https:\/\/www.europesays.com\/fr\/532413\/"},"modified":"2025-11-13T23:38:15","modified_gmt":"2025-11-13T23:38:15","slug":"lequipe-de-france-surclasse-lukraine-et-composte-son-billet-pour-la-coupe-du-monde-aux-etats-unis","status":"publish","type":"post","link":"https:\/\/www.europesays.com\/fr\/532413\/","title":{"rendered":"L\u2019\u00e9quipe de France surclasse l\u2019Ukraine et composte son billet pour la Coupe du monde aux \u00c9tats-Unis"},"content":{"rendered":"<p>\n    Dans un match longtemps ind\u00e9cis, l\u2019\u00e9quipe de France a \u00e9cras\u00e9 l\u2019Ukraine (4-0) pour se qualifier \u00e0 la Coupe du monde 2026.<\/p>\n<p class=\"fig-paragraph\">22h42 au Parc des Princes, les Bleus posent fi\u00e8rement derri\u00e8re la banderole \u00ab qualifi\u00e9s\u00a0\u00bb et peuvent entamer leur retour d\u2019honneur devant un amas de drapeau bleu blanc rouge. Le public est aux anges et savoure, Deschamps tombe dans les bras de son staff et la sono crache du Joe Dassin et l\u2019Am\u00e9rique pour une communion totale. Des sc\u00e8nes qui font plaisir et \u00e9meuvent\u00a0<a href=\"https:\/\/www.lefigaro.fr\/actualite-france\/en-direct-dix-ans-du-13-novembre-la-france-rend-hommage-aux-victimes-des-attentats-20251113\" data-fig-type=\"Live\" data-gtm-custom-categorie=\"navigation\" data-gtm-custom-action=\"crossclick\" data-gtm-custom-label=\"Contextuel\" data-gtm-event=\"customEventSPE\" data-fig-domain=\"LEFIGARO\" rel=\"nofollow noopener\" target=\"_blank\">apr\u00e8s une journ\u00e9e d\u2019hommages<\/a>\u00a0dix ans apr\u00e8s l\u2019atroce journ\u00e9e du 13 novembre 2015. Longtemps brouillons, puis r\u00e9volt\u00e9s, les Bleus d\u2019un Mbapp\u00e9 encore une fois d\u00e9cisif (doubl\u00e9, une passe d\u00e9cisive) ont fait le travail jeudi soir avec une victoire 4-0 face \u00e0 l\u2019Ukraine. Ils seront au rendez-vous l\u2019\u00e9t\u00e9 prochain aux \u00c9tats-Unis, Mexique et Canada. Avec de grandes ambitions. Comme toujours.<\/p>\n<p>Minute de silence et Marseillaise, moments d\u2019\u00e9motion<\/p>\n<p class=\"fig-paragraph\">L\u2019avant-match jeudi soir, dans un Parc des Princes \u00e0 guichets ferm\u00e9s,<a href=\"http:\/\/www.lefigaro.fr\/sports\/football\/coupe-du-monde\/le-foot-et-la-vie-sont-plus-forts-que-tout-france-ukraine-recit-d-une-soiree-sous-le-signe-de-l-emotion-20251113\" data-fig-type=\"NewsFlash\" data-gtm-custom-categorie=\"navigation\" data-gtm-custom-action=\"crossclick\" data-gtm-custom-label=\"Contextuel\" data-gtm-event=\"customEventSPE\" data-fig-domain=\"LEFIGARO\" rel=\"nofollow noopener\" target=\"_blank\">\u00a0a forc\u00e9ment \u00e9t\u00e9 charg\u00e9 d\u2019\u00e9motion<\/a>s dix ans apr\u00e8s les attentats du 13 novembre 2015 qui ont d\u00e9but\u00e9 \u00e0 Saint-Denis lors de France-Allemagne. Entre une minute de silence parfaitement respect\u00e9e avec deux nations se faisant face dans le rond central et seulement s\u00e9par\u00e9es par la b\u00e2che \u00ab football for peace\u00a0\u00bb, puis un tifo bleu blanc rouge\u00a0<a href=\"http:\/\/www.lefigaro.fr\/sports\/football\/coupe-du-monde\/france-ukraine-marseillaise-minute-de-silence-et-tifo-a-la-15e-minute-debut-de-match-charge-d-emotions-au-parc-des-princes-20251113\" data-fig-type=\"NewsFlash\" data-gtm-custom-categorie=\"navigation\" data-gtm-custom-action=\"crossclick\" data-gtm-custom-label=\"Contextuel\" data-gtm-event=\"customEventSPE\" data-fig-domain=\"LEFIGARO\" rel=\"nofollow noopener\" target=\"_blank\">d\u00e9ploy\u00e9 \u00e0 la 13e minute de jeu dans la tribune Boulogne<\/a>, accompagn\u00e9 d\u2019une magnifique Marseillaise, la s\u00e9quence a r\u00e9chauff\u00e9 les c\u0153urs. Et notamment certains stadiers ou membres de la s\u00e9curit\u00e9 dix ans plus t\u00f4t et pr\u00e9sents au Parc pour prouver que la vie \u00e9tait plus forte que tout.<\/p>\n<p>                                    <a class=\"fig-a11y-skip a11y-hidden\" href=\"#fig-a11y-skip-main-inarticle\"><br \/>\n        Passer la publicit\u00e9<br \/>\n    <\/a><\/p>\n<p>Un premier acte horrible des Bleus<\/p>\n<p class=\"fig-paragraph\">C\u00f4t\u00e9 terrain, les Bleus savaient parfaitement la feuille de route \u00e0 respecter. Gagner pour se qualifier \u00e0 la Coupe du monde. Pour r\u00e9ussir cette qu\u00eate, Didier Deschamps avait mis\u00e9 sur une \u00e9quipe offensive avec quatre \u00e9l\u00e9ments (Olise, Cherki, Barcola, Mbapp\u00e9) align\u00e9s d\u2019entr\u00e9e de jeu, soutenus par Kant\u00e9, de retour, et Kon\u00e9 au milieu. Autant \u00f4ter tout suspense, le rendu fut longtemps de pi\u00e8tre qualit\u00e9. Le premier acte, jou\u00e9 sur un faux rythme, avec des Ukrainiens recroquevill\u00e9s devant leur surface et des Bleus incapables de se montrer dangereux, s\u2019est transform\u00e9 en purge. Et une vraie caricature. Seul Barcola, d\u2019une frappe enroul\u00e9e, a tent\u00e9 de r\u00e9veiller le Parc (41e). Au final, peu d\u2019id\u00e9es, peu d\u2019acc\u00e9l\u00e9rations, aucune prise de risque, pour un rendu proche du n\u00e9ant. Ce n\u2019est pas avec ce genre de prestations que l\u2019on d\u00e9croche un billet pour l\u2019Am\u00e9rique. Un Mondial se m\u00e9rite et ne s\u2019offre surtout pas sur un plateau, m\u00eame si on s\u2019appelle l\u2019\u00e9quipe de France.<\/p>\n<p><strong>Mbapp\u00e9 et Olise lib\u00e8rent la France\u00a0<\/strong><\/p>\n<p class=\"fig-paragraph\">Pas certain que les Bleus l\u2019aient bien compris en voyant leur timide retour des vestiaires sans changement notoire. La bande d\u2019un Rayan Cherki inexistant et brouillon, a m\u00eame connu quelques su\u00e9es dans l\u2019attente d\u2019un penalty ukrainien r\u00e9clam\u00e9 sur une faute d\u2019Upamecano (52e) et finalement retoqu\u00e9 apr\u00e8s arbitrage vid\u00e9o. Deux minutes plus tard, tout allait changer. Victime d\u2019une semelle dans la surface, Olise r\u00e9coltait un penalty transform\u00e9 par une panenka du coquin Mbapp\u00e9 (1-0, 54e), auteur de son sixi\u00e8me but sur\u2026 ses six derniers matches en s\u00e9lection. \u00c0 partir de ce moment-l\u00e0, les Ukrainiens ont pris l\u2019eau de toute part avec les vagues bleues initi\u00e9es par le duo Mbapp\u00e9-Olise, intenable.<\/p>\n<p><strong>Dans sept mois l\u2019Am\u00e9rique<\/strong><\/p>\n<p class=\"fig-paragraph\">Replac\u00e9 dans l\u2019axe apr\u00e8s la sortie de Cherki, le Munichois est enfin entr\u00e9 dans son match en offrant un caviar \u00e0 Ekitike, dont la frappe a fini sur le poteau (71e), avant de se faire justice tout seul apr\u00e8s une passe de Kant\u00e9 (2-0, 76e). Jamais le dernier pour la gourmandise, Mbapp\u00e9 alourdissait la note (3-0, 83e) dans un Parc des Princes qui entonnait l\u2019iconique \u00ab Et un, et deux, et trois, z\u00e9ro\u00a0\u00bb. Ekitike en remettait une couche (4-0, 88e). En trente minutes, les Bleus ont tout pli\u00e9. Et valid\u00e9 leur place en Am\u00e9rique l\u2019\u00e9t\u00e9 prochain (11 juin-19 juillet). Dans sept mois, pour la derni\u00e8re de Deschamps, l\u2019\u00e9quipe de France briguera une troisi\u00e8me \u00e9toile. Le tableau fait d\u00e9j\u00e0 saliver. Le rendez-vous est pris.<\/p>\n","protected":false},"excerpt":{"rendered":"Dans un match longtemps ind\u00e9cis, l\u2019\u00e9quipe de France a \u00e9cras\u00e9 l\u2019Ukraine (4-0) pour se qualifier \u00e0 la Coupe&hellip;\n","protected":false},"author":2,"featured_media":532414,"comment_status":"","ping_status":"","sticky":false,"template":"","format":"standard","meta":{"footnotes":""},"categories":[1590],"tags":[11,64,1777,674,12,2334,220],"class_list":{"0":"post-532413","1":"post","2":"type-post","3":"status-publish","4":"format-standard","5":"has-post-thumbnail","7":"category-ukraine","8":"tag-actualites","9":"tag-equipe-de-france","10":"tag-eu","11":"tag-europe","12":"tag-news","13":"tag-parc-des-princes","14":"tag-ukraine"},"share_on_mastodon":{"url":"https:\/\/pubeurope.com\/@fr\/115545027717471756","error":""},"_links":{"self":[{"href":"https:\/\/www.europesays.com\/fr\/wp-json\/wp\/v2\/posts\/532413","targetHints":{"allow":["GET"]}}],"collection":[{"href":"https:\/\/www.europesays.com\/fr\/wp-json\/wp\/v2\/posts"}],"about":[{"href":"https:\/\/www.europesays.com\/fr\/wp-json\/wp\/v2\/types\/post"}],"author":[{"embeddable":true,"href":"https:\/\/www.europesays.com\/fr\/wp-json\/wp\/v2\/users\/2"}],"replies":[{"embeddable":true,"href":"https:\/\/www.europesays.com\/fr\/wp-json\/wp\/v2\/comments?post=532413"}],"version-history":[{"count":0,"href":"https:\/\/www.europesays.com\/fr\/wp-json\/wp\/v2\/posts\/532413\/revisions"}],"wp:featuredmedia":[{"embeddable":true,"href":"https:\/\/www.europesays.com\/fr\/wp-json\/wp\/v2\/media\/532414"}],"wp:attachment":[{"href":"https:\/\/www.europesays.com\/fr\/wp-json\/wp\/v2\/media?parent=532413"}],"wp:term":[{"taxonomy":"category","embeddable":true,"href":"https:\/\/www.europesays.com\/fr\/wp-json\/wp\/v2\/categories?post=532413"},{"taxonomy":"post_tag","embeddable":true,"href":"https:\/\/www.europesays.com\/fr\/wp-json\/wp\/v2\/tags?post=532413"}],"curies":[{"name":"wp","href":"https:\/\/api.w.org\/{rel}","templated":true}]}}