{"id":532415,"date":"2025-11-13T23:39:28","date_gmt":"2025-11-13T23:39:28","guid":{"rendered":"https:\/\/www.europesays.com\/fr\/532415\/"},"modified":"2025-11-13T23:39:28","modified_gmt":"2025-11-13T23:39:28","slug":"ces-mails-qui-embarrassent-donald-trump","status":"publish","type":"post","link":"https:\/\/www.europesays.com\/fr\/532415\/","title":{"rendered":"ces mails qui embarrassent Donald Trump"},"content":{"rendered":"<p>      lire plus tard<\/p>\n<p id=\"dialog__title\" class=\"dialog__title\">Pour sauvegarder cet article, connectez-vous ou cr\u00e9ez un compte franceinfo<\/p>\n<p class=\"dialog__description\">Sans paiement. Sans abonnement.<\/p>\n<p>        Fermer la fen\u00eatre d\u2019activation des notifications France Info<\/p>\n<p>      cr\u00e9er votre compte<\/p>\n<p>      se connecter<\/p>\n<p>        Fermer la fen\u00eatre de pr\u00e9sentation<\/p>\n<p>    Publi\u00e9 le 13\/11\/2025 20:58<\/p>\n<p>      Mis \u00e0 jour le 13\/11\/2025 22:48<\/p>\n<p>        Temps de lecture : 2min &#8211; vid\u00e9o : 3min<\/p>\n<p>    <img decoding=\"async\" class=\"francetv-player-wrapper__image\" alt=\"Affaire Jeffrey Epstein\u00a0: ces mails qui embarrassent Donald Trump\"  width=\"432\" height=\"243\" src=\"https:\/\/www.europesays.com\/fr\/wp-content\/uploads\/2025\/11\/donald-trump-affaire-epstein-691637ef1f54e709718040.jpg\" fetchpriority=\"high\"\/><\/p>\n<p>              Affaire Jeffrey Epstein\u00a0: ces mails qui embarrassent Donald Trump<br \/>\n                    (France 2)<\/p>\n<p>      3min<\/p>\n<p>\n  Dans l&rsquo;affaire Jeffrey Epstein, des mails ont \u00e9t\u00e9 publi\u00e9s par des parlementaires d\u00e9mocrates, mercredi 12 novembre. Dans cette s\u00e9rie d&rsquo;\u00e9changes, le d\u00e9linquant sexuel affirmait que le pr\u00e9sident am\u00e9ricain \u00ab\u00a0savait \u00e0 propos des filles\u00a0\u00bb.\n<\/p>\n<p><strong>Ce texte correspond \u00e0 une partie de la retranscription du reportage ci-dessus. Cliquez sur la vid\u00e9o pour la regarder en int\u00e9gralit\u00e9.<\/strong><\/p>\n<p>Donald Trump est dans l&#8217;embarras apr\u00e8s de nouvelles r\u00e9v\u00e9lations dans <a href=\"https:\/\/www.franceinfo.fr\/monde\/usa\/affaire-jeffrey-epstein\/affaire-jeffrey-epstein-ce-que-l-on-sait-des-e-mails-du-delinquant-sexuel-affirmant-que-donald-trump-savait-a-propos-des-filles_7613348.html\" target=\"_blank\" rel=\"noopener nofollow\" data-tooltip-url=\"https:\/\/www.franceinfo.fr\/monde\/usa\/affaire-jeffrey-epstein\/affaire-jeffrey-epstein-ce-que-l-on-sait-des-e-mails-du-delinquant-sexuel-affirmant-que-donald-trump-savait-a-propos-des-filles_7613348.html\">l&rsquo;affaire Jeffrey Epstein<\/a>, un scandale d&rsquo;exploitation sexuelle. Des mails envoy\u00e9s il y a des ann\u00e9es par le criminel Epstein lui-m\u00eame semblent mettre en cause le pr\u00e9sident am\u00e9ricain.<\/p>\n<p>\u00ab\u00a0Bien s\u00fbr, Donald Trump savait \u00e0 propos des filles\u00a0\u00bb, peut-on lire, ou encore : \u00ab\u00a0Le chien qui n&rsquo;a pas aboy\u00e9, c&rsquo;est Trump. Une victime a pass\u00e9 des heures chez moi avec lui\u00a0\u00bb. Ces mails viennent d&rsquo;\u00eatre diffus\u00e9s par les d\u00e9put\u00e9s d\u00e9mocrates. Selon la Maison-Blanche, ils ont \u00e9t\u00e9 divulgu\u00e9s de fa\u00e7on s\u00e9lective pour fabriquer un r\u00e9cit mensonger. Donald Trump mart\u00e8le : \u00ab\u00a0Les d\u00e9mocrates utilisent la supercherie Jeffrey Epstein pour essayer de d\u00e9tourner l&rsquo;attention de leurs \u00e9checs successifs\u00a0\u00bb.<\/p>\n<p>L&rsquo;affaire Epstein est un trafic p\u00e9docriminel tentaculaire \u00e0 la port\u00e9e internationale. Le prince Andrew, par exemple, a perdu son titre \u00e0 la suite d&rsquo;accusations d&rsquo;agression. D&rsquo;autres grands noms sont cit\u00e9s, mais seul Jeffrey Epstein et son ex-compagne ont \u00e9t\u00e9 arr\u00eat\u00e9s et condamn\u00e9s.<\/p>\n<p>En 2019, Jeffrey Epstein est mort en prison, officiellement d&rsquo;un suicide, juste avant un grand proc\u00e8s. Depuis, les sp\u00e9culations vont bon train et passionnent le camp r\u00e9publicain. Lors de la derni\u00e8re campagne pr\u00e9sidentielle, Donald Trump a promis que tous les dossiers de l&rsquo;affaire seraient rendus publics, notamment la liste des clients d&rsquo;Epstein. Mais depuis qu&rsquo;il est \u00e0 la Maison-Blanche, il a fait volte-face. Seuls quelques fichiers ont \u00e9t\u00e9 publi\u00e9s, l&rsquo;affaire a \u00e9t\u00e9 class\u00e9e par le FBI et Donald Trump ne veut plus en entendre parler.<\/p>\n<p>Donald Trump n&rsquo;a jamais \u00e9t\u00e9 accus\u00e9 de quoi que ce soit par une des victimes. L&rsquo;ex-compagne d&rsquo;Epstein l&rsquo;a d\u00e9douan\u00e9 depuis sa cellule. Mais l&rsquo;amiti\u00e9 pass\u00e9e entre les deux hommes d\u00e9cha\u00eene les sp\u00e9culations, tout comme les r\u00e9v\u00e9lations successives. Le Congr\u00e8s a cr\u00e9\u00e9 une commission d&rsquo;enqu\u00eate. Les \u00e9lus d\u00e9mocrates en ont fait leur cheval de bataille, jusqu&rsquo;\u00e0 accuser le directeur du FBI de dissimulation.<\/p>\n<p>\u00c0 la demande d&rsquo;\u00e9lus d\u00e9mocrates mais aussi r\u00e9publicains, il y aura un vote au Congr\u00e8s dans les prochains jours pour exiger que le minist\u00e8re de la Justice d\u00e9voile l&rsquo;int\u00e9gralit\u00e9 des dossiers de cette affaire. Le feuilleton est donc loin d&rsquo;\u00eatre termin\u00e9.<\/p>\n","protected":false},"excerpt":{"rendered":"lire plus tard Pour sauvegarder cet article, connectez-vous ou cr\u00e9ez un compte franceinfo Sans paiement. Sans abonnement. Fermer&hellip;\n","protected":false},"author":2,"featured_media":532416,"comment_status":"","ping_status":"","sticky":false,"template":"","format":"standard","meta":{"footnotes":""},"categories":[1589],"tags":[11,73,1866,12,1864,1865,1863,308],"class_list":{"0":"post-532415","1":"post","2":"type-post","3":"status-publish","4":"format-standard","5":"has-post-thumbnail","7":"category-etats-unis","8":"tag-actualites","9":"tag-etats-unis","10":"tag-etats-unis-damerique","11":"tag-news","12":"tag-united-states","13":"tag-united-states-of-america","14":"tag-us","15":"tag-usa"},"share_on_mastodon":{"url":"https:\/\/pubeurope.com\/@fr\/115545032210265884","error":""},"_links":{"self":[{"href":"https:\/\/www.europesays.com\/fr\/wp-json\/wp\/v2\/posts\/532415","targetHints":{"allow":["GET"]}}],"collection":[{"href":"https:\/\/www.europesays.com\/fr\/wp-json\/wp\/v2\/posts"}],"about":[{"href":"https:\/\/www.europesays.com\/fr\/wp-json\/wp\/v2\/types\/post"}],"author":[{"embeddable":true,"href":"https:\/\/www.europesays.com\/fr\/wp-json\/wp\/v2\/users\/2"}],"replies":[{"embeddable":true,"href":"https:\/\/www.europesays.com\/fr\/wp-json\/wp\/v2\/comments?post=532415"}],"version-history":[{"count":0,"href":"https:\/\/www.europesays.com\/fr\/wp-json\/wp\/v2\/posts\/532415\/revisions"}],"wp:featuredmedia":[{"embeddable":true,"href":"https:\/\/www.europesays.com\/fr\/wp-json\/wp\/v2\/media\/532416"}],"wp:attachment":[{"href":"https:\/\/www.europesays.com\/fr\/wp-json\/wp\/v2\/media?parent=532415"}],"wp:term":[{"taxonomy":"category","embeddable":true,"href":"https:\/\/www.europesays.com\/fr\/wp-json\/wp\/v2\/categories?post=532415"},{"taxonomy":"post_tag","embeddable":true,"href":"https:\/\/www.europesays.com\/fr\/wp-json\/wp\/v2\/tags?post=532415"}],"curies":[{"name":"wp","href":"https:\/\/api.w.org\/{rel}","templated":true}]}}