{"id":532419,"date":"2025-11-13T23:41:14","date_gmt":"2025-11-13T23:41:14","guid":{"rendered":"https:\/\/www.europesays.com\/fr\/532419\/"},"modified":"2025-11-13T23:41:14","modified_gmt":"2025-11-13T23:41:14","slug":"allemagne-heure-chaine-tv-sur-quelle-chaine-regarder-le-match-a-la-television-ou-en-streaming","status":"publish","type":"post","link":"https:\/\/www.europesays.com\/fr\/532419\/","title":{"rendered":"Allemagne : heure, cha\u00eene TV&#8230; Sur quelle cha\u00eene regarder le match \u00e0 la t\u00e9l\u00e9vision ou en\u00a0streaming\u00a0?"},"content":{"rendered":"<p>Le match opposant le Luxembourg et l&rsquo;Allemagne d\u00e9butera \u00e0 20h45. Vous pourrez le suivre en direct sur L&rsquo;Equipe Live Foot et en Multiplex sur La Cha\u00eene L&rsquo;Equipe ou en streaming via les plateformes concern\u00e9es. Les supporters des deux clubs ont donc toutes les informations en main d\u00e9sormais.<\/p>\n<p>Ce match s\u2019annonce palpitant et offre une excellente occasion aux amateurs de football de vivre une soir\u00e9e intense. Restez connect\u00e9 pour suivre chaque moment d\u00e9cisif et encourager votre \u00e9quipe favorite.<\/p>\n<p>   Partagez cette info avec vos amis et vos proches en cliquant ici<br \/> Pour r\u00e9sumer<\/p>\n<p>Assistez au match entre le Luxembourg et l&rsquo;Allemagne \u00e0 partir de 20h45. Et retrouvez toutes les informations pour la suivre devant votre \u00e9cran. La rencontre sera disponible en direct sur L&rsquo;Equipe Live Foot et en Multiplex sur La Cha\u00eene L&rsquo;Equipe ainsi qu\u2019en streaming sur les plateformes concern\u00e9es pour ne rien manquer de l\u2019action.<\/p>\n<p>R\u00e9dacteur<\/p>\n<p><img decoding=\"async\" width=\"76\" height=\"76\" loading=\"lazy\" src=\"https:\/\/www.europesays.com\/fr\/wp-content\/uploads\/2025\/04\/avatar-onze.webp.webp\" alt=\"Nathan Bricout\"\/><\/p>\n","protected":false},"excerpt":{"rendered":"Le match opposant le Luxembourg et l&rsquo;Allemagne d\u00e9butera \u00e0 20h45. Vous pourrez le suivre en direct sur L&rsquo;Equipe&hellip;\n","protected":false},"author":2,"featured_media":532420,"comment_status":"","ping_status":"","sticky":false,"template":"","format":"standard","meta":{"footnotes":""},"categories":[1587],"tags":[11,672,1804,451,1805,1803,1777,674,1801,12,1802],"class_list":{"0":"post-532419","1":"post","2":"type-post","3":"status-publish","4":"format-standard","5":"has-post-thumbnail","7":"category-allemagne","8":"tag-actualites","9":"tag-allemagne","10":"tag-bundesrepublik-deutschland","11":"tag-coupe-du-monde","12":"tag-de","13":"tag-deutschland","14":"tag-eu","15":"tag-europe","16":"tag-germany","17":"tag-news","18":"tag-republique-federale-dallemagne"},"share_on_mastodon":{"url":"https:\/\/pubeurope.com\/@fr\/115545040117486341","error":""},"_links":{"self":[{"href":"https:\/\/www.europesays.com\/fr\/wp-json\/wp\/v2\/posts\/532419","targetHints":{"allow":["GET"]}}],"collection":[{"href":"https:\/\/www.europesays.com\/fr\/wp-json\/wp\/v2\/posts"}],"about":[{"href":"https:\/\/www.europesays.com\/fr\/wp-json\/wp\/v2\/types\/post"}],"author":[{"embeddable":true,"href":"https:\/\/www.europesays.com\/fr\/wp-json\/wp\/v2\/users\/2"}],"replies":[{"embeddable":true,"href":"https:\/\/www.europesays.com\/fr\/wp-json\/wp\/v2\/comments?post=532419"}],"version-history":[{"count":0,"href":"https:\/\/www.europesays.com\/fr\/wp-json\/wp\/v2\/posts\/532419\/revisions"}],"wp:featuredmedia":[{"embeddable":true,"href":"https:\/\/www.europesays.com\/fr\/wp-json\/wp\/v2\/media\/532420"}],"wp:attachment":[{"href":"https:\/\/www.europesays.com\/fr\/wp-json\/wp\/v2\/media?parent=532419"}],"wp:term":[{"taxonomy":"category","embeddable":true,"href":"https:\/\/www.europesays.com\/fr\/wp-json\/wp\/v2\/categories?post=532419"},{"taxonomy":"post_tag","embeddable":true,"href":"https:\/\/www.europesays.com\/fr\/wp-json\/wp\/v2\/tags?post=532419"}],"curies":[{"name":"wp","href":"https:\/\/api.w.org\/{rel}","templated":true}]}}