{"id":532422,"date":"2025-11-13T23:43:13","date_gmt":"2025-11-13T23:43:13","guid":{"rendered":"https:\/\/www.europesays.com\/fr\/532422\/"},"modified":"2025-11-13T23:43:13","modified_gmt":"2025-11-13T23:43:13","slug":"ue-la-loi-sur-le-devoir-de-vigilance-des-entreprises-videe-de-sa-substance","status":"publish","type":"post","link":"https:\/\/www.europesays.com\/fr\/532422\/","title":{"rendered":"UE: la loi sur le devoir de vigilance des entreprises vid\u00e9e de sa substance"},"content":{"rendered":"<p class=\"mb-4 text-lg md:leading-8 break-words\">Ce jeudi 13 novembre, la droite et l&rsquo;extr\u00eame droite au Parlement europ\u00e9en ont vid\u00e9 <strong><a href=\"https:\/\/www.rfi.fr\/fr\/environnement\/20240316-environnement-travail-forc\u00e9-feu-vert-des-27-\u00e0-un-devoir-de-vigilance-des-entreprises\" rel=\"nofollow noopener\" target=\"_blank\" data-ylk=\"slk:le devoir de vigilance;elm:context_link;itc:0;sec:content-canvas\" class=\"link \">le devoir de vigilance<\/a><\/strong> de sa substance. Ce faisant, ils ont priv\u00e9 l&rsquo;<strong><a href=\"https:\/\/www.rfi.fr\/fr\/tag\/union-europ\u00e9enne\/\" class=\"link \" rel=\"nofollow noopener\" target=\"_blank\" data-ylk=\"slk:Union europ\u00e9enne;elm:context_link;itc:0;sec:content-canvas\">Union europ\u00e9enne<\/a><\/strong> de l&rsquo;un de ses principaux leviers pour prot\u00e9ger les droits des travailleurs \u00e0 l&rsquo;\u00e9tranger, l&rsquo;environnement et le climat. C&rsquo;est une nouvelle preuve du virage pro-business de l&rsquo;Union europ\u00e9enne. Le texte adopt\u00e9 il y a un an \u00e9tait tr\u00e8s ambitieux, les grandes entreprises de plus de 1 000 employ\u00e9s et 450 millions d&rsquo;euros de chiffre d&rsquo;affaires avaient l&rsquo;obligation d&rsquo;\u00e9valuer les risques de violations des droits humains et environnementaux tout au long de leur cha\u00eene de valeur.<\/p>\n<p class=\"mb-4 text-lg md:leading-8 break-words\">D\u00e9sormais, ce seuil est relev\u00e9. Seuls les groupes de plus de 5 000 employ\u00e9s et 1,5 milliard d&rsquo;euros de chiffre d&rsquo;affaires sont concern\u00e9s, soit moins d&rsquo;un millier d&rsquo;entreprises, selon le centre de ressources n\u00e9erlandais sur les multinationales.<\/p>\n<p class=\"mb-4 text-lg md:leading-8 break-words\">Le rapporteur du texte, le d\u00e9put\u00e9 du Parti populaire europ\u00e9en Jorgen Warborn, salue une simplification des r\u00e8gles pour les entreprises. \u00ab De toute l&rsquo;histoire europ\u00e9enne, je pense que c&rsquo;est la proposition l\u00e9gislative qui r\u00e9duit le plus les co\u00fbts pour les entreprises. Pour elle, cela repr\u00e9sente environ 4,7 milliards d&rsquo;euros d&rsquo;\u00e9conomie \u00bb, d\u00e9clare le d\u00e9put\u00e9 europ\u00e9en.<\/p>\n<p class=\"mb-4 text-lg md:leading-8 break-words\">\u00c0 \u00e9couter aussi<a href=\"https:\/\/www.rfi.fr\/fr\/podcasts\/questions-d-environnement\/20240305-qu-est-ce-que-le-devoir-de-vigilance\" class=\"link \" rel=\"nofollow noopener\" target=\"_blank\" data-ylk=\"slk:Qu&#039;est-ce que le devoir de vigilance?;elm:context_link;itc:0;sec:content-canvas\">Qu&rsquo;est-ce que le devoir de vigilance?<\/a><\/p>\n<p>Les d\u00e9fenseurs des droits humains et de l&rsquo;environnement sous le choc<\/p>\n<p class=\"mb-4 text-lg md:leading-8 break-words\">Autre mesure vot\u00e9e ce matin, la fin du r\u00e9gime europ\u00e9en de responsabilit\u00e9 civile pour les entreprises. Une simplification et des \u00e9conomies en \u00e9change de sacrifice de la strat\u00e9gie environnementale de l&rsquo;UE, estiment plusieurs associations. Pour elles, c&rsquo;est \u00ab une r\u00e9gression inacceptable \u00bb dans la lutte contre le r\u00e9chauffement climatique.<\/p>\n<p class=\"mb-4 text-lg md:leading-8 break-words\">Les d\u00e9fenseurs des droits humains et de l&rsquo;environnement sont sous le choc. \u00ab La soci\u00e9t\u00e9 civile europ\u00e9enne et fran\u00e7aise est dans un \u00e9tat de sid\u00e9ration parce que c&rsquo;est la premi\u00e8re fois dans l&rsquo;histoire de la proc\u00e9dure l\u00e9gislative europ\u00e9enne qu&rsquo;on a une telle alliance entre la droite conservatrice et l&rsquo;extr\u00eame droite \u00bb, explique Marcellin Jehl, porte-parole de l&rsquo;ONG Amis de la Terre.<\/p>\n<p class=\"mb-4 text-lg md:leading-8 break-words\">\u00ab Cela se fait aujourd&rsquo;hui au d\u00e9triment du climat, alors m\u00eame que les dirigeants du monde entier sont r\u00e9unis \u00e0 Bel\u00e9m au Br\u00e9sil pour parler des engagements des \u00c9tats et des grandes entreprises en mati\u00e8re climatique. On a l\u00e0 une vraie trahison au Parlement europ\u00e9en, avec des d\u00e9put\u00e9s qui se sont alli\u00e9s d&rsquo;une mani\u00e8re in\u00e9dite pour supprimer les obligations climatiques faites aux entreprises \u00bb, estime-t-il.<\/p>\n<p>L&rsquo;industrie p\u00e9troli\u00e8re et les \u00c9tats-Unis point\u00e9s du doigt<\/p>\n<p class=\"mb-4 text-lg md:leading-8 break-words\">Les d\u00e9fenseurs de l&rsquo;environnement pointent du doigt l&rsquo;influence de l&rsquo;industrie p\u00e9troli\u00e8re et des \u00c9tats-Unis de Donald Trump, \u00e0 l&rsquo;instar d&rsquo;Olivier Gu\u00e9rin de l&rsquo;ONG Reclaim Finance.<\/p>\n<p class=\"mb-4 text-lg md:leading-8 break-words\">\u00ab On pense notamment \u00e0 l&rsquo;entreprise TotalEnergies qui a envoy\u00e9 une lettre tr\u00e8s r\u00e9cemment \u00e0 Emmanuel Macron pour lui demander de vraiment s&rsquo;opposer au devoir de vigilance au niveau europ\u00e9en. On pense aussi \u00e0 ExxonMobil qui a fait un gros lobbying aupr\u00e8s de l&rsquo;administration Trump pour supprimer ces lois europ\u00e9ennes. Et on a donc \u00e9galement l&rsquo;administration Trump aux \u00c9tats-Unis qui a fait pression pendant plusieurs mois contre les lois europ\u00e9ennes parce qu\u2019elles ne seraient pas bonnes pour le business. \u00bb<\/p>\n<p class=\"mb-4 text-lg md:leading-8 break-words\">Avant le vote, le chancelier allemand Friedrich Merz et le pr\u00e9sident fran\u00e7ais Emmanuel Macron avaient <strong><a href=\"https:\/\/www.rfi.fr\/fr\/europe\/20250624-l-ue-fait-marche-arri\u00e8re-sur-le-devoir-de-vigilance-des-entreprises\" rel=\"nofollow noopener\" target=\"_blank\" data-ylk=\"slk:publiquement appel\u00e9 \u00e0 abroger purement et simplement;elm:context_link;itc:0;sec:content-canvas\" class=\"link \">publiquement appel\u00e9 \u00e0 abroger purement et simplement<\/a><\/strong> le devoir de vigilance.<\/p>\n","protected":false},"excerpt":{"rendered":"Ce jeudi 13 novembre, la droite et l&rsquo;extr\u00eame droite au Parlement europ\u00e9en ont vid\u00e9 le devoir de vigilance&hellip;\n","protected":false},"author":2,"featured_media":532423,"comment_status":"","ping_status":"","sticky":false,"template":"","format":"standard","meta":{"footnotes":""},"categories":[1586],"tags":[11,49384,65231,1777,674,1779,1011,27,54998,11301,12,8552,65232,25,1778,364,63273],"class_list":{"0":"post-532422","1":"post","2":"type-post","3":"status-publish","4":"format-standard","5":"has-post-thumbnail","7":"category-europe","8":"tag-actualites","9":"tag-chaine-de-valeur","10":"tag-devoir-de-vigilance","11":"tag-eu","12":"tag-europe","13":"tag-european-union","14":"tag-fr","15":"tag-france","16":"tag-l39environnement","17":"tag-le-choc","18":"tag-news","19":"tag-parlement-europeen","20":"tag-parti-populaire-europeen","21":"tag-republique-francaise","22":"tag-ue","23":"tag-union-europeenne","24":"tag-violations-des-droits-humains"},"share_on_mastodon":{"url":"https:\/\/pubeurope.com\/@fr\/115545047361386232","error":""},"_links":{"self":[{"href":"https:\/\/www.europesays.com\/fr\/wp-json\/wp\/v2\/posts\/532422","targetHints":{"allow":["GET"]}}],"collection":[{"href":"https:\/\/www.europesays.com\/fr\/wp-json\/wp\/v2\/posts"}],"about":[{"href":"https:\/\/www.europesays.com\/fr\/wp-json\/wp\/v2\/types\/post"}],"author":[{"embeddable":true,"href":"https:\/\/www.europesays.com\/fr\/wp-json\/wp\/v2\/users\/2"}],"replies":[{"embeddable":true,"href":"https:\/\/www.europesays.com\/fr\/wp-json\/wp\/v2\/comments?post=532422"}],"version-history":[{"count":0,"href":"https:\/\/www.europesays.com\/fr\/wp-json\/wp\/v2\/posts\/532422\/revisions"}],"wp:featuredmedia":[{"embeddable":true,"href":"https:\/\/www.europesays.com\/fr\/wp-json\/wp\/v2\/media\/532423"}],"wp:attachment":[{"href":"https:\/\/www.europesays.com\/fr\/wp-json\/wp\/v2\/media?parent=532422"}],"wp:term":[{"taxonomy":"category","embeddable":true,"href":"https:\/\/www.europesays.com\/fr\/wp-json\/wp\/v2\/categories?post=532422"},{"taxonomy":"post_tag","embeddable":true,"href":"https:\/\/www.europesays.com\/fr\/wp-json\/wp\/v2\/tags?post=532422"}],"curies":[{"name":"wp","href":"https:\/\/api.w.org\/{rel}","templated":true}]}}