{"id":532432,"date":"2025-11-13T23:49:15","date_gmt":"2025-11-13T23:49:15","guid":{"rendered":"https:\/\/www.europesays.com\/fr\/532432\/"},"modified":"2025-11-13T23:49:15","modified_gmt":"2025-11-13T23:49:15","slug":"une-equipe-rassuree-un-mental-retrouve-lenvie-de-bousculer-des-montagnes-face-a-brive-beziers-retrouver-son-jeu-et-sa-superbe","status":"publish","type":"post","link":"https:\/\/www.europesays.com\/fr\/532432\/","title":{"rendered":"Une \u00e9quipe rassur\u00e9e, un mental retrouv\u00e9, l\u2019envie de bousculer des montagnes\u2026 Face \u00e0 Brive, B\u00e9ziers retrouver son jeu et sa superbe"},"content":{"rendered":"<p>\n                                                                Face \u00e0 une solide \u00e9quipe de Brive, ce vendredi 14\u00a0novembre (21\u00a0h, au stade Raoul-Barri\u00e8re), B\u00e9ziers comptera sur son enthousiasme et sa d\u00e9termination pour tenter d\u2019imposer son jeu. Afin de d\u00e9crocher un succ\u00e8s qui lui permettrait de s\u2019\u00e9loigner de la zone rouge.\n                            <\/p>\n<p>Ce ne fut nullement un match parfait. Loin de l\u00e0. Pourtant, si le week-end dernier, \u00e0 Grenoble, face \u00e0 des adversaires, comme eux, en plein doute, les Biterrois ont mordu la poussi\u00e8re (23-8), ils ont affich\u00e9 une certaine d\u00e9termination et un allant qui avaient tendance \u00e0 leur faire d\u00e9faut depuis le d\u00e9but de saison. Surtout \u00e0 l\u2019ext\u00e9rieur de leurs bases, o\u00f9 ils avaient un mal fou \u00e0 ne pas prendre l\u2019eau.<\/p>\n<p>C\u2019est donc une ASBH quelque peu rassur\u00e9e qui attend Brive, ce vendredi (21\u00a0h), au stade Raoul-Barri\u00e8re. Les sourires, la d\u00e9termination et la motivation ressentie dans les rangs le laissaient entrevoir, cette fin de semaine, du c\u00f4t\u00e9 du club, o\u00f9 David Irazoqui, d\u00e9sormais coach de tout le groupe, commence \u00e0 g\u00e9rer l\u2019\u00e9quipe \u00e0 sa main.<\/p>\n<p>\u00ab\u00a0Un groupe qui a retrouv\u00e9 beaucoup d\u2019enthousiasme\u00a0\u00bb<\/p>\n<p>Son message semble bien passer aupr\u00e8s des joueurs\u00a0: \u00ab\u00a0Il est vrai que l\u2019\u00e9quipe est, aujourd\u2019hui, \u00e0 un virage, reconna\u00eet Cl\u00e9ment Doumenc, qui retrouve la formation biterroise apr\u00e8s une blessure l\u2019ayant \u00e9loign\u00e9\u00a0des terrains de longues semaines. Le\u00a0changement d\u2019entra\u00eeneur, ce n\u2019\u00e9tait pas il y a si longtemps, c\u2019\u00e9tait il y a quelques jours. Mais on sent un groupe qui a retrouv\u00e9 beaucoup d\u2019enthousiasme, beaucoup d\u2019envie d\u2019aller de l\u2019avant, de surtout changer les choses. On l\u2019a vu lors du match \u00e0 Grenoble. Je pense que tous les gens qui ont regard\u00e9 cette partie, m\u00eame si certes, il n\u2019y a pas le r\u00e9sultat escompt\u00e9, ont vu que l\u2019\u00e9tat d\u2019esprit\u00a0a \u00e9t\u00e9 irr\u00e9prochable. Tout le monde s\u2019est envoy\u00e9, on a vu \u00e9voluer une vraie \u00e9quipe et cela fait plaisir. Cela\u00a0met du baume au c\u0153ur et nous motive pour la suite. De toute fa\u00e7on, c\u2019est ce qu\u2019il va falloir faire pour gagner des matches et vite sortir de cette zone rouge.\u00a0\u00bb<\/p>\n<p>Brive monte en puissance<\/p>\n<p>Reste que face \u00e0 Brive ce ne sera pas facile. Les Brivistes font partie des grosses cylindr\u00e9es du championnat. Ils savent les H\u00e9raultais pas au mieux de leur forme et d\u00e9barquent dans l\u2019intention d\u2019enfoncer le clou. D\u2019autant qu\u2019ils ont eu un passage \u00e0 vide en octobre et qu\u2019ils sont en qu\u00eate de points pour grimper dans le wagon des qualifiables. David Irazoqui se\u00a0m\u00e9fie d\u2019ailleurs de ces Limousins qui montent en puissance et sont particuli\u00e8rement solides sur \u00ab\u00a0les mauls port\u00e9s, l\u2019occupation du terrain, assure l\u2019entra\u00eeneur. Nous en avons beaucoup parl\u00e9 cette semaine. Nous allons avoir un sacr\u00e9 d\u00e9fi \u00e0 relever, en particulier devant. \u00c0 nous \u00e0 mettre en place ce que nous avons boss\u00e9 cette semaine, \u00e0 impulser l\u2019\u00e9nergie n\u00e9cessaire pour pouvoir les contrer. Mais aussi de\u00a0jouer notre rugby quand nous aurons\u00a0le ballon en notre possession.\u00a0\u00bb<\/p>\n<p>La discipline sera aussi au centre de ce d\u00e9bat qui s\u2019annonce plut\u00f4t muscl\u00e9. Un secteur o\u00f9 B\u00e9ziers doit \u00ab\u00a0trouver maintenant le bon \u00e9quilibre entre l\u2019engagement et le respect de la r\u00e8gle\u00a0\u00bb, pr\u00e9vient David Irazoqui qui sait tr\u00e8s bien que la moindre approximation se payera cash face aux Brivistes. Avec, dans le viseur de l\u2019ASBH, une victoire qui lui permettrait de s\u2019\u00e9loigner de la zone de rel\u00e9gation vers laquelle elle glisse\u00a0dangereusement.<\/p>\n<p>Pour ce duel face \u00e0 Brive, B\u00e9ziers pourra compter sur le retour de son troisi\u00e8me ligne Cl\u00e9ment Doumenc. En revanche, suspendu Sias Koen ne sera pas de la partie. Lib\u00e9r\u00e9 temporairement de sa s\u00e9lection du Portugal, Samuel Marques sera aussi titulaire.<br \/><strong>B\u00e9ziers\u00a0<\/strong>: Koevort- Couraud, Plazy, Recor, Tuimaba- (o) Anon- (m) Marques- Ancely, Pauta, Doumenc- Eru, Dodson- Judge, Boulassel, El Maslouhi.<br \/>Rempla\u00e7ants\u00a0: Lalev\u00e9e, Arroyo, Gayraud, Jaillon, Dreuille, Vassalo, Abescat, Fincham.<br \/><strong>Brive\u00a0:<\/strong> Tisseron- Tuivuaka, Tapuai, Krone, Z\u00e9non- (o) Shillcock- (m) Galthi\u00e9- Marais, Sadrugu, Maximin- Mikautadze, Ricard- Van Der Merwe, Da Silva, Abdaladze.<br \/>Rempla\u00e7ants\u00a0: Boudou, Reilhes, Herbst, Malaterre, Coletta, Sidobre, Bosch, Affane.<\/p>\n","protected":false},"excerpt":{"rendered":"Face \u00e0 une solide \u00e9quipe de Brive, ce vendredi 14\u00a0novembre (21\u00a0h, au stade Raoul-Barri\u00e8re), B\u00e9ziers comptera sur son&hellip;\n","protected":false},"author":2,"featured_media":532433,"comment_status":"","ping_status":"","sticky":false,"template":"","format":"standard","meta":{"footnotes":""},"categories":[1416],"tags":[1011,27,479,1468,60],"class_list":{"0":"post-532432","1":"post","2":"type-post","3":"status-publish","4":"format-standard","5":"has-post-thumbnail","7":"category-rugby","8":"tag-fr","9":"tag-france","10":"tag-rugby","11":"tag-rugby-football","12":"tag-sports"},"share_on_mastodon":{"url":"https:\/\/pubeurope.com\/@fr\/115545070980619611","error":""},"_links":{"self":[{"href":"https:\/\/www.europesays.com\/fr\/wp-json\/wp\/v2\/posts\/532432","targetHints":{"allow":["GET"]}}],"collection":[{"href":"https:\/\/www.europesays.com\/fr\/wp-json\/wp\/v2\/posts"}],"about":[{"href":"https:\/\/www.europesays.com\/fr\/wp-json\/wp\/v2\/types\/post"}],"author":[{"embeddable":true,"href":"https:\/\/www.europesays.com\/fr\/wp-json\/wp\/v2\/users\/2"}],"replies":[{"embeddable":true,"href":"https:\/\/www.europesays.com\/fr\/wp-json\/wp\/v2\/comments?post=532432"}],"version-history":[{"count":0,"href":"https:\/\/www.europesays.com\/fr\/wp-json\/wp\/v2\/posts\/532432\/revisions"}],"wp:featuredmedia":[{"embeddable":true,"href":"https:\/\/www.europesays.com\/fr\/wp-json\/wp\/v2\/media\/532433"}],"wp:attachment":[{"href":"https:\/\/www.europesays.com\/fr\/wp-json\/wp\/v2\/media?parent=532432"}],"wp:term":[{"taxonomy":"category","embeddable":true,"href":"https:\/\/www.europesays.com\/fr\/wp-json\/wp\/v2\/categories?post=532432"},{"taxonomy":"post_tag","embeddable":true,"href":"https:\/\/www.europesays.com\/fr\/wp-json\/wp\/v2\/tags?post=532432"}],"curies":[{"name":"wp","href":"https:\/\/api.w.org\/{rel}","templated":true}]}}