{"id":532436,"date":"2025-11-13T23:54:17","date_gmt":"2025-11-13T23:54:17","guid":{"rendered":"https:\/\/www.europesays.com\/fr\/532436\/"},"modified":"2025-11-13T23:54:17","modified_gmt":"2025-11-13T23:54:17","slug":"cc-coupe-de-france-quelneuc-elite-u23-femmes-2-les-engagees-actualite","status":"publish","type":"post","link":"https:\/\/www.europesays.com\/fr\/532436\/","title":{"rendered":"CC &#8211; Coupe de France &#8211; Quelneuc &#8211; \u00c9lite &#038; U23 Femmes #2 : Les engag\u00e9es &#8211; Actualit\u00e9"},"content":{"rendered":"<p>                                                                    <img decoding=\"async\" src=\"https:\/\/www.europesays.com\/fr\/wp-content\/uploads\/2025\/11\/69130c3cad1e4.jpg\" height=\"auto\" loading=\"lazy\"\/><\/p>\n<p class=\"metadata\">\n            Par<br \/>\n        <strong class=\"text-black\">    <a href=\"https:\/\/www.directvelo.com\/auteur\/3\/frederic-gachet\" class=\"hover-underline\" rel=\"author noopener\" target=\"_blank\">FR\u00c9D\u00c9RIC GACHET<\/a><br \/>\n<\/strong><br \/>\n                    <br \/>Le<br \/>\n    13 novembre 2025, 18:42<\/p>\n<p style=\"text-align: justify;\">La quatri\u00e8me manche de la Coupe de France \u00c9lite &amp; U23 Femmes de cyclo-cross se dispute ce dimanche 16 novembre \u00e0 Quelneuc-Carentoir (Morbihan). Le d\u00e9part sera donn\u00e9 \u00e0 14h05, pour une dur\u00e9e d&rsquo;environ 50&prime;. La course sera \u00e0 suivre en direct sur DirectVelo. Retrouvez ci-dessous la liste des engag\u00e9es. Toutes les informations <strong><a href=\"https:\/\/cdn.directvelo.com\/uploads\/racing\/races\/691311e82420c.pdf\" target=\"_blank\" rel=\"noopener\">en cliquant ici<\/a><\/strong>.<\/p>\n<p><strong>La liste des engag\u00e9es :<\/strong><br \/>1 FOUQUENET Amandine ARKEA &#8211; B&amp;B HOTELS WOMEN<br \/>2 MULLER Amandine AS BIKE RACING \/ FRANCE LITERIE<br \/>3 VIDON Amandine VELO CLUB D&rsquo;AMBERIEU<br \/>4 MORICHON Ana\u00efs TEAM GUEVEL ROADBORN<br \/>5 KLAES Lise U.V.C.A TROYES<br \/>6 MOULIN Ana\u00efs U.C. ALBENASSIENNE<br \/>7 DEVIGNE Camille EC WAMBRECHIES MARQUETTE LILLE<br \/>8 VALADE Alexandra VC ELANCOURT ST QUENTIN EN YVELINES TEAM VOUSSERT<br \/>9 JOUAULT Ambre CC VITREEN<br \/>10 RIGAUX Aliz\u00e9e TEAM SPRINT ENERGY<br \/>11 MOISSONNIER Marie LYON SPRINT EVOLUTION<br \/>12 BONNIN No\u00e9mie US VERN CYCLISME<br \/>13 CORABOEUF L\u00e9a AC LANESTER 56<br \/>14 WEINGARTEN Audrey TEAM CX CHARTRES<br \/>15 LE BRAS Justine VC ELANCOURT ST QUENTIN EN YVELINES TEAM VOUSSERT<br \/>16 LISABOIS Lola CYCLO CLUB DU MADIRANAIS<br \/>17 ROGER Hugoline BRIOUZE CYCLISME COMPETITION<br \/>18 DESPREZ Lison ACT CYCLING<br \/>19 ALMANSA Carla TEAM CROSS TECHNO CONCEPT URBALOC<br \/>20 LALANNE Johanna TEAM CROSS TECHNO CONCEPT URBALOC<br \/>21 LIBOREAU Manon TEAM CROSS TECHNO CONCEPT URBALOC<br \/>22 VERDIER Juliette TEAM CX CHARTRES<br \/>23 GARNIER No\u00e9mie TEAM GUEVEL ROADBORN<br \/>24 TRITZ Mathilde C.S. CHAMONIX VTT<br \/>25 MENANT Yulizh EC LANDERNEAU<br \/>26 YANNIC Tifenn EC LANDERNEAU<br \/>27 POTTIER Camille VC DE L&rsquo;EVRON COETMIEUX<br \/>28 LE COUEDIC HENIN No\u00e9mie VC PAYS DE LOUDEAC<br \/>29 FAVREAU Pauline US ST PIERRE DES CORPS<br \/>30 REHM Coralie UC HAGUENAU CYCLO-CROSS<br \/>31 REYNIER Romane U.V.C.A TROYES<br \/>32 LANDRIN ZEBERT Flavie VC COMMUNAUTAIRE HETTANGE<br \/>33 ADAM Lucie CC VILLENEUVE ST GERMAIN SOISSONS AISNE<br \/>34 HURTELOUP Ad\u00e8le RETZ BIKE CLUB<br \/>35 GAFFE Cassandra PARISIS A.C. 95<br \/>36 PORLIER Roxanne PARISIS A.C. 95<br \/>37 BERGHEAUD Ma\u00eblys TEAM CYCLISTE LINAS MONTLHERY<br \/>38 CHESNEAU Romane VC ELANCOURT ST QUENTIN EN YVELINES TEAM VOUSSERT<br \/>39 BONNELLIER CARON Elsa AS TREPORT CYCLISME<br \/>40 BRAMOULLE Manon UC ALENCON DAMIGNY<br \/>41 BRAMOULLE Pauline UC ALENCON DAMIGNY<br \/>42 FROUARD Diane CC MARMANDAIS<br \/>43 MORICEAU Clarisse DURTAL VELO SPORT<br \/>44 LECOQ Aliz\u00e9a LE MANS SARTHE VELO<br \/>45 TOUFFET Elodie VC CHALLANDAIS<\/p>\n","protected":false},"excerpt":{"rendered":"Par FR\u00c9D\u00c9RIC GACHET Le 13 novembre 2025, 18:42 La quatri\u00e8me manche de la Coupe de France \u00c9lite &amp;&hellip;\n","protected":false},"author":2,"featured_media":532437,"comment_status":"","ping_status":"","sticky":false,"template":"","format":"standard","meta":{"footnotes":""},"categories":[1411],"tags":[834,828,836,829,837,827,83,826,824,823,1154,207,814,817,815,816,822,821,832,211,839,1011,27,820,818,819,835,831,830,833,838,60,212,208,825],"class_list":{"0":"post-532436","1":"post","2":"type-post","3":"status-publish","4":"format-standard","5":"has-post-thumbnail","7":"category-cyclisme","8":"tag-attaque","9":"tag-belgique","10":"tag-braquet","11":"tag-bretagne","12":"tag-chute","13":"tag-competition","14":"tag-coupe-de-france","15":"tag-coureur","16":"tag-course-cyclisme","17":"tag-course-cycliste","18":"tag-cycling","19":"tag-cyclisme","20":"tag-direct","21":"tag-direct-velo","22":"tag-directvelo","23":"tag-directvelo-com","24":"tag-epreuve","25":"tag-epreuve-cycliste","26":"tag-federation-francaise-de-cyclisme","27":"tag-ffc","28":"tag-flandres","29":"tag-fr","30":"tag-france","31":"tag-live","32":"tag-live-course","33":"tag-live-epreuve","34":"tag-peloton","35":"tag-radio-peloton","36":"tag-radio-tour","37":"tag-ravitaillement","38":"tag-relance","39":"tag-sports","40":"tag-uci","41":"tag-velo","42":"tag-velos"},"share_on_mastodon":{"url":"https:\/\/pubeurope.com\/@fr\/115545091538200317","error":""},"_links":{"self":[{"href":"https:\/\/www.europesays.com\/fr\/wp-json\/wp\/v2\/posts\/532436","targetHints":{"allow":["GET"]}}],"collection":[{"href":"https:\/\/www.europesays.com\/fr\/wp-json\/wp\/v2\/posts"}],"about":[{"href":"https:\/\/www.europesays.com\/fr\/wp-json\/wp\/v2\/types\/post"}],"author":[{"embeddable":true,"href":"https:\/\/www.europesays.com\/fr\/wp-json\/wp\/v2\/users\/2"}],"replies":[{"embeddable":true,"href":"https:\/\/www.europesays.com\/fr\/wp-json\/wp\/v2\/comments?post=532436"}],"version-history":[{"count":0,"href":"https:\/\/www.europesays.com\/fr\/wp-json\/wp\/v2\/posts\/532436\/revisions"}],"wp:featuredmedia":[{"embeddable":true,"href":"https:\/\/www.europesays.com\/fr\/wp-json\/wp\/v2\/media\/532437"}],"wp:attachment":[{"href":"https:\/\/www.europesays.com\/fr\/wp-json\/wp\/v2\/media?parent=532436"}],"wp:term":[{"taxonomy":"category","embeddable":true,"href":"https:\/\/www.europesays.com\/fr\/wp-json\/wp\/v2\/categories?post=532436"},{"taxonomy":"post_tag","embeddable":true,"href":"https:\/\/www.europesays.com\/fr\/wp-json\/wp\/v2\/tags?post=532436"}],"curies":[{"name":"wp","href":"https:\/\/api.w.org\/{rel}","templated":true}]}}