{"id":532442,"date":"2025-11-13T23:57:12","date_gmt":"2025-11-13T23:57:12","guid":{"rendered":"https:\/\/www.europesays.com\/fr\/532442\/"},"modified":"2025-11-13T23:57:12","modified_gmt":"2025-11-13T23:57:12","slug":"les-tendances-deco-2025-minimalisme-chaleureux-lumiere-naturelle-et-materiaux-nobles-pour-un-salon-moderne-et-apaise","status":"publish","type":"post","link":"https:\/\/www.europesays.com\/fr\/532442\/","title":{"rendered":"Les tendances d\u00e9co 2025 : minimalisme chaleureux, lumi\u00e8re naturelle et mat\u00e9riaux nobles pour un salon moderne et apais\u00e9"},"content":{"rendered":"<p itemprop=\"description\">En 2025, les salons modernes s&rsquo;ouvrent \u00e0<br \/>\nla lumi\u00e8re naturelle avec des voilages en lin et des stores screen.<br \/>\nD\u00e9couvrez comment ces \u00e9l\u00e9ments transforment votre espace.<\/p>\n<p>Et si la modernit\u00e9 ne se voyait plus dans l\u2019accumulation, mais<br \/>\ndans la fa\u00e7on dont un salon capte la lumi\u00e8re ? Les espaces de vie<br \/>\nont gagn\u00e9 en respiration, avec des mati\u00e8res plus franches, des<br \/>\nsurfaces calmes et des d\u00e9tails qui comptent. Bois clair, textures<br \/>\ntactiles et teintes feutr\u00e9es remplacent l\u2019effet spectaculaire<br \/>\nimm\u00e9diat. 2025 prolonge ce mouvement orient\u00e9 confort et<br \/>\nperception.<\/p>\n<p>Dans ce glissement, les ouvertures prennent la vedette. Les<br \/>\nrideaux \u00e9pais reculent, les textiles l\u00e9gers montent, la palette<br \/>\ns\u2019adoucit, les formes se courbent. On parle de minimalisme<br \/>\nchaleureux et de mat\u00e9riaux nobles au service du quotidien. Le vrai<br \/>\nchangement se joue devant les fen\u00eatres.<\/p>\n<p>Tendances d\u00e9coration int\u00e9rieure 2025 : chaleur douce, lignes<br \/>\napais\u00e9es<\/p>\n<p>Les <strong>tendances d\u00e9coration int\u00e9rieure 2025<\/strong><br \/>\nprivil\u00e9gient un fond naturel et r\u00e9confortant. Bruns moka, beiges<br \/>\nsable et ocres posent une base enveloppante sur laquelle verts<br \/>\nsauge et bleus gris\u00e9s calment le regard. Ce nuancier terreux se<br \/>\nmarie volontiers \u00e0 des veinages de bois et quelques touches<br \/>\nmin\u00e9rales discr\u00e8tes. Le message est clair : installer une ambiance<br \/>\npos\u00e9e, durable, lisible.<\/p>\n<p>Les volumes gagnent en souplesse. Canap\u00e9s arrondis, tables<br \/>\novales, lampes sph\u00e9riques et motifs adoucis composent un d\u00e9cor<br \/>\norganique. Les fibres v\u00e9g\u00e9tales, le lin lav\u00e9 et les pi\u00e8ces<br \/>\nartisanales apportent du grain sans surcharger. L\u2019\u00e9l\u00e9gance tient \u00e0<br \/>\npeu de choses, mais des choses bien choisies.<\/p>\n<p>Salon moderne : mati\u00e8res, formes et gestes qui changent<br \/>\ntout<\/p>\n<p>Le <strong>salon moderne<\/strong> place le confort et la<br \/>\ncirculation au premier plan. Assises g\u00e9n\u00e9reuses mais a\u00e9riennes,<br \/>\ntapis tiss\u00e9s \u00e0 plat, bois huil\u00e9s plut\u00f4t que brillants facilitent la<br \/>\ncirculation visuelement. Des rangements modulaires lib\u00e8rent les<br \/>\nmurs et donnent du souffle au sol. Un miroir soigneusement<br \/>\npositionn\u00e9 capte la clart\u00e9 et \u00e9tire la pi\u00e8ce sans la dominer.<\/p>\n<p>Pour garder la main, on r\u00e9duit les silhouettes et on s\u00e9lectionne<br \/>\ndes pi\u00e8ces \u00e0 forte pr\u00e9sence sensorielle. Un plateau en travertin,<br \/>\nun plaid en laine boucl\u00e9e, une poterie tourn\u00e9e main suffisent \u00e0<br \/>\nanimer l\u2019ensemble. C\u00f4t\u00e9 technique, prises dissimul\u00e9es et \u00e9clairages<br \/>\ndimmables accompagnent la sc\u00e8ne. L\u2019\u00e9quilibre se fait entre fonction<br \/>\net douceur.<\/p>\n<p>Lumi\u00e8re naturelle : voilages en lin,<br \/>\nstores screen et rails encastr\u00e9s<\/p>\n<p>Les rideaux lourds laissent place \u00e0 des <strong>voilages en<br \/>\nlin<\/strong> ou \u00e0 des <strong>stores screen<\/strong> pour maximiser<br \/>\nla clart\u00e9 et l\u2019amplitude per\u00e7ue. Le lin, 100 % naturel et<br \/>\nbiod\u00e9gradable, filtre sans bloquer, r\u00e9gule l\u2019air et la temp\u00e9rature,<br \/>\nr\u00e9siste mieux \u00e0 la d\u00e9coloration et offre un tomb\u00e9 \u00e9l\u00e9gant et relax.<br \/>\nEn blanc, ivoire, sable ou gris clair, il renforce la luminosit\u00e9,<br \/>\nsurtout avec des murs clairs ou un parquet.<\/p>\n<ul>\n<li>Poser les rideaux du plafond jusqu\u2019au sol pour gagner en<br \/>\nhauteur per\u00e7ue.<\/li>\n<li>Privil\u00e9gier des rails encastr\u00e9s ou tr\u00e8s discrets, sans barres<br \/>\nvolumineuses.<\/li>\n<li>Mixer voilage l\u00e9ger et enrouleur occultant selon l\u2019orientation<br \/>\net le vis-\u00e0-vis.<\/li>\n<li>Garder une palette claire et naturelle pour booster la<br \/>\nlumi\u00e8re.<\/li>\n<\/ul>\n<p>Les stores screen, en PVC m\u00eal\u00e9 \u00e0 de la fibre de verre ou du<br \/>\npolyester, offrent une trame microperfor\u00e9e pour voir dehors tout en<br \/>\npr\u00e9servant l\u2019intimit\u00e9. Ils filtrent jusqu\u2019\u00e0 <strong>95 % des rayons<br \/>\nUV<\/strong>, r\u00e9duisent la chaleur et l\u2019usage de la climatisation,<br \/>\nse lavent facilement, sont ignifuges et demandent peu d\u2019entretien.<br \/>\nCompatibles avec enrouleurs, panneaux coulissants et syst\u00e8mes<br \/>\nmotoris\u00e9s, ils donnent un rendu net et contemporain. En ajustant la<br \/>\ndensit\u00e9 du tissu et la pose sur rails discrets, on calibre finement<br \/>\nle confort tout au long de la journ\u00e9e.<\/p>\n","protected":false},"excerpt":{"rendered":"En 2025, les salons modernes s&rsquo;ouvrent \u00e0 la lumi\u00e8re naturelle avec des voilages en lin et des stores&hellip;\n","protected":false},"author":2,"featured_media":532443,"comment_status":"","ping_status":"","sticky":false,"template":"","format":"standard","meta":{"footnotes":""},"categories":[1358],"tags":[1348,1384,1385,8117,1386,58,59,1011,27,16978,15926,6290,8551],"class_list":{"0":"post-532442","1":"post","2":"type-post","3":"status-publish","4":"format-standard","5":"has-post-thumbnail","7":"category-arts-et-design","8":"tag-arts","9":"tag-arts-and-design","10":"tag-arts-et-design","11":"tag-deco","12":"tag-design","13":"tag-divertissement","14":"tag-entertainment","15":"tag-fr","16":"tag-france","17":"tag-interieur","18":"tag-lumiere","19":"tag-salon","20":"tag-tendance"},"share_on_mastodon":{"url":"https:\/\/pubeurope.com\/@fr\/115545102316238403","error":""},"_links":{"self":[{"href":"https:\/\/www.europesays.com\/fr\/wp-json\/wp\/v2\/posts\/532442","targetHints":{"allow":["GET"]}}],"collection":[{"href":"https:\/\/www.europesays.com\/fr\/wp-json\/wp\/v2\/posts"}],"about":[{"href":"https:\/\/www.europesays.com\/fr\/wp-json\/wp\/v2\/types\/post"}],"author":[{"embeddable":true,"href":"https:\/\/www.europesays.com\/fr\/wp-json\/wp\/v2\/users\/2"}],"replies":[{"embeddable":true,"href":"https:\/\/www.europesays.com\/fr\/wp-json\/wp\/v2\/comments?post=532442"}],"version-history":[{"count":0,"href":"https:\/\/www.europesays.com\/fr\/wp-json\/wp\/v2\/posts\/532442\/revisions"}],"wp:featuredmedia":[{"embeddable":true,"href":"https:\/\/www.europesays.com\/fr\/wp-json\/wp\/v2\/media\/532443"}],"wp:attachment":[{"href":"https:\/\/www.europesays.com\/fr\/wp-json\/wp\/v2\/media?parent=532442"}],"wp:term":[{"taxonomy":"category","embeddable":true,"href":"https:\/\/www.europesays.com\/fr\/wp-json\/wp\/v2\/categories?post=532442"},{"taxonomy":"post_tag","embeddable":true,"href":"https:\/\/www.europesays.com\/fr\/wp-json\/wp\/v2\/tags?post=532442"}],"curies":[{"name":"wp","href":"https:\/\/api.w.org\/{rel}","templated":true}]}}