{"id":532444,"date":"2025-11-13T23:59:18","date_gmt":"2025-11-13T23:59:18","guid":{"rendered":"https:\/\/www.europesays.com\/fr\/532444\/"},"modified":"2025-11-13T23:59:18","modified_gmt":"2025-11-13T23:59:18","slug":"leo-star-academy-vexe-apres-une-remarque-de-jeanne-et-theo-sur-sa-nouvelle-passion","status":"publish","type":"post","link":"https:\/\/www.europesays.com\/fr\/532444\/","title":{"rendered":"L\u00e9o (Star Academy) vex\u00e9 apr\u00e8s une remarque de Jeanne et Th\u00e9o sur sa nouvelle passion"},"content":{"rendered":"<p>Depuis le lancement de la treizi\u00e8me saison de la<a href=\"https:\/\/www.programme-tv.net\/news\/tv\/388521-star-academy-2025-date-de-diffusion-professeurs-casting-toutes-les-infos-sur-la-nouvelle-saison\/\" data-api-deeplink=\"teleloisirs:\/\/news\/388521\" target=\"_blank\" rel=\"noopener\"> Star Academy,<\/a> le ch\u00e2teau de Dammarie-l\u00e8s-Lys vit au rythme des \u00e9l\u00e8ves. Chant, danse, piano, guitare&#8230; Les acad\u00e9miciens s&rsquo;entra\u00eenent nuit et jour pour donner le meilleur d&rsquo;eux-m\u00eames lors des primes du t\u00e9l\u00e9crochet. Ce vendredi 14 novembre, <a href=\"https:\/\/www.programme-tv.net\/news\/tv\/391836-star-academy-2025-lucie-bernardoni-annonce-quel-eleve-a-ete-choisi-pour-chanter-avec-helena-au-zenith-d-angers-et-sera-absent-du-prime\/\" data-api-deeplink=\"teleloisirs:\/\/news\/391836\" target=\"_blank\" rel=\"noopener\">l&rsquo;\u00e9mission sera d&rsquo;ailleurs consacr\u00e9e aux anciens de la Star Academy <\/a>et la nouvelle promotion partagera la sc\u00e8ne \u00e0 leurs c\u00f4t\u00e9s. Mais depuis quelques jours, c&rsquo;est <a href=\"https:\/\/www.programme-tv.net\/news\/tv\/391797-je-ne-suis-plus-avec-ma-meuf-leo-star-academy-annonce-sa-rupture-avec-sa-petite-amie-et-devoile-les-raisons-de-sa-separation\/\" data-api-deeplink=\"teleloisirs:\/\/news\/391797\" target=\"_blank\" rel=\"noopener\">L\u00e9o<\/a> qui s&rsquo;est d\u00e9couvert une passion pour le piano, <a href=\"https:\/\/www.programme-tv.net\/news\/tv\/391907-on-est-tous-choques-leo-star-academy-jeanne-et-bastiaan-dans-l-incomprehension-apres-les-commentaires-des-professeurs-lors-des-evaluations\/\" data-api-deeplink=\"teleloisirs:\/\/news\/391907\" target=\"_blank\" rel=\"noopener\">initi\u00e9 par Jeanne, <\/a>et qui passe la plupart de son temps libre \u00e0 jouer de l&rsquo;instrument. La jeune chanteuse et ses camarades n&rsquo;ont pas manqu\u00e9 de le taquiner sur le sujet, dans le live diffus\u00e9 sur TF1+, ce jeudi 13 novembre.<\/p>\n<p>\u00ab\u00a0\u00c7a me so\u00fble\u00a0\u00bb : Jeanne (Star Academy) fait part de son regret d&rsquo;avoir appris \u00e0 jouer du piano \u00e0 L\u00e9o<\/p>\n<p>D\u00e8s le premier prime de la treizi\u00e8me saison, Jeanne s&rsquo;\u00e9tait pr\u00e9sent\u00e9e en interpr\u00e9tant sa propre composition au piano. Apr\u00e8s avoir appris que la maman de L\u00e9o \u00e9tait professeure de piano et qu&rsquo;il avait lui-m\u00eame fait quinze ans de solf\u00e8ge, la pianiste confirm\u00e9e s&rsquo;est lanc\u00e9e pour d\u00e9fi d&rsquo;apprendre \u00e0 jouer de l&rsquo;instrument \u00e0 son bin\u00f4me de l&rsquo;aventure. Mais depuis, il ne peut plus se passer du clavier, au grand regret de ses camarades. Ce jeudi soir, alors que l&rsquo;ensemble des \u00e9l\u00e8ves \u00e9tait r\u00e9uni dans la cuisine, L\u00e9o \u00e9tait toujours derri\u00e8re son piano : \u00ab\u00a0<b>\u00c7a me so\u00fble, je n\u2019aurais pas d\u00fb lui montrer les accords magiques\u00a0\u00bb<\/b><b>, s&rsquo;est amus\u00e9e Jeanne<\/b>. Apr\u00e8s le d\u00eener, les acad\u00e9miciens se sont r\u00e9unis dans le salon, o\u00f9 L\u00e9o a commenc\u00e9 \u00e0 jouer une chanson de Pierre Garnier : \u00ab\u00a0<b>J&rsquo;en peux plus, \u00e7a va lui passer, c&rsquo;est comme un cadeau \u00e0 No\u00ebl, il va l&rsquo;utiliser et apr\u00e8s il va revenir sur sa guitare.<\/b><b>\u00ab\u00a0, a lanc\u00e9 Th\u00e9o P. <\/b>Le chanteur a finalement l\u00e2ch\u00e9 le piano : \u00ab\u00a0\u00c7a les saoule parce que, comme j&rsquo;ai fait du piano plusieurs fois, ils sont en mode &lsquo;ils cassent les c**illes avec son piano&rsquo;.\u00a0\u00bb, a-t-il affirm\u00e9 en riant, avant de poursuivre : \u00ab\u00a0Mais j&rsquo;irai au foyer, ne vous inqui\u00e9tez pas\u00a0\u00bb. \u00ab\u00a0Non mais c&rsquo;est pas mal, c&rsquo;est chan-m\u00e9\u00a0\u00bb, l&rsquo;a rassur\u00e9 Ambre.<\/p>\n<p>                        Star Academy : L\u00e9o et Th\u00e9o L ont eu l&rsquo;occasion de s&rsquo;entretenir avec Ulysse<\/p>\n<p>Ce jeudi 13 novembre, L\u00e9o et Th\u00e9o L ont aussi eu l&rsquo;occasion de s&rsquo;entretenir avec <a href=\"https:\/\/www.programme-tv.net\/news\/tv\/391964-c-etait-un-supplice-ulysse-star-academy-de-retour-au-chateau-il-raconte-le-pire-souvenir-de-son-aventure-a-theo-et-leo\/\" data-api-deeplink=\"teleloisirs:\/\/news\/391964\" target=\"_blank\" rel=\"noopener\">Ulysse<\/a>, moins d&rsquo;un an apr\u00e8s son \u00e9limination de l&rsquo;\u00e9dition pr\u00e9c\u00e9dente. Les trois chanteurs ont \u00e9voqu\u00e9 les cours de danse : \u00ab\u00a0C&rsquo;\u00e9tait trop trop cool, juste, bah en fait je d\u00e9teste la danse, globalement. Moi les cours de danse, c&rsquo;\u00e9tait un supplice\u00a0\u00bb, a confi\u00e9 l&rsquo;interpr\u00e8te de Fou. Une information qui a surpris le nomm\u00e9 de la semaine : \u00ab\u00a0Moi c&rsquo;est pareil, j&rsquo;avais peur et au final je kiffe de ouf\u00a0\u00bb, a r\u00e9pondu Th\u00e9o P.<\/p>\n","protected":false},"excerpt":{"rendered":"Depuis le lancement de la treizi\u00e8me saison de la Star Academy, le ch\u00e2teau de Dammarie-l\u00e8s-Lys vit au rythme&hellip;\n","protected":false},"author":2,"featured_media":532445,"comment_status":"","ping_status":"","sticky":false,"template":"","format":"standard","meta":{"footnotes":""},"categories":[1356],"tags":[244,58,59,1011,27,65234,64696,64698,64694,64695,65233,5095,64699,64697,252,199,2175,1364],"class_list":{"0":"post-532444","1":"post","2":"type-post","3":"status-publish","4":"format-standard","5":"has-post-thumbnail","7":"category-television","8":"tag-commentaire","9":"tag-divertissement","10":"tag-entertainment","11":"tag-fr","12":"tag-france","13":"tag-jeanne-star-academy-2025","14":"tag-la-quotidienne-25112022-173000-tf1","15":"tag-la-quotidienne-su00e9rie-52118294","16":"tag-la-quotidienne-1100832954","17":"tag-la-quotidienne-1100860641","18":"tag-lu00e9o-star-academy-2025","19":"tag-star-academy","20":"tag-star-academy-le-prime-9790195","21":"tag-star-academy-1100807804","22":"tag-television","23":"tag-tf1","24":"tag-tl-story","25":"tag-tv"},"share_on_mastodon":{"url":"https:\/\/pubeurope.com\/@fr\/115545110254561995","error":""},"_links":{"self":[{"href":"https:\/\/www.europesays.com\/fr\/wp-json\/wp\/v2\/posts\/532444","targetHints":{"allow":["GET"]}}],"collection":[{"href":"https:\/\/www.europesays.com\/fr\/wp-json\/wp\/v2\/posts"}],"about":[{"href":"https:\/\/www.europesays.com\/fr\/wp-json\/wp\/v2\/types\/post"}],"author":[{"embeddable":true,"href":"https:\/\/www.europesays.com\/fr\/wp-json\/wp\/v2\/users\/2"}],"replies":[{"embeddable":true,"href":"https:\/\/www.europesays.com\/fr\/wp-json\/wp\/v2\/comments?post=532444"}],"version-history":[{"count":0,"href":"https:\/\/www.europesays.com\/fr\/wp-json\/wp\/v2\/posts\/532444\/revisions"}],"wp:featuredmedia":[{"embeddable":true,"href":"https:\/\/www.europesays.com\/fr\/wp-json\/wp\/v2\/media\/532445"}],"wp:attachment":[{"href":"https:\/\/www.europesays.com\/fr\/wp-json\/wp\/v2\/media?parent=532444"}],"wp:term":[{"taxonomy":"category","embeddable":true,"href":"https:\/\/www.europesays.com\/fr\/wp-json\/wp\/v2\/categories?post=532444"},{"taxonomy":"post_tag","embeddable":true,"href":"https:\/\/www.europesays.com\/fr\/wp-json\/wp\/v2\/tags?post=532444"}],"curies":[{"name":"wp","href":"https:\/\/api.w.org\/{rel}","templated":true}]}}