{"id":532446,"date":"2025-11-14T00:00:24","date_gmt":"2025-11-14T00:00:24","guid":{"rendered":"https:\/\/www.europesays.com\/fr\/532446\/"},"modified":"2025-11-14T00:00:24","modified_gmt":"2025-11-14T00:00:24","slug":"des-degradations-inadmissibles-pointees-par-des-habitants-de-nanterre","status":"publish","type":"post","link":"https:\/\/www.europesays.com\/fr\/532446\/","title":{"rendered":"des \u00ab\u00a0d\u00e9gradations inadmissibles\u00a0\u00bb point\u00e9es par des habitants de Nanterre"},"content":{"rendered":"<p class=\"app_entry_lead\">\n<p>                    <a title=\"\u00a0\u00a9\u00a0SYSPEO\/SIPA (publi\u00e9e le 13\/11\/2025)\" href=\"https:\/\/www.europesays.com\/fr\/wp-content\/uploads\/2025\/11\/82684911.jpg\" class=\"fancy\"><\/p>\n<p>                            <img loading=\"lazy\" decoding=\"async\" src=\"https:\/\/www.europesays.com\/fr\/wp-content\/uploads\/2025\/11\/82684911.jpg\" alt=\"Un clip de Gims fait pol\u00e9mique\u00a0: des &quot;d\u00e9gradations inadmissibles&quot; point\u00e9es par des habitants de Nanterre\" width=\"1500\" height=\"1000\"\/><\/p>\n<p>                    <\/a><\/p>\n<p>                Le tournage du prochain clip du rappeur Gims a laiss\u00e9 un go\u00fbt amer aux habitants de la tour 19\u00a0du quartier Pablo-Picasso \u00e0 Nanterre.<\/p>\n<p>Les habitants de la cit\u00e9 Pablo-Picasso \u00e0 Nanterre ne sont pas pr\u00eats d&rsquo;oublier le passage du rappeur Gims dans leur quartier. Alors que les tours Aillaud, ou tours Nuages, ont permis au quartier d&rsquo;\u00eatre class\u00e9 au patrimoine mondial de l&rsquo;Unesco, les habitants sont habitu\u00e9s \u00e0 voir leurs immeubles utilis\u00e9s pour servir de d\u00e9cors \u00e0 des films, des s\u00e9ries et des clips. Mais apr\u00e8s le tournage d&rsquo;un clip de Gims dimanche 9 novembre, la col\u00e8re se fait sentir.<\/p>\n<p>Plusieurs habitants pointent des \u00ab\u00a0d\u00e9gradations inadmissibles\u00a0\u00bb et divers \u00ab\u00a0d\u00e9sagr\u00e9ments\u00a0\u00bb, dont des \u00ab\u00a0nuisances sonores nocturnes\u00a0\u00bb. Dans un communiqu\u00e9 dont <a href=\"https:\/\/www.bfmtv.com\/people\/musique\/gims-n-est-pas-au-dessus-des-lois-le-tournage-d-un-clip-du-chanteur-a-la-cite-pablo-picasso-de-nanterre-fache-les-riverains_AN-202511130442.html\" target=\"_blank\" rel=\"noopener\">BFMTV<\/a>\u00a0se fait notamment l&rsquo;\u00e9cho, la Conf\u00e9d\u00e9ration nationale du logement Avignon des Hauts-de-Seine regrette un \u00ab\u00a0manque de consid\u00e9ration et de respect\u00a0\u00bb des \u00e9quipes de tournage. \u00ab\u00a0En plus des bruits de la musique, nous avons subi en pleine nuit jusqu&rsquo;\u00e0 plus de minuit des bruits stridents de d\u00e9rapages de voitures\u00a0\u00bb, d\u00e9plorent certains riverains selon qui l&rsquo;artiste n&rsquo;avait pas d&rsquo;autorisation pour tourner sur place.<\/p>\n<p>\u00ab\u00a0On a eu le sentiment de ne pas \u00eatre respect\u00e9s\u00a0\u00bb<\/p>\n<p>Les riverains affirment ne pas avoir \u00e9t\u00e9 avertis en amont, ni les jours pr\u00e9c\u00e9dents le tournage ni m\u00eame les heures. Mis devant le fait accompli \u00e0 23 heures, Fathia, figure associative du quartier, explique au\u00a0Parisien\u00a0: \u00ab\u00a0J&rsquo;ai jet\u00e9 un \u0153il \u00e0 la fen\u00eatre, j&rsquo;ai vu les figurants, les voitures de sport et les barils en flammes et j&rsquo;ai compris qu&rsquo;il s&rsquo;agissait d&rsquo;un clip de rap. On aime voir ce genre d&rsquo;\u00e9v\u00e9nement ici mais, l\u00e0, on a eu le sentiment de ne pas \u00eatre respect\u00e9s.\u00a0\u00bb Au Parisien, la Ville de Nanterre confirme ne pas avoir \u00e9t\u00e9 sollicit\u00e9e et s&rsquo;interroge \u00ab\u00a0si la soci\u00e9t\u00e9 de production de\u00a0Gims\u00a0s&rsquo;affranchit de ces r\u00e8gles dans toutes les communes o\u00f9 elle r\u00e9alise les clips de l&rsquo;artiste ou si cela est r\u00e9serv\u00e9 aux quartiers populaires comme la cit\u00e9 Pablo-Picasso \u00e0 Nanterre\u00a0\u00bb.<\/p>\n<p>Outre le bruit, des traces de freinage sur la dalle de la cit\u00e9 ont pu \u00eatre constat\u00e9es apr\u00e8s le d\u00e9part de l&rsquo;\u00e9quipe de tournage. Des barils ayant servi \u00e0 faire du feu ont \u00e9galement \u00e9t\u00e9 retrouv\u00e9s abandonn\u00e9s sur place. Pire encore, le collectif affirme que les habitants de la Tour 19 ont \u00e9t\u00e9 priv\u00e9s d&rsquo;\u00e9lectricit\u00e9. \u00ab\u00a0Pour les besoins du tournage, les \u00e9quipes du chanteur se sont permis de d\u00e9brancher l&rsquo;ensemble des ampoules du hall d&rsquo;entr\u00e9e de notre Tour 19\u00a0Avignon\u00a0\u00bb, ce qui a \u00ab\u00a0engendr\u00e9 l&rsquo;intervention d&rsquo;un technicien en urgence le lendemain, lundi 10\u00a0novembre, et a plong\u00e9 les habitants dans le noir jusqu&rsquo;\u00e0 17h\u00a0\u00bb.<\/p>\n<p>D\u00e9plorant les faits de \u00ab\u00a0personnes d\u00e9connect\u00e9es de la r\u00e9alit\u00e9\u00a0\u00bb, les riverains estiment que \u00ab\u00a0Gims n&rsquo;est pas au-dessus des lois\u00a0\u00bb et qu&rsquo;ils n&rsquo;ont \u00ab\u00a0pas \u00e0 subir des d\u00e9gradations pour les besoins d&rsquo;un clip\u00a0\u00bb. Aupr\u00e8s du\u00a0Parisien, les habitants proposent toutefois une porte de sortie \u00e0 Gims, confiant qu&rsquo;ils ne seraient pas contre une venue de l&rsquo;artiste, cette fois-ci en plein jour, pour une s\u00e9ance de d\u00e9dicaces. \u00ab\u00a0Il nous doit bien \u00e7a. [&#8230;] On l&rsquo;attend.\u00a0\u00bb<\/p>\n","protected":false},"excerpt":{"rendered":"Le tournage du prochain clip du rappeur Gims a laiss\u00e9 un go\u00fbt amer aux habitants de la tour&hellip;\n","protected":false},"author":2,"featured_media":532447,"comment_status":"","ping_status":"","sticky":false,"template":"","format":"standard","meta":{"footnotes":""},"categories":[1355],"tags":[65235,51761,58,59,118,51763,1011,27,1361,873,51767],"class_list":{"0":"post-532446","1":"post","2":"type-post","3":"status-publish","4":"format-standard","5":"has-post-thumbnail","7":"category-musique","8":"tag-cms-linternaute-9228263","9":"tag-controller-content","10":"tag-divertissement","11":"tag-entertainment","12":"tag-faits-divers","13":"tag-format-papier","14":"tag-fr","15":"tag-france","16":"tag-music","17":"tag-musique","18":"tag-parallaxeinfeed"},"share_on_mastodon":{"url":"https:\/\/pubeurope.com\/@fr\/115545115038366248","error":""},"_links":{"self":[{"href":"https:\/\/www.europesays.com\/fr\/wp-json\/wp\/v2\/posts\/532446","targetHints":{"allow":["GET"]}}],"collection":[{"href":"https:\/\/www.europesays.com\/fr\/wp-json\/wp\/v2\/posts"}],"about":[{"href":"https:\/\/www.europesays.com\/fr\/wp-json\/wp\/v2\/types\/post"}],"author":[{"embeddable":true,"href":"https:\/\/www.europesays.com\/fr\/wp-json\/wp\/v2\/users\/2"}],"replies":[{"embeddable":true,"href":"https:\/\/www.europesays.com\/fr\/wp-json\/wp\/v2\/comments?post=532446"}],"version-history":[{"count":0,"href":"https:\/\/www.europesays.com\/fr\/wp-json\/wp\/v2\/posts\/532446\/revisions"}],"wp:featuredmedia":[{"embeddable":true,"href":"https:\/\/www.europesays.com\/fr\/wp-json\/wp\/v2\/media\/532447"}],"wp:attachment":[{"href":"https:\/\/www.europesays.com\/fr\/wp-json\/wp\/v2\/media?parent=532446"}],"wp:term":[{"taxonomy":"category","embeddable":true,"href":"https:\/\/www.europesays.com\/fr\/wp-json\/wp\/v2\/categories?post=532446"},{"taxonomy":"post_tag","embeddable":true,"href":"https:\/\/www.europesays.com\/fr\/wp-json\/wp\/v2\/tags?post=532446"}],"curies":[{"name":"wp","href":"https:\/\/api.w.org\/{rel}","templated":true}]}}