{"id":532448,"date":"2025-11-14T00:02:22","date_gmt":"2025-11-14T00:02:22","guid":{"rendered":"https:\/\/www.europesays.com\/fr\/532448\/"},"modified":"2025-11-14T00:02:22","modified_gmt":"2025-11-14T00:02:22","slug":"a-la-tele-ce-soir-ce-film-a-la-beaute-elegiaque-evoquant-la-persistance-du-deuil-et-les-plaies-du-13-novembre","status":"publish","type":"post","link":"https:\/\/www.europesays.com\/fr\/532448\/","title":{"rendered":"\u00c0 la t\u00e9l\u00e9 ce soir, ce film \u00e0 la beaut\u00e9 \u00e9l\u00e9giaque \u00e9voquant la persistance du deuil et les plaies du 13-Novembre"},"content":{"rendered":"<p>                    Par<br \/>\n        <strong><br \/>\n            <a href=\"https:\/\/actu.fr\/auteur\/redaction-fichesducinema\" title=\"Consulter tous les articles de R\u00e9daction Fiches du cin\u00e9ma\" rel=\"nofollow noopener\" target=\"_blank\">R\u00e9daction Fiches du cin\u00e9ma<\/a><br \/>\n                    <\/strong><\/p>\n<p>        Publi\u00e9 le<\/p>\n<p>            13 nov. 2025 \u00e0 18h18        <\/p>\n<p>Mikha\u00ebl Hers poursuit son exploration d\u00e9licate de la persistance du deuil et du chagrin n\u00e9cessaire \u00e0 le voir s\u2019\u00e9vanouir peu \u00e0 peu dans <strong>ce film dense et complexe<\/strong>, parfois un peu bavard, mais fondu en <strong>un alliage \u00e9minemment touchant d\u2019irr\u00e9alit\u00e9 et de trivialit\u00e9<\/strong>.<\/p>\n<p class=\" wall-content\">\n<p>Le r\u00e9sum\u00e9<\/p>\n<p class=\" wall-content\">David, 24 ans, \u00e9lagueur \u00e0 Paris, vit aussi d\u2019autres petits boulots. Tr\u00e8s proche de sa s\u0153ur, Sandrine, m\u00e8re c\u00e9libataire qui \u00e9l\u00e8ve seule Amanda, sa fille, il la garde parfois, mais brille par ses retards et son immaturit\u00e9. Il rencontre Lena, une jeune fille venue \u00e0 Paris pour donner des cours de piano, avec qui il entame une relation.<\/p>\n<p>Ce qu\u2019on en pense<\/p>\n<p class=\" wall-content\">Comme\u00a0Ce sentiment de l\u2019\u00e9t\u00e9, le pr\u00e9c\u00e9dent film de Mikha\u00ebl Hers, <strong>Amanda cherche \u00e0 r\u00e9concilier un espace g\u00e9ographique doux<\/strong> (Paris y est ici croqu\u00e9 en un patchwork d\u2019images au granul\u00e9 \u00e0 la fois \u00e9tranger et familier, loin des cartes postales) <strong>et un paysage affreux et intermittent : celui du deuil<\/strong>, \u201ccette r\u00e9gion atroce o\u00f9 l\u2019on n\u2019a plus peur\u201d comme la d\u00e9finissait Roland Barthes.<\/p>\n<p>    <img   decoding=\"async\" loading=\"lazy\" src=\"https:\/\/www.europesays.com\/fr\/wp-content\/uploads\/2025\/11\/amanda02-nord-ouest-films-copyright-960x640.jpg\" alt=\"Stacy Martin dans Amanda, de Mikha\u00ebl Hers. \" width=\"960\" height=\"640\"\/><br \/>\n    Stacy Martin dans Amanda, de Mikha\u00ebl Hers. (\u00a9Nord-Ouest Films)<\/p>\n<p class=\" wall-content\">Si le terrorisme (et le spectre du 13-Novembre) intervient dans la fiction, il reste cependant r\u00e9duit \u00e0 une sorte de d\u00e9flagration, dont il faudra, pas \u00e0 pas, caut\u00e9riser les plaies. <strong>Amanda diss\u00e8que ensuite avec d\u00e9licatesse la douleur<\/strong> que suscitent les tra\u00een\u00e9es de vie discontinues que la mort a laiss\u00e9 derri\u00e8re elle (une brosse \u00e0 dents, un vide-poches, un pass Navigo que personne ne viendra plus prendre, tout ces objets triviaux devenant des ic\u00f4nes, des reliques), <strong>et tout ce que le deuil n\u00e9cessite de recul<\/strong>, de repli, pour que puissent un jour se faire sentir les marques d\u2019une \u00e9volution.<\/p>\n<p class=\" wall-content\">Hers traduit brillamment en images cet \u00e9tat transitoire et brumeux, aid\u00e9 en cela par l\u2019\u00e9tonnante pr\u00e9sence d\u2019Isaure Multrier, mais surtout par <strong>Vincent Lacoste, dont le jeu<\/strong>, perm\u00e9able au r\u00e9el plus que tout, <strong>est \u00e9blouissant de puissance et de gaucherie m\u00eal\u00e9es<\/strong>.<\/p>\n<p>    <img   decoding=\"async\" loading=\"lazy\" src=\"https:\/\/www.europesays.com\/fr\/wp-content\/uploads\/2025\/11\/amanda03-nord-ouest-films-copyright-960x640.jpg\" alt=\"Vincent Lacoste et Isaure Multrier dans Amanda, de Mikha\u00ebl Hers. \" width=\"960\" height=\"640\"\/><br \/>\n    Vincent Lacoste et Isaure Multrier dans Amanda, de Mikha\u00ebl Hers. (\u00a9Nord-Ouest Films)<\/p>\n<p>Votre r\u00e9gion, votre actu !<\/p>\n<p>Recevez chaque jour les infos qui comptent pour vous.<\/p>\n<p>\t<a href=\"https:\/\/actu.fr\/newsletter\" class=\"ac-btn ac-btn--corner ac-btn--medium ac-btn--blue800\" rel=\"nofollow noopener\" target=\"_blank\">S&rsquo;incrire<\/a><\/p>\n<p class=\" wall-content\">Il est alors un peu dommageable de voir cette grande peinture du reflux de vie se perdre quelque peu, dans sa deuxi\u00e8me partie, sur <strong>des pentes m\u00e9lodramatiques o\u00f9 la d\u00e9licatesse affect\u00e9e prend parfois le pas sur le tact sinc\u00e8re<\/strong>. Heureusement, <strong>la sc\u00e8ne de fin, grandiose et flamboyante<\/strong>, confirme que <strong>la beaut\u00e9 \u00e9l\u00e9giaque du film<\/strong> r\u00e9side plus que tout dans sa douce litt\u00e9ralit\u00e9 : avoir l\u2019air heureux, sans ressentir le besoin d\u2019y ajouter les paroles. <strong>\/ Cl\u00e9ment Deleschaud<\/strong><\/p>\n<p>Infos pratiques :<br \/>Amanda (2018), de Mikha\u00ebl Hers. Avec Vincent Lacoste, Isaure Multrier, Stacy Martin et Ophelia Kolb.<\/p>\n<p class=\" wall-content\">Personnalisez votre actualit\u00e9 en ajoutant vos villes et m\u00e9dias en favori avec <a href=\"https:\/\/moncompte.actu.fr\" title=\"D\u00e9couvez Mon Actu\" rel=\"nofollow noopener\" data-trk=\"{&quot;cta&quot;:{&quot;action&quot;:&quot;https:\\\/\\\/moncompte.actu.fr&quot;,&quot;category&quot;:&quot;mon compte&quot;,&quot;from&quot;:&quot;article footer&quot;,&quot;name&quot;:&quot;Mon actu&quot;,&quot;type&quot;:&quot;cta&quot;}}\" target=\"_blank\">Mon Actu<\/a>.<\/p>\n","protected":false},"excerpt":{"rendered":"Par R\u00e9daction Fiches du cin\u00e9ma Publi\u00e9 le 13 nov. 2025 \u00e0 18h18 Mikha\u00ebl Hers poursuit son exploration d\u00e9licate&hellip;\n","protected":false},"author":2,"featured_media":532449,"comment_status":"","ping_status":"","sticky":false,"template":"","format":"standard","meta":{"footnotes":""},"categories":[1354],"tags":[650,58,59,1346,1011,27,1360],"class_list":{"0":"post-532448","1":"post","2":"type-post","3":"status-publish","4":"format-standard","5":"has-post-thumbnail","7":"category-films","8":"tag-cinema","9":"tag-divertissement","10":"tag-entertainment","11":"tag-films","12":"tag-fr","13":"tag-france","14":"tag-movies"},"share_on_mastodon":{"url":"https:\/\/pubeurope.com\/@fr\/115545123087569159","error":""},"_links":{"self":[{"href":"https:\/\/www.europesays.com\/fr\/wp-json\/wp\/v2\/posts\/532448","targetHints":{"allow":["GET"]}}],"collection":[{"href":"https:\/\/www.europesays.com\/fr\/wp-json\/wp\/v2\/posts"}],"about":[{"href":"https:\/\/www.europesays.com\/fr\/wp-json\/wp\/v2\/types\/post"}],"author":[{"embeddable":true,"href":"https:\/\/www.europesays.com\/fr\/wp-json\/wp\/v2\/users\/2"}],"replies":[{"embeddable":true,"href":"https:\/\/www.europesays.com\/fr\/wp-json\/wp\/v2\/comments?post=532448"}],"version-history":[{"count":0,"href":"https:\/\/www.europesays.com\/fr\/wp-json\/wp\/v2\/posts\/532448\/revisions"}],"wp:featuredmedia":[{"embeddable":true,"href":"https:\/\/www.europesays.com\/fr\/wp-json\/wp\/v2\/media\/532449"}],"wp:attachment":[{"href":"https:\/\/www.europesays.com\/fr\/wp-json\/wp\/v2\/media?parent=532448"}],"wp:term":[{"taxonomy":"category","embeddable":true,"href":"https:\/\/www.europesays.com\/fr\/wp-json\/wp\/v2\/categories?post=532448"},{"taxonomy":"post_tag","embeddable":true,"href":"https:\/\/www.europesays.com\/fr\/wp-json\/wp\/v2\/tags?post=532448"}],"curies":[{"name":"wp","href":"https:\/\/api.w.org\/{rel}","templated":true}]}}