{"id":53245,"date":"2025-04-26T02:09:09","date_gmt":"2025-04-26T02:09:09","guid":{"rendered":"https:\/\/www.europesays.com\/fr\/53245\/"},"modified":"2025-04-26T02:09:09","modified_gmt":"2025-04-26T02:09:09","slug":"on-etait-en-pro-d2-toulon-etait-en-top-14-comment-gael-drean-a-echappe-au-rc-vannes","status":"publish","type":"post","link":"https:\/\/www.europesays.com\/fr\/53245\/","title":{"rendered":"\u00ab On \u00e9tait en Pro D2, Toulon \u00e9tait en Top 14 \u00bb : comment Ga\u00ebl Dr\u00e9an a \u00e9chapp\u00e9 au RC Vannes"},"content":{"rendered":"<p>Top 14 (22e journ\u00e9e). RC Vannes &#8211; RC Toulon, ce samedi (16 h 30)<\/p>\n<p>C\u2019est l\u2019une des r\u00e9v\u00e9lations du Top 14 ! Pour sa troisi\u00e8me saison au <a href=\"https:\/\/www.letelegramme.fr\/sports\/rugby\/rc-vannes\/vannes-toulon-rugby-gael-drean-melvyn-jaminet-objectif-top-2-ou-en-est-le-prochain-adversaire-du-rcv-en-top-14-6802999.php\" target=\"_blank\" rel=\"noopener\">RC Toulon<\/a>, <a href=\"https:\/\/www.letelegramme.fr\/recherche\/?keywords%5B%5D=gael-drean\" target=\"_blank\" rel=\"noopener\">Ga\u00ebl Dr\u00e9an<\/a> prend une autre dimension. L\u2019ailier de 24 ans a inscrit 12 essais en 14 matchs de Top 14 et occupe la t\u00eate du classement des meilleurs marqueurs de l\u2019\u00e9lite du rugby fran\u00e7ais.<\/p>\n<p>Ses performances ne sont pas pass\u00e9es inaper\u00e7ues et il a m\u00eame \u00e9t\u00e9 convoqu\u00e9 pour la premi\u00e8re fois <a href=\"https:\/\/www.letelegramme.fr\/sports\/rugby\/six-nations-le-garrec-et-drean-dans-le-groupe-du-xv-de-france-pour-preparer-le-match-contre-lirlande-6769150.php\" target=\"_blank\" rel=\"noopener\">par Fabien Galthi\u00e9 avec l\u2019\u00e9quipe de France<\/a> pour pr\u00e9parer le Tournoi des six nations.<\/p>\n<p>Ce Morbihannais n\u2019a pourtant jamais port\u00e9 le maillot du RC Vannes. Form\u00e9 au Rugby Ovalie Lorient, Dr\u00e9an a ensuite \u00e9volu\u00e9 \u00e0 Plouzan\u00e9 en F\u00e9d\u00e9rale 3 (2019-2020) puis \u00e0 Rennes en F\u00e9d\u00e9rale 1 (2020-2022) avant de rallier le Var sur un titre de champion de France de F\u00e9d\u00e9rale 1 avec le Rec.<\/p>\n<p>\u00ab On ne l\u2019a pas rat\u00e9 \u00bb<\/p>\n<p>Mais alors, comment a-t-il \u00e9chapp\u00e9 au RCV ? \u00ab On ne l\u2019a pas rat\u00e9, avait confi\u00e9 Jean-No\u00ebl Spitzer, mi-janvier, la veille de la premi\u00e8re convocation de Dr\u00e9an avec les Bleus. Ga\u00ebl avait donn\u00e9 son accord, verbal et \u00e9crit, pour signer au RC Vannes. Et un soir, d\u00e9but juin ou fin mai (2022), il m\u2019a appel\u00e9 en me disant qu\u2019il \u00e9tait g\u00ean\u00e9 mais que Toulon le voulait. Il voulait savoir s\u2019il pouvait \u00eatre lib\u00e9r\u00e9. Et on a acc\u00e9d\u00e9 \u00e0 sa demande. On \u00e9tait en Pro D2, Toulon \u00e9tait en Top 14. C\u2019\u00e9tait une exp\u00e9rience folle pour lui. On ne l\u2019a pas bloqu\u00e9. \u00bb<\/p>\n<p>Apr\u00e8s <a href=\"https:\/\/www.letelegramme.fr\/sports\/rugby\/apres-une-saison-dadaptation-le-lorientais-gael-drean-veut-simposer-au-rc-toulon-6411365.php\" target=\"_blank\" rel=\"noopener\">une premi\u00e8re saison d\u2019adaptation<\/a>*, qui l\u2019a vu faire le grand saut de la F\u00e9d\u00e9rale 1 au Top 14 et participer de loin au titre en Challenge cup (un match, deux essais en poules), la fus\u00e9e lorientaise est mont\u00e9e en puissance la saison suivante (6 essais en 17 matchs de Top 14) avant de prendre son envol lors de l\u2019exercice actuel. Au point d\u2019\u00eatre en course pour devenir le premier Breton meilleur marqueur du Top 14\u2026 et de viser le bouclier de Brennus avec le RCT.<\/p>\n<p class=\"tech\">*2 essais en 10 matchs de Top 14<\/p>\n","protected":false},"excerpt":{"rendered":"Top 14 (22e journ\u00e9e). RC Vannes &#8211; RC Toulon, ce samedi (16 h 30) C\u2019est l\u2019une des r\u00e9v\u00e9lations&hellip;\n","protected":false},"author":2,"featured_media":53246,"comment_status":"","ping_status":"","sticky":false,"template":"","format":"standard","meta":{"footnotes":""},"categories":[1416],"tags":[1011,27,1781,3164,3167,479,1468,60,478,3165],"class_list":{"0":"post-53245","1":"post","2":"type-post","3":"status-publish","4":"format-standard","5":"has-post-thumbnail","7":"category-rugby","8":"tag-fr","9":"tag-france","10":"tag-lorient","11":"tag-rc-vannes","12":"tag-rcv","13":"tag-rugby","14":"tag-rugby-football","15":"tag-sports","16":"tag-top-14","17":"tag-vannes"},"share_on_mastodon":{"url":"https:\/\/pubeurope.com\/@fr\/114401834661601282","error":""},"_links":{"self":[{"href":"https:\/\/www.europesays.com\/fr\/wp-json\/wp\/v2\/posts\/53245","targetHints":{"allow":["GET"]}}],"collection":[{"href":"https:\/\/www.europesays.com\/fr\/wp-json\/wp\/v2\/posts"}],"about":[{"href":"https:\/\/www.europesays.com\/fr\/wp-json\/wp\/v2\/types\/post"}],"author":[{"embeddable":true,"href":"https:\/\/www.europesays.com\/fr\/wp-json\/wp\/v2\/users\/2"}],"replies":[{"embeddable":true,"href":"https:\/\/www.europesays.com\/fr\/wp-json\/wp\/v2\/comments?post=53245"}],"version-history":[{"count":0,"href":"https:\/\/www.europesays.com\/fr\/wp-json\/wp\/v2\/posts\/53245\/revisions"}],"wp:featuredmedia":[{"embeddable":true,"href":"https:\/\/www.europesays.com\/fr\/wp-json\/wp\/v2\/media\/53246"}],"wp:attachment":[{"href":"https:\/\/www.europesays.com\/fr\/wp-json\/wp\/v2\/media?parent=53245"}],"wp:term":[{"taxonomy":"category","embeddable":true,"href":"https:\/\/www.europesays.com\/fr\/wp-json\/wp\/v2\/categories?post=53245"},{"taxonomy":"post_tag","embeddable":true,"href":"https:\/\/www.europesays.com\/fr\/wp-json\/wp\/v2\/tags?post=53245"}],"curies":[{"name":"wp","href":"https:\/\/api.w.org\/{rel}","templated":true}]}}