{"id":532460,"date":"2025-11-14T00:08:14","date_gmt":"2025-11-14T00:08:14","guid":{"rendered":"https:\/\/www.europesays.com\/fr\/532460\/"},"modified":"2025-11-14T00:08:14","modified_gmt":"2025-11-14T00:08:14","slug":"le-president-de-la-bbc-sexcuse-aupres-de-donald-trump-apres-la-diffusion-dun-montage-trompeur","status":"publish","type":"post","link":"https:\/\/www.europesays.com\/fr\/532460\/","title":{"rendered":"Le pr\u00e9sident de la BBC s&rsquo;excuse aupr\u00e8s de Donald Trump apr\u00e8s la diffusion d\u2019un montage trompeur"},"content":{"rendered":"<p>\n    \u00abSi la BBC regrette sinc\u00e8rement la mani\u00e8re dont ces images ont \u00e9t\u00e9 mont\u00e9es, nous contestons fermement qu\u2019il y ait une base l\u00e9gale pour une plainte en diffamation\u00bb, a toutefois fait valoir le groupe audiovisuel public britannique.<\/p>\n<p class=\"fig-paragraph\">Le pr\u00e9sident du conseil d&rsquo;administration de la\u00a0<a href=\"http:\/\/www.lefigaro.fr\/economie\/demissions-menace-de-proces-la-bbc-au-coeur-de-la-tempete-apres-un-montage-fallacieux-sur-donald-trump-20251110\" target=\"_blank\" data-fig-type=\"Article\" rel=\"noopener\" data-gtm-custom-categorie=\"navigation\" data-gtm-custom-action=\"crossclick\" data-gtm-custom-label=\"Contextuel\" data-gtm-event=\"customEventSPE\" data-fig-domain=\"LEFIGARO\">BBC<\/a>\u00a0Samir Shah a envoy\u00e9 une \u00ablettre personnelle\u00bb d&rsquo;excuses \u00e0\u00a0<a href=\"http:\/\/www.lefigaro.fr\/medias\/la-bbc-examine-un-deuxieme-cas-d-eventuel-montage-trompeur-d-un-discours-de-donald-trump-20251113\" target=\"_blank\" data-fig-type=\"NewsFlash\" rel=\"noopener\" data-gtm-custom-categorie=\"navigation\" data-gtm-custom-action=\"crossclick\" data-gtm-custom-label=\"Contextuel\" data-gtm-event=\"customEventSPE\" data-fig-domain=\"LEFIGARO\">Donald Trump<\/a>\u00a0mais rejette les accusations de diffamation, a annonc\u00e9 jeudi soir la BBC, apr\u00e8s la diffusion d&rsquo;un montage trompeur.<\/p>\n<p class=\"fig-paragraph\">Samir Shah \u00aba envoy\u00e9 une lettre personnelle \u00e0 la Maison-Blanche pour dire clairement au pr\u00e9sident Trump que lui et l&rsquo;entreprise sont d\u00e9sol\u00e9s\u00bb pour le montage de ce discours, a indiqu\u00e9 la BBC dans un communiqu\u00e9, concernant ce montage trompeur d&rsquo;un discours du pr\u00e9sident am\u00e9ricain, diffus\u00e9 par le groupe audiovisuel.<\/p>\n<p>                                    <a class=\"fig-a11y-skip a11y-hidden\" href=\"#fig-a11y-skip-main-inarticle\"><br \/>\n        Passer la publicit\u00e9<br \/>\n    <\/a><\/p>\n<p>\u00abNous contestons fermement\u00bb<\/p>\n<p class=\"fig-paragraph\">\u00abSi la BBC regrette sinc\u00e8rement la mani\u00e8re dont ces images ont \u00e9t\u00e9 mont\u00e9es, nous contestons fermement qu&rsquo;il y ait une base l\u00e9gale pour une plainte en diffamation\u00bb, a toutefois fait valoir le groupe audiovisuel public britannique, dont les avocats ont r\u00e9pondu \u00e0 ceux du pr\u00e9sident am\u00e9ricain.<\/p>\n","protected":false},"excerpt":{"rendered":"\u00abSi la BBC regrette sinc\u00e8rement la mani\u00e8re dont ces images ont \u00e9t\u00e9 mont\u00e9es, nous contestons fermement qu\u2019il y&hellip;\n","protected":false},"author":2,"featured_media":532461,"comment_status":"","ping_status":"","sticky":false,"template":"","format":"standard","meta":{"footnotes":""},"categories":[5],"tags":[11,9668,75,1011,27,14,12,28],"class_list":{"0":"post-532460","1":"post","2":"type-post","3":"status-publish","4":"format-standard","5":"has-post-thumbnail","7":"category-international","8":"tag-actualites","9":"tag-bbc","10":"tag-donald-trump","11":"tag-fr","12":"tag-france","13":"tag-international","14":"tag-news","15":"tag-world"},"share_on_mastodon":{"url":"https:\/\/pubeurope.com\/@fr\/115545145623442895","error":""},"_links":{"self":[{"href":"https:\/\/www.europesays.com\/fr\/wp-json\/wp\/v2\/posts\/532460","targetHints":{"allow":["GET"]}}],"collection":[{"href":"https:\/\/www.europesays.com\/fr\/wp-json\/wp\/v2\/posts"}],"about":[{"href":"https:\/\/www.europesays.com\/fr\/wp-json\/wp\/v2\/types\/post"}],"author":[{"embeddable":true,"href":"https:\/\/www.europesays.com\/fr\/wp-json\/wp\/v2\/users\/2"}],"replies":[{"embeddable":true,"href":"https:\/\/www.europesays.com\/fr\/wp-json\/wp\/v2\/comments?post=532460"}],"version-history":[{"count":0,"href":"https:\/\/www.europesays.com\/fr\/wp-json\/wp\/v2\/posts\/532460\/revisions"}],"wp:featuredmedia":[{"embeddable":true,"href":"https:\/\/www.europesays.com\/fr\/wp-json\/wp\/v2\/media\/532461"}],"wp:attachment":[{"href":"https:\/\/www.europesays.com\/fr\/wp-json\/wp\/v2\/media?parent=532460"}],"wp:term":[{"taxonomy":"category","embeddable":true,"href":"https:\/\/www.europesays.com\/fr\/wp-json\/wp\/v2\/categories?post=532460"},{"taxonomy":"post_tag","embeddable":true,"href":"https:\/\/www.europesays.com\/fr\/wp-json\/wp\/v2\/tags?post=532460"}],"curies":[{"name":"wp","href":"https:\/\/api.w.org\/{rel}","templated":true}]}}