{"id":532478,"date":"2025-11-14T00:21:20","date_gmt":"2025-11-14T00:21:20","guid":{"rendered":"https:\/\/www.europesays.com\/fr\/532478\/"},"modified":"2025-11-14T00:21:20","modified_gmt":"2025-11-14T00:21:20","slug":"un-gros-chantier-pour-entretenir-les-berges-amiantees-de-cette-riviere","status":"publish","type":"post","link":"https:\/\/www.europesays.com\/fr\/532478\/","title":{"rendered":"un gros chantier pour entretenir les berges amiant\u00e9es de cette rivi\u00e8re"},"content":{"rendered":"<p>                    Par<br \/>\n        <strong><br \/>\n            <a href=\"https:\/\/actu.fr\/auteur\/aurelien-delavaud\" title=\"Consulter tous les articles de Aur\u00e9lien Delavaud\" rel=\"nofollow noopener\" target=\"_blank\">Aur\u00e9lien Delavaud<\/a><br \/>\n                    <\/strong><\/p>\n<p>        Publi\u00e9 le<\/p>\n<p>            14 nov. 2025 \u00e0 0h57        <\/p>\n<p>C\u2019est un \u00e9trange ballet, remarqu\u00e9 depuis quelques jours par les promeneurs et les riverains, \u00e0 <a href=\"https:\/\/actu.fr\/normandie\/saint-pierre-les-elbeuf_76640\" rel=\"nofollow noopener\" target=\"_blank\">Saint-Pierre-l\u00e8s-Elbeuf (Seine-Maritime)<\/a>. Un dr\u00f4le de m\u00e9lange d\u2019<b>outils de jardiniers<\/b> professionnels et de <b>combinaisons blanches<\/b> dignes de la police scientifique. Depuis le lundi 3 novembre 2025, il n\u2019en faut pas moins pour mener un chantier d\u2019envergure : entretenir une grande portion des <b>berges de l\u2019Oison<\/b> qui \u00e9tait un petit peu laiss\u00e9e \u00e0 l\u2019abandon, \u00e0 un endroit o\u00f9 le sous-sol est pollu\u00e9 par de l\u2019<b>amiante<\/b>.<\/p>\n<p>De l\u2019amiante dans le sous-sol<\/p>\n<p class=\" wall-content\">Pour expliquer cette <b>pollution<\/b> bien connue, il faut remonter dans le temps, jusqu\u2019\u00e0 la p\u00e9riode o\u00f9 la Soci\u00e9t\u00e9 normande d\u2019amiante manufactur\u00e9 (SNAM) \u00e9tait encore en activit\u00e9, juste \u00e0 c\u00f4t\u00e9. \u00ab Jusqu\u2019en 1977, elle a rejet\u00e9 des eaux pollu\u00e9es par l\u2019amiante dans l\u2019Oison \u00bb, pr\u00e9sente Alexandre Huguet, coordinateur environnement \u00e0 la M\u00e9tropole, qui chapeaute ce chantier de nettoyage.<\/p>\n<p class=\" wall-content\">Mais c\u2019est en 2005, en s\u2019attaquant \u00e0 l\u2019<b>am\u00e9nagement des berges<\/b> du cours d\u2019eau, que la municipalit\u00e9 de l\u2019\u00e9poque d\u00e9couvre cette pollution qui s\u2019est install\u00e9e dans le sous-sol, \u00e0 environ <b>15 centim\u00e8tres de profondeur<\/b>. Impossible, \u00e0 ce moment-l\u00e0, de trouver le financement pour une <b>d\u00e9pollution<\/b>. Alors la d\u00e9cision a \u00e9t\u00e9 prise de simplement fermer cette portion au public, entre les rues Galbois et Marie-Samson.<\/p>\n<p>    <a href=\"https:\/\/maps.google.com\/maps?q=49.27311330851885,1.0459024048538135&amp;z=15&amp;output=embed\" title=\"Ouvrie le lien\" rel=\"nofollow noopener\" target=\"_blank\">Cliquez ici pour visualiser le contenu<\/a><\/p>\n<p class=\" wall-content\">Ensuite, \u00e0 partir de 2015, c\u2019est l\u2019entretien des berges qui n\u2019est plus assur\u00e9. Et en dix ans, la nature a largement eu le temps de reprendre ses aises. Pendant trois semaines, du 3 au 24 novembre, des ouvriers s\u2019attaquent donc au <b>d\u00e9broussaillage<\/b> et \u00e0 l\u2019<b>abattage sanitaire de certains arbres<\/b>, sur 370 m des bords de l\u2019Oison.<\/p>\n<p>    <img   decoding=\"async\" loading=\"lazy\" class=\"size-large\" src=\"https:\/\/www.europesays.com\/fr\/wp-content\/uploads\/2025\/11\/82693a2be119686693a2be1196a693v-960x640.jpg\" alt=\"Nettoyage d\u00e9samiantage berges de l'Oison Saint-Pierre-l\u00e8s-Elbeuf\" width=\"960\" height=\"640\"\/><br \/>\n    En combinaisons \u00e9tanches, les ouvriers d\u00e9broussaillent des berges laiss\u00e9es sans entretien pendant 10 ans. \u00a9Aur\u00e9lien Delavaud<\/p>\n<p class=\" wall-content\">\u00ab \u00c7a va permettre d\u2019avoir plus de lumi\u00e8re pour les riverains et un meilleur \u00e9coulement de l\u2019eau de la rivi\u00e8re \u00bb, r\u00e9sume Nadia Mezrar, la maire de la commune.<\/p>\n<p>Votre r\u00e9gion, votre actu !<\/p>\n<p>Recevez chaque jour les infos qui comptent pour vous.<\/p>\n<p>\t<a href=\"https:\/\/actu.fr\/newsletter\" class=\"ac-btn ac-btn--corner ac-btn--medium ac-btn--blue800\" rel=\"nofollow noopener\" target=\"_blank\">S&rsquo;incrire<\/a><br \/>\nPlus d\u2019un million d\u2019euros pour d\u00e9polluer<\/p>\n<p class=\" wall-content\">Pour l\u2019\u00e9lue, ce grand nettoyage peut \u00eatre la premi\u00e8re \u00e9tape pour reprendre possession de ces berges, qui pourraient prolonger les <b>chemins pi\u00e9tonniers<\/b> qui traversent d\u00e9j\u00e0 une bonne partie de la commune. Mais pour cela, il faudra de gros investissements.<\/p>\n<blockquote class=\"ac-article-quote wall-content\">\n<p>La M\u00e9tropole nous a accord\u00e9 un cr\u00e9dit d\u2019\u00e9tudes, mais pour le d\u00e9samiantage il faudra compter plus d\u2019un million d\u2019euros. Pour moi, c\u2019est un vrai projet de territoire, car l\u2019Oison arrive de l\u2019Eure et se jette dans la Seine. C\u2019est un enjeu sanitaire.<\/p>\n<p>Nadia Mezrar, maire de Saint-Pierre-l\u00e8s-Elbeuf<\/p><\/blockquote>\n<p class=\" wall-content\">Une fois le chantier d\u2019entretien termin\u00e9, en attendant une \u00e9ventuelle suite, il restera \u00e0 s\u2019assurer que <b>le site reste bien inaccessible au public<\/b>. Maintenant, ce ne sont plus les branches et les ronciers qui en barreront l\u2019acc\u00e8s.<\/p>\n<p class=\" wall-content\">\u00c0 la place, de nouvelles barri\u00e8res seront install\u00e9es et des panneaux signal\u00e9tiques viendront expliquer pourquoi les berges doivent rester interdites \u00e0 tous.<\/p>\n<p class=\" wall-content\">Personnalisez votre actualit\u00e9 en ajoutant vos villes et m\u00e9dias en favori avec <a href=\"https:\/\/moncompte.actu.fr\" title=\"D\u00e9couvez Mon Actu\" rel=\"nofollow noopener\" data-trk=\"{&quot;cta&quot;:{&quot;action&quot;:&quot;https:\\\/\\\/moncompte.actu.fr&quot;,&quot;category&quot;:&quot;mon compte&quot;,&quot;from&quot;:&quot;article footer&quot;,&quot;name&quot;:&quot;Mon actu&quot;,&quot;type&quot;:&quot;cta&quot;}}\" target=\"_blank\">Mon Actu<\/a>.<\/p>\n","protected":false},"excerpt":{"rendered":"Par Aur\u00e9lien Delavaud Publi\u00e9 le 14 nov. 2025 \u00e0 0h57 C\u2019est un \u00e9trange ballet, remarqu\u00e9 depuis quelques jours&hellip;\n","protected":false},"author":2,"featured_media":532479,"comment_status":"","ping_status":"","sticky":false,"template":"","format":"standard","meta":{"footnotes":""},"categories":[9587],"tags":[1111,11,1777,674,1011,27,12,5161,1800,25,9590,104],"class_list":{"0":"post-532478","1":"post","2":"type-post","3":"status-publish","4":"format-standard","5":"has-post-thumbnail","7":"category-rouen","8":"tag-actu","9":"tag-actualites","10":"tag-eu","11":"tag-europe","12":"tag-fr","13":"tag-france","14":"tag-news","15":"tag-normandie","16":"tag-pollution","17":"tag-republique-francaise","18":"tag-rouen","19":"tag-societe"},"share_on_mastodon":{"url":"https:\/\/pubeurope.com\/@fr\/115545197281853730","error":""},"_links":{"self":[{"href":"https:\/\/www.europesays.com\/fr\/wp-json\/wp\/v2\/posts\/532478","targetHints":{"allow":["GET"]}}],"collection":[{"href":"https:\/\/www.europesays.com\/fr\/wp-json\/wp\/v2\/posts"}],"about":[{"href":"https:\/\/www.europesays.com\/fr\/wp-json\/wp\/v2\/types\/post"}],"author":[{"embeddable":true,"href":"https:\/\/www.europesays.com\/fr\/wp-json\/wp\/v2\/users\/2"}],"replies":[{"embeddable":true,"href":"https:\/\/www.europesays.com\/fr\/wp-json\/wp\/v2\/comments?post=532478"}],"version-history":[{"count":0,"href":"https:\/\/www.europesays.com\/fr\/wp-json\/wp\/v2\/posts\/532478\/revisions"}],"wp:featuredmedia":[{"embeddable":true,"href":"https:\/\/www.europesays.com\/fr\/wp-json\/wp\/v2\/media\/532479"}],"wp:attachment":[{"href":"https:\/\/www.europesays.com\/fr\/wp-json\/wp\/v2\/media?parent=532478"}],"wp:term":[{"taxonomy":"category","embeddable":true,"href":"https:\/\/www.europesays.com\/fr\/wp-json\/wp\/v2\/categories?post=532478"},{"taxonomy":"post_tag","embeddable":true,"href":"https:\/\/www.europesays.com\/fr\/wp-json\/wp\/v2\/tags?post=532478"}],"curies":[{"name":"wp","href":"https:\/\/api.w.org\/{rel}","templated":true}]}}