{"id":532484,"date":"2025-11-14T00:24:22","date_gmt":"2025-11-14T00:24:22","guid":{"rendered":"https:\/\/www.europesays.com\/fr\/532484\/"},"modified":"2025-11-14T00:24:22","modified_gmt":"2025-11-14T00:24:22","slug":"pour-lutter-contre-linsecurite-les-amendes-seront-dressees-par-videosurveillance-dans-cette-ville-bretonne","status":"publish","type":"post","link":"https:\/\/www.europesays.com\/fr\/532484\/","title":{"rendered":"Pour \u00ab\u00a0lutter contre l&rsquo;ins\u00e9curit\u00e9\u00a0\u00bb, les amendes seront dress\u00e9es par vid\u00e9osurveillance dans cette ville bretonne"},"content":{"rendered":"<p>                    Par<br \/>\n        <strong><br \/>\n            <a href=\"https:\/\/actu.fr\/auteur\/laurene-fertin\" title=\"Consulter tous les articles de Laur\u00e8ne Fertin\" target=\"_blank\" rel=\"noopener\">Laur\u00e8ne Fertin<\/a><br \/>\n                    <\/strong><\/p>\n<p>        Publi\u00e9 le<\/p>\n<p>            13 nov. 2025 \u00e0 16h16        <\/p>\n<p>La mesure a \u00e9t\u00e9 valid\u00e9e en conseil municipal, mercredi 12\u00a0novembre 2025. Pr\u00e8s de Rennes, dans la commune de <strong>Cesson-S\u00e9vign\u00e9<\/strong>, <strong>les policiers municipaux<\/strong> pourront, <strong>\u00e0 distance, verbaliser<\/strong> les usagers de la route commettant des infractions. En effet, alors que le Centre de surveillance urbain (CSU) tend \u00e0 s\u2019achever d\u2019ici \u00e0 la fin de l\u2019ann\u00e9e, au sein de <a href=\"https:\/\/actu.fr\/bretagne\/cesson-sevigne_35051\/pres-de-rennes-le-ministre-inaugure-l-hotel-des-polices-quid-des-renforts-nationaux-sur-le-terrain_63088942.html\" target=\"_blank\" rel=\"noopener\">l\u2019H\u00f4tel des polices,<\/a> les <strong>67 cam\u00e9ras<\/strong> de vid\u00e9osurveillance pourront \u00eatre visionn\u00e9es en temps r\u00e9el par deux agents asserment\u00e9s. La marche de <strong>la vid\u00e9overbalisation<\/strong> est enclench\u00e9e.<\/p>\n<p>De quoi parle-t-on vraiment\u2009?<\/p>\n<p class=\" wall-content\">Non-port de la <strong>ceinture de s\u00e9curit\u00e9<\/strong>, usage du <strong>t\u00e9l\u00e9phone<\/strong> tenu en main, circulation sur des <strong>voies r\u00e9serv\u00e9es<\/strong> (voie de bus, voie verte, aire pi\u00e9tonne\u2026), non-respect de la priorit\u00e9 de passage \u00e0 l\u2019\u00e9gard du <strong>passage pi\u00e9ton<\/strong>, chevauchement et <strong>franchissement des lignes continues\u2026<\/strong> La liste des infractions relev\u00e9es par vid\u00e9overbalisation est longue et regroup\u00e9e dans <a href=\"https:\/\/www.legifrance.gouv.fr\/codes\/article_lc\/LEGIARTI000050965611#:~:text=Le%20titulaire%20du%20certificat%20d,pr%C3%A9vu%20%C3%A0%20l&#039;article%20R.\" target=\"_blank\" rel=\"noopener\">l\u2019article R.121-6 du code de la route<\/a>. Les infractions relatives au <strong>stationnement<\/strong> seront \u00e9galement prises en compte.<\/p>\n<p class=\" wall-content\">Concr\u00e8tement, un agent visionnera les images <strong>en temps r\u00e9el<\/strong>, s\u2019il ou elle constate une infraction ou un manquement \u00e0 la r\u00e9glementation, la personne en faute pourra \u00eatre sanctionn\u00e9e, comme l\u2019indiquait <a href=\"https:\/\/www.letelegramme.fr\/ille-et-vilaine\/rennes-35000\/\" target=\"_blank\" rel=\"noopener\">Le T\u00e9l\u00e9gramme<\/a>.<\/p>\n<p class=\" wall-content\">Dans la commune de Cesson, <strong>\u00ab\u2009les entr\u00e9es en zone<\/strong> de vid\u00e9overbalisation seront mat\u00e9rialis\u00e9es par l\u2019apposition de <strong>panneaux<\/strong> rappelant le contr\u00f4le exerc\u00e9 \u00e0 distance par les agents de police municipale\u2009\u00bb, indique le compte rendu du conseil municipal.<\/p>\n<p class=\" wall-content\">Les images, quant \u00e0 elles, seront <strong>sauvegard\u00e9es<\/strong> dans un d\u00e9lai qui <strong>ne peut exc\u00e9der 30\u00a0jours<\/strong>, comme le pr\u00e9cise <a href=\"https:\/\/www.cnil.fr\/fr\/cnil-direct\/question\/videoprotectionvideosurveillance-combien-de-temps-peuvent-etre-conservees-les\" target=\"_blank\" rel=\"noopener\">la CNIL<\/a> (Commission nationale de l\u2019informatique et des libert\u00e9s). Au-del\u00e0, \u00ab\u2009un \u00e9crasement automatique des donn\u00e9es\u2009\u00bb sera effectu\u00e9, note le compte rendu.<\/p>\n<p>Une amende chez vous<\/p>\n<p class=\" wall-content\">Si vous avez commis une infraction au code de la route, <strong>un proc\u00e8s-verbal \u00e9lectronique<\/strong> sera dress\u00e9, associant les caract\u00e9ristiques de l\u2019infraction ainsi que <strong>les extraits d\u2019images.<\/strong><\/p>\n<p>Votre r\u00e9gion, votre actu !<\/p>\n<p>Recevez chaque jour les infos qui comptent pour vous.<\/p>\n<p>\t<a href=\"https:\/\/actu.fr\/newsletter\" class=\"ac-btn ac-btn--corner ac-btn--medium ac-btn--blue800\" target=\"_blank\" rel=\"noopener\">S&rsquo;incrire<\/a><\/p>\n<p class=\" wall-content\">Ces donn\u00e9es seront ensuite t\u00e9l\u00e9transmises \u00e0 <strong>l\u2019ANTAI<\/strong> (Agence nationale de traitement automatis\u00e9 des infractions), qui proc\u00e9dera \u00e0 l\u2019identification du titulaire du certificat d\u2019immatriculation du v\u00e9hicule et enverra, par courrier,<strong> l\u2019avis de contravention \u00e0 votre domicile.<\/strong><\/p>\n<p class=\" wall-content\">Il vous sera possible de <strong>contester,<\/strong> comme n\u2019importe quelle amende\u2009: les instructions seront pr\u00e9cis\u00e9es sur l\u2019avis de contravention.<\/p>\n<p>Lutter contre \u00ab\u2009l\u2019ins\u00e9curit\u00e9 et le sentiment d\u2019ins\u00e9curit\u00e9\u2009\u00bb<\/p>\n<p class=\" wall-content\">Toutefois, \u00e0 Cesson-S\u00e9vign\u00e9, si la mesure a \u00e9t\u00e9 vot\u00e9e et valid\u00e9e en conseil municipal, celle-ci n\u2019est <strong>pas encore effective<\/strong>\u2009: le CSU doit en effet achever ses travaux, d\u2019ici \u00e0 la fin de l\u2019ann\u00e9e 2025.<\/p>\n<p class=\" wall-content\">Selon <strong>le maire<\/strong> de la commune, Jean-Pierre Savignac, la vid\u00e9oprotection et la vid\u00e9overbalisation font partie <strong>\u00ab\u2009d\u2019une strat\u00e9gie globale\u2009\u00bb<\/strong>\u2009: \u00ab\u2009la construction de l\u2019H\u00f4tel des polices, l\u2019augmentation des effectifs de police municipale, [les] \u00e9changes r\u00e9guliers avec le minist\u00e8re pour renforcer les effectifs de police nationale et maintenant le d\u00e9ploiement de la vid\u00e9overbalisation\u2009\u00bb permettent de <strong>lutter \u00ab\u2009efficacement\u2009\u00bb<\/strong> contre <strong>\u00ab\u2009l\u2019ins\u00e9curit\u00e9<\/strong> et le sentiment d\u2019ins\u00e9curit\u00e9\u2009\u00bb. Toujours selon la Ville, <strong>les faits de cambriolages<\/strong> se sont accentu\u00e9s.<\/p>\n<p class=\" wall-content\">Pour autant, l\u2019\u00e9dile <strong>ne croit pas au \u00ab\u2009tout vid\u00e9oprotection\u2009\u00bb<\/strong> et estime, au contraire, que \u00ab\u2009les policiers doivent \u00eatre au contact des habitants\u2009\u00bb.<\/p>\n<p>Une mesure \u00e9tendue\u2009?<\/p>\n<p class=\" wall-content\">Pour autant, et avant que la vid\u00e9overbalisation ne s\u2019applique r\u00e9ellement, la municipalit\u00e9 pr\u00e9voit de l\u2019\u00e9tendre <strong>aux d\u00e9p\u00f4ts sauvages d\u2019ordures<\/strong> \u2013 y compris autour des points d\u2019apports volontaires, que l\u2019on trouve d\u00e9sormais un peu partout en ville.<\/p>\n<p class=\" wall-content\">De la m\u00eame fa\u00e7on, les images capt\u00e9es par vid\u00e9osurveillance et visionn\u00e9es par les agents asserment\u00e9s pourront \u00eatre <strong>utilis\u00e9es \u00e0 des fins d\u2019une enqu\u00eate<\/strong>. Et de verbaliser, a posteriori, celui ou celle qui n\u2019a pas respect\u00e9 la loi.<\/p>\n<p class=\" wall-content\">Et si la commune d\u00e9tient d\u00e9sormais 67 cam\u00e9ras de vid\u00e9osurveillance pour <a href=\"https:\/\/www.ville-cesson.fr\/45\/ma-mairie\/accueil-des-nouveaux-habitants.htm\" target=\"_blank\" rel=\"noopener\">11\u2009250\u00a0habitants<\/a> (au 1\u1d49\u02b3 janvier\u00a02024), l\u2019\u00e9quipe municipale souhaite en acqu\u00e9rir \u00ab\u2009plus d\u2019une centaine\u2009\u00bb. \u00ab\u2009La Ville grandit et il faut \u00eatre en mesure de pr\u00e9parer l\u2019avenir\u2009\u00bb, indique-t-on \u00e0 la r\u00e9daction d\u2019<a href=\"https:\/\/actu.fr\/rennes\/\" target=\"_blank\" rel=\"noopener\">actu Rennes<\/a>.<\/p>\n<p class=\" wall-content\">Les cam\u00e9ras, d\u00e9j\u00e0 install\u00e9es <strong>aux entr\u00e9es et sorties de la commune<\/strong>, mais aussi au <strong>m\u00e9tro ViaSilva,<\/strong> seront positionn\u00e9es \u00ab<strong>\u2009dans tous les quartiers\u2009\u00bb<\/strong> de la commune. Pour rappel, le co\u00fbt d\u2019une cam\u00e9ra se situe <strong>entre 10\u2009000\u00a0et 15\u2009000 euros<\/strong>.<\/p>\n<p class=\" wall-content\">Personnalisez votre actualit\u00e9 en ajoutant vos villes et m\u00e9dias en favori avec <a href=\"https:\/\/moncompte.actu.fr\" title=\"D\u00e9couvez Mon Actu\" rel=\"nofollow noopener\" data-trk=\"{&quot;cta&quot;:{&quot;action&quot;:&quot;https:\\\/\\\/moncompte.actu.fr&quot;,&quot;category&quot;:&quot;mon compte&quot;,&quot;from&quot;:&quot;article footer&quot;,&quot;name&quot;:&quot;Mon actu&quot;,&quot;type&quot;:&quot;cta&quot;}}\" target=\"_blank\">Mon Actu<\/a>.<\/p>\n","protected":false},"excerpt":{"rendered":"Par Laur\u00e8ne Fertin Publi\u00e9 le 13 nov. 2025 \u00e0 16h16 La mesure a \u00e9t\u00e9 valid\u00e9e en conseil municipal,&hellip;\n","protected":false},"author":2,"featured_media":532485,"comment_status":"","ping_status":"","sticky":false,"template":"","format":"standard","meta":{"footnotes":""},"categories":[2821],"tags":[1111,11,829,1777,674,1011,27,12,1072,584,25,5009,104,7939],"class_list":{"0":"post-532484","1":"post","2":"type-post","3":"status-publish","4":"format-standard","5":"has-post-thumbnail","7":"category-rennes","8":"tag-actu","9":"tag-actualites","10":"tag-bretagne","11":"tag-eu","12":"tag-europe","13":"tag-fr","14":"tag-france","15":"tag-news","16":"tag-police","17":"tag-rennes","18":"tag-republique-francaise","19":"tag-securite-routiere","20":"tag-societe","21":"tag-videosurveillance"},"share_on_mastodon":{"url":"https:\/\/pubeurope.com\/@fr\/115545208524474375","error":""},"_links":{"self":[{"href":"https:\/\/www.europesays.com\/fr\/wp-json\/wp\/v2\/posts\/532484","targetHints":{"allow":["GET"]}}],"collection":[{"href":"https:\/\/www.europesays.com\/fr\/wp-json\/wp\/v2\/posts"}],"about":[{"href":"https:\/\/www.europesays.com\/fr\/wp-json\/wp\/v2\/types\/post"}],"author":[{"embeddable":true,"href":"https:\/\/www.europesays.com\/fr\/wp-json\/wp\/v2\/users\/2"}],"replies":[{"embeddable":true,"href":"https:\/\/www.europesays.com\/fr\/wp-json\/wp\/v2\/comments?post=532484"}],"version-history":[{"count":0,"href":"https:\/\/www.europesays.com\/fr\/wp-json\/wp\/v2\/posts\/532484\/revisions"}],"wp:featuredmedia":[{"embeddable":true,"href":"https:\/\/www.europesays.com\/fr\/wp-json\/wp\/v2\/media\/532485"}],"wp:attachment":[{"href":"https:\/\/www.europesays.com\/fr\/wp-json\/wp\/v2\/media?parent=532484"}],"wp:term":[{"taxonomy":"category","embeddable":true,"href":"https:\/\/www.europesays.com\/fr\/wp-json\/wp\/v2\/categories?post=532484"},{"taxonomy":"post_tag","embeddable":true,"href":"https:\/\/www.europesays.com\/fr\/wp-json\/wp\/v2\/tags?post=532484"}],"curies":[{"name":"wp","href":"https:\/\/api.w.org\/{rel}","templated":true}]}}