{"id":532502,"date":"2025-11-14T00:34:12","date_gmt":"2025-11-14T00:34:12","guid":{"rendered":"https:\/\/www.europesays.com\/fr\/532502\/"},"modified":"2025-11-14T00:34:12","modified_gmt":"2025-11-14T00:34:12","slug":"communaute-de-travail-des-pyrenees-loccitanie-cede-la-presidence-a-la-navarre","status":"publish","type":"post","link":"https:\/\/www.europesays.com\/fr\/532502\/","title":{"rendered":"Communaut\u00e9 de travail des Pyr\u00e9n\u00e9es. L&rsquo;Occitanie c\u00e8de la pr\u00e9sidence \u00e0 la Navarre"},"content":{"rendered":"<p>Le mercredi 12\u00a0novembre, Toulouse a accueilli le quarante-troisi\u00e8me conseil pl\u00e9nier de la Communaut\u00e9 de travail des Pyr\u00e9n\u00e9es (CTP), au cours duquel Pascale P\u00e9raldi, conseill\u00e8re r\u00e9gionale repr\u00e9sentant Carole Delga, actuelle pr\u00e9sidente de la CTP, a pass\u00e9 le relais \u00e0 la Communaut\u00e9 forale de Navarre, territoire qui assumera la pr\u00e9sidence jusqu\u2019\u00e0 la fin de l\u2019ann\u00e9e 2027.<\/p>\n<p>Cr\u00e9\u00e9e en 1983, la Communaut\u00e9 de travail des Pyr\u00e9n\u00e9es r\u00e9unit sept territoires pyr\u00e9n\u00e9ens\u00a0: les communaut\u00e9s autonomes espagnoles du Pays basque, de Navarre, d\u2019Aragon et de Catalogne, les R\u00e9gions fran\u00e7aises de Nouvelle-Aquitaine et d\u2019Occitanie, et la Principaut\u00e9 d\u2019Andorre. Sa pr\u00e9sidence est tournante et renouvel\u00e9e tous les deux ans. Chaque ann\u00e9e se tient un Conseil pl\u00e9nier en pr\u00e9sence des plus hauts repr\u00e9sentants politiques de ces territoires. Il d\u00e9finit les orientations strat\u00e9giques et politiques pour l\u2019ann\u00e9e suivante, qui sont consign\u00e9es dans la \u00ab\u00a0D\u00e9claration commune des pr\u00e9sidents et pr\u00e9sidentes\u00a0\u00bb.<\/p>\n","protected":false},"excerpt":{"rendered":"Le mercredi 12\u00a0novembre, Toulouse a accueilli le quarante-troisi\u00e8me conseil pl\u00e9nier de la Communaut\u00e9 de travail des Pyr\u00e9n\u00e9es (CTP),&hellip;\n","protected":false},"author":2,"featured_media":373637,"comment_status":"","ping_status":"","sticky":false,"template":"","format":"standard","meta":{"footnotes":""},"categories":[2816],"tags":[1111,11,61541,1777,674,1011,27,14,12,2680,25,2312],"class_list":{"0":"post-532502","1":"post","2":"type-post","3":"status-publish","4":"format-standard","5":"has-post-thumbnail","7":"category-toulouse","8":"tag-actu","9":"tag-actualites","10":"tag-cooperation-internationale","11":"tag-eu","12":"tag-europe","13":"tag-fr","14":"tag-france","15":"tag-international","16":"tag-news","17":"tag-occitanie","18":"tag-republique-francaise","19":"tag-toulouse"},"share_on_mastodon":{"url":"https:\/\/pubeurope.com\/@fr\/115545247932038255","error":""},"_links":{"self":[{"href":"https:\/\/www.europesays.com\/fr\/wp-json\/wp\/v2\/posts\/532502","targetHints":{"allow":["GET"]}}],"collection":[{"href":"https:\/\/www.europesays.com\/fr\/wp-json\/wp\/v2\/posts"}],"about":[{"href":"https:\/\/www.europesays.com\/fr\/wp-json\/wp\/v2\/types\/post"}],"author":[{"embeddable":true,"href":"https:\/\/www.europesays.com\/fr\/wp-json\/wp\/v2\/users\/2"}],"replies":[{"embeddable":true,"href":"https:\/\/www.europesays.com\/fr\/wp-json\/wp\/v2\/comments?post=532502"}],"version-history":[{"count":0,"href":"https:\/\/www.europesays.com\/fr\/wp-json\/wp\/v2\/posts\/532502\/revisions"}],"wp:featuredmedia":[{"embeddable":true,"href":"https:\/\/www.europesays.com\/fr\/wp-json\/wp\/v2\/media\/373637"}],"wp:attachment":[{"href":"https:\/\/www.europesays.com\/fr\/wp-json\/wp\/v2\/media?parent=532502"}],"wp:term":[{"taxonomy":"category","embeddable":true,"href":"https:\/\/www.europesays.com\/fr\/wp-json\/wp\/v2\/categories?post=532502"},{"taxonomy":"post_tag","embeddable":true,"href":"https:\/\/www.europesays.com\/fr\/wp-json\/wp\/v2\/tags?post=532502"}],"curies":[{"name":"wp","href":"https:\/\/api.w.org\/{rel}","templated":true}]}}