{"id":532509,"date":"2025-11-14T00:38:17","date_gmt":"2025-11-14T00:38:17","guid":{"rendered":"https:\/\/www.europesays.com\/fr\/532509\/"},"modified":"2025-11-14T00:38:17","modified_gmt":"2025-11-14T00:38:17","slug":"les-5-pieces-de-theatre-qui-feront-parler-delles-a-marseille-en-decembre","status":"publish","type":"post","link":"https:\/\/www.europesays.com\/fr\/532509\/","title":{"rendered":"Les 5 pi\u00e8ces de th\u00e9\u00e2tre qui feront parler d\u2019elles \u00e0 Marseille en d\u00e9cembre"},"content":{"rendered":"<p class=\"intro\">D\u00e9cembre s&rsquo;annonce riche en \u00e9motions th\u00e9\u00e2trales dans la r\u00e9gion marseillaise\u00a0! Entre immersion judiciaire r\u00e9volutionnaire, conte universel revisit\u00e9 et performances drag d\u00e9cal\u00e9es, la programmation de ce mois promet de belles surprises. Que vous planifiez vos sorties du week-end des 7-8, 14-15, 21-22 ou 28-29 d\u00e9cembre, ou que vous cherchiez simplement une \u00e9chapp\u00e9e culturelle en semaine, ces cinq spectacles sauront r\u00e9veiller votre \u00e2me de spectateur. Pr\u00e9parez-vous \u00e0 vivre des exp\u00e9riences th\u00e9\u00e2trales qui sortent des sentiers battus\u00a0!<\/p>\n<p class=\"intro\"><a data-lightbox=\"article\" data-title=\"Le mois de d\u00e9cembre s&#039;annonce riche en propositions th\u00e9\u00e2trales dans la cit\u00e9 phoc\u00e9enne. \u00a9 Freepik\" class=\"image detail fullwidth\" href=\"https:\/\/www.jds.fr\/medias\/image\/les-5-pieces-de-theatre-qui-feront-parler-d-elles--770596-1200-0-F.webp\" title=\"Le mois de d\u00e9cembre s&#039;annonce riche en propositions th\u00e9\u00e2trales dans la cit\u00e9 phoc\u00e9enne. \u00a9 Freepik\" target=\"_blank\" rel=\"noopener\"><br \/>\n<img decoding=\"async\" loading=\"lazy\" src=\"https:\/\/www.europesays.com\/fr\/wp-content\/uploads\/2025\/11\/les-5-pieces-de-theatre-qui-feront-parler-d-elles--770596-1200-0.webp.webp\"   alt=\"Le mois de d\u00e9cembre s'annonce riche en propositions th\u00e9\u00e2trales dans la cit\u00e9 phoc\u00e9enne.\" class=\"shortcode_image border\"\/><br \/>\n\u00a9 Freepik<br \/>\nLe mois de d\u00e9cembre s&rsquo;annonce riche en propositions th\u00e9\u00e2trales dans la cit\u00e9 phoc\u00e9enne.<br \/>\n<\/a>\n<\/p>\n<p>1\/ [Coup de\u00a0\u2764\ufe0f JDS] The Jury Experience\u00a0: quand vous devenez la justice<\/p>\n<p>\ud83c\udfdb\ufe0f Imaginez-vous dans la peau d&rsquo;un jur\u00e9 lors d&rsquo;un proc\u00e8s o\u00f9 chaque d\u00e9cision compte. <a href=\"https:\/\/www.jds.fr\/marseille\/spectacles\/theatre\/the-jury-experience-une-affaire-immersive-au-c-ur-d-une-salle-d-audience-1143025_A\" target=\"_blank\" rel=\"noopener\">The Jury Experience \u00e0 Marseille<\/a> transforme le public en v\u00e9ritable jury d&rsquo;assises dans une exp\u00e9rience th\u00e9\u00e2trale immersive unique en son genre.\u00a0\u2696\ufe0f Cette cr\u00e9ation audacieuse place les spectateurs au centre d&rsquo;un dilemme moral complexe o\u00f9 ils devront analyser t\u00e9moignages, preuves forensiques et arguments contradictoires. La s\u00e9lection de ce spectacle s&rsquo;imposait tant cette approche novatrice du th\u00e9\u00e2tre red\u00e9finit les codes traditionnels du genre.<\/p>\n<p>\ud83d\udca1 <strong>Notre conseil\u00a0:<\/strong> Arrivez 15 minutes avant le d\u00e9but pour vous immerger pleinement dans l&rsquo;ambiance de la salle d&rsquo;audience et n&rsquo;oubliez pas votre smartphone pour participer aux moments interactifs cl\u00e9s.<\/p>\n<p>\ud83d\udccd Cosquer M\u00e9diterran\u00e9e | Marseille<br \/>\ud83d\udcc5 Du 18\/12\/2025 au 15\/05\/2026<\/p>\n<p class=\"mise_en_avant\">\ud83d\udc49 <a href=\"https:\/\/www.jds.fr\/marseille\/spectacles\/theatre\/the-jury-experience-une-affaire-immersive-au-c-ur-d-une-salle-d-audience-1143025_A\" target=\"_blank\" rel=\"noopener\">[Coup de\u00a0\u2764\ufe0f JDS] The Jury Experience\u00a0: une affaire immersive au c\u0153ur d&rsquo;une salle d&rsquo;audience\u00a0: toutes les informations<\/a><\/p>\n<p><a class=\"btn btn-lg shadow-lg btn-primary rounded-pill fnac_link\" data-fnac=\"in_article\" href=\"https:\/\/pdt.tradedoubler.com\/click?a(3419081)p(354825)product(103801-411259)ttid(3)url(https%3A%2F%2Ffeverup.com%2Fm%2F411259)\" target=\"_blank\" rel=\"nofollow noopener\"> Acheter des billets<\/a><\/p>\n<p><a data-lightbox=\"article\" data-title=\" DR\" class=\"image detail fullwidth\" href=\"https:\/\/www.jds.fr\/medias\/image\/the-jury-experience-une-affaire-immersive-au-c-ur--704059-1200-0-F.webp\" title=\" DR\" target=\"_blank\" rel=\"noopener\"><br \/>\n<img decoding=\"async\" loading=\"lazy\" src=\"https:\/\/www.europesays.com\/fr\/wp-content\/uploads\/2025\/11\/the-jury-experience-une-affaire-immersive-au-c-ur--704059-1200-0.webp.webp\"   alt=\"The Jury Experience : une affaire immersive au c\u0153ur d\u2019une salle d\u2019audience\" class=\"shortcode_image border\"\/><br \/>\n\u00a9 DR<br \/>\n<\/a>\n<\/p>\n<p>2\/ Le Petit Prince\u00a0: l&rsquo;intemporel voyage aux \u00e9toiles<\/p>\n<p>\u2728 Le chef-d&rsquo;\u0153uvre d&rsquo;Antoine de Saint-Exup\u00e9ry prend vie sur les planches de <a href=\"https:\/\/www.jds.fr\/marseille\/spectacles\/theatre\/le-petit-prince-1054335_A\" target=\"_blank\" rel=\"noopener\">Le Petit Prince \u00e0 La Ciotat<\/a> dans une adaptation th\u00e9\u00e2trale sensible et inventive. \ud83c\udf1f Deux com\u00e9diens endossent les multiples r\u00f4les de cet univers po\u00e9tique, accompagn\u00e9s d&rsquo;un guitariste qui ponctue le voyage initiatique de m\u00e9lodies \u00e9lectriques. Cette production du V\u00e9lo Vol\u00e9 m\u00e9rite sa place dans notre s\u00e9lection pour sa sc\u00e9nographie \u00e9pur\u00e9e qui fait litt\u00e9ralement na\u00eetre chaque d\u00e9cor sous nos yeux, du d\u00e9sert aux jardins de roses.<\/p>\n<p>\ud83d\udca1 <strong>\u00c0 savoir\u00a0:<\/strong> Ce spectacle d&rsquo;une heure s&rsquo;adresse autant aux adultes nostalgiques qu&rsquo;aux enfants d\u00e9couvrant cette \u0153uvre universelle &#8211; une parfaite sortie familiale pour d\u00e9buter les festivit\u00e9s de d\u00e9cembre.<\/p>\n<p>\ud83d\udccd La Chaudronnerie | La Ciotat<br \/>\ud83d\udcc5 Le 02\/12\/2025<\/p>\n<p class=\"mise_en_avant\">\ud83d\udc49 <a href=\"https:\/\/www.jds.fr\/marseille\/spectacles\/theatre\/le-petit-prince-1054335_A\" target=\"_blank\" rel=\"noopener\">Le Petit Prince\u00a0: toutes les informations<\/a><\/p>\n<p><a class=\"btn btn-lg shadow-lg btn-primary rounded-pill fnac_link\" data-fnac=\"in_article\" href=\"https:\/\/www.awin1.com\/pclick.php?p=41672688803&amp;a=634278&amp;m=12494&amp;clickref=in_article-A-desktop\" target=\"_blank\" rel=\"nofollow noopener\"> Acheter des billets<\/a><\/p>\n<p>\u00a0<\/p>\n<p>3\/ Figaro On Air\u00a0: Beaumarchais \u00e0 l&rsquo;heure du podcast<\/p>\n<p>\ud83c\udf99\ufe0f Audrey Bonnefoy r\u00e9volutionne l&rsquo;approche th\u00e9\u00e2trale avec <a href=\"https:\/\/www.jds.fr\/marseille\/spectacles\/theatre\/figaro-on-air-1198846_A\" target=\"_blank\" rel=\"noopener\">Figaro On Air \u00e0 Istres<\/a>, transformant Le Mariage de Figaro en exp\u00e9rience sonore immersive. \ud83d\udcfb Six com\u00e9diens \u00e9voluent autour de micros d&rsquo;\u00e9mission radio pendant que le public, casque sur les oreilles, assiste \u00e0 cette\u00a0\u00ab\u00a0Folle journ\u00e9e\u00a0\u00bb revisit\u00e9e dans un format in\u00e9dit. Cette cr\u00e9ation trouve sa place dans notre s\u00e9lection gr\u00e2ce \u00e0 son approche novatrice qui cr\u00e9e un pont audacieux entre tradition classique et modernit\u00e9 radiophonique.<\/p>\n<p>\ud83d\udca1 <strong>Conseil pratique\u00a0:<\/strong> Privil\u00e9giez la voiture pour vous rendre \u00e0 l&rsquo;Espace 233 avec le parking gratuit \u00e0 proximit\u00e9, et pr\u00e9parez-vous \u00e0 vivre une exp\u00e9rience sensorielle totalement in\u00e9dite.<\/p>\n<p>\ud83d\udccd Espace 233 | Istres<br \/>\ud83d\udcc5 Le 04\/12\/2025<\/p>\n<p class=\"mise_en_avant\">\ud83d\udc49 <a href=\"https:\/\/www.jds.fr\/marseille\/spectacles\/theatre\/figaro-on-air-1198846_A\" target=\"_blank\" rel=\"noopener\">Figaro On Air\u00a0: toutes les informations<\/a><\/p>\n<p><a class=\"btn btn-lg shadow-lg btn-primary rounded-pill fnac_link\" data-fnac=\"in_article\" href=\"https:\/\/www.awin1.com\/pclick.php?p=42645791024&amp;a=634278&amp;m=12494&amp;clickref=in_article-A-desktop\" target=\"_blank\" rel=\"nofollow noopener\"> Acheter des billets<\/a><\/p>\n<p>\u00a0<\/p>\n<p>4\/ Tria Fata\u00a0: quand marionnettes et musique tissent la vie<\/p>\n<p>\ud83c\udfad Une vieille dame n\u00e9gocie avec la Mort un dernier voyage \u00e0 travers son existence dans <a href=\"https:\/\/www.jds.fr\/marseille\/spectacles\/theatre\/tria-fata-1053515_A\" target=\"_blank\" rel=\"noopener\">Tria Fata \u00e0 Port-de-Bouc<\/a>. \ud83c\udfb5 Ce bijou de po\u00e9sie sc\u00e9nique m\u00eale th\u00e9\u00e2tre d&rsquo;ombres, marionnettes virtuoses et musique live dans un kal\u00e9idoscope visuel et sonore saisissant. Cette production m\u00e9rite amplement sa s\u00e9lection pour sa capacit\u00e9 \u00e0 transformer un sujet grave en voyage dr\u00f4le et profond\u00e9ment humain, o\u00f9 chaque manipulation devient miroir de nos destin\u00e9es.<\/p>\n<p>\ud83d\udca1 <strong>Notre avis\u00a0:<\/strong> Ce spectacle de 55 minutes accessible d\u00e8s 9 ans offre une belle occasion de partager \u00e9motions et r\u00e9flexions en famille dans le cadre intimiste du Th\u00e9\u00e2tre le S\u00e9maphore.<\/p>\n<p>\ud83d\udccd Th\u00e9\u00e2tre le Semaphore | Port-de-Bouc<br \/>\ud83d\udcc5 Le 09\/12\/2025<\/p>\n<p class=\"mise_en_avant\">\ud83d\udc49 <a href=\"https:\/\/www.jds.fr\/marseille\/spectacles\/theatre\/tria-fata-1053515_A\" target=\"_blank\" rel=\"noopener\">Tria fata\u00a0: toutes les informations<\/a><\/p>\n<p><a data-lightbox=\"article\" data-title=\" \u00a9 Virginie Meigne\u0301\" class=\"image detail fullwidth\" href=\"https:\/\/www.jds.fr\/medias\/image\/0.68850800-1750686138-658496-1200-0-F.webp\" title=\" \u00a9 Virginie Meigne\u0301\" target=\"_blank\" rel=\"noopener\"><br \/>\n<img decoding=\"async\" loading=\"lazy\" src=\"https:\/\/www.europesays.com\/fr\/wp-content\/uploads\/2025\/11\/0.68850800-1750686138-658496-1200-0.webp.webp\"   alt=\"Tria fata\" class=\"shortcode_image border\"\/><br \/>\n\u00a9 Virginie Meigne\u0301<br \/>\n<\/a>\n<\/p>\n<p>5\/ Mutantes Time Machine\u00a0: voyage spatio-temporel en paillettes<\/p>\n<p>\ud83c\udf08 Le collectif marseillais Mutantes embarque son public dans un voyage \u00e0 travers les \u00e9poques avec <a href=\"https:\/\/www.jds.fr\/marseille\/spectacles\/theatre\/mutantes-time-machine-1206537_A\" target=\"_blank\" rel=\"noopener\">Mutantes Time Machine \u00e0 Marseille<\/a>.\u00a0\u2728 Cette soir\u00e9e en deux parties m\u00eale spectacle complet et performances solos personnelles o\u00f9 chaque artiste queer et drag d\u00e9ploie son univers unique fait de danse, th\u00e9\u00e2tre, lipsync et stand-up. Cette cr\u00e9ation cl\u00f4t parfaitement notre s\u00e9lection par sa capacit\u00e9 \u00e0 r\u00e9inventer les classiques de la pop-culture avec humour et audace cr\u00e9ative.<\/p>\n<p>\ud83d\udca1 <strong>Astuce de pro\u00a0:<\/strong> Pr\u00e9parez-vous \u00e0 une nuit pleine de rires et de paillettes au Th\u00e9\u00e2tre de l&rsquo;\u0152uvre &#8211; l&rsquo;ambiance promet d&rsquo;\u00eatre \u00e9lectrisante et les failles spatio-temporelles, d\u00e9licieusement d\u00e9cal\u00e9es\u00a0!<\/p>\n<p>\ud83d\udccd Th\u00e9\u00e2tre de l&rsquo;\u0152uvre | Marseille<br \/>\ud83d\udcc5 Le 12\/12\/2025<\/p>\n<p class=\"mise_en_avant\">\ud83d\udc49 <a href=\"https:\/\/www.jds.fr\/marseille\/spectacles\/theatre\/mutantes-time-machine-1206537_A\" target=\"_blank\" rel=\"noopener\">Mutantes &#8211; Time Machine\u00a0: toutes les informations<\/a><\/p>\n<p><a data-lightbox=\"article\" data-title=\" \u00a9 Alexandra Berger\" class=\"image detail fullwidth\" href=\"https:\/\/www.jds.fr\/medias\/image\/0.75603600-1759848880-740945-1200-0-F.webp\" title=\" \u00a9 Alexandra Berger\" target=\"_blank\" rel=\"noopener\"><br \/>\n<img decoding=\"async\" loading=\"lazy\" src=\"https:\/\/www.europesays.com\/fr\/wp-content\/uploads\/2025\/11\/0.75603600-1759848880-740945-1200-0.webp.webp\"   alt=\"Mutantes - Time Machine\" class=\"shortcode_image border\"\/><br \/>\n\u00a9 Alexandra Berger<br \/>\n<\/a><\/p>\n","protected":false},"excerpt":{"rendered":"D\u00e9cembre s&rsquo;annonce riche en \u00e9motions th\u00e9\u00e2trales dans la r\u00e9gion marseillaise\u00a0! Entre immersion judiciaire r\u00e9volutionnaire, conte universel revisit\u00e9 et&hellip;\n","protected":false},"author":2,"featured_media":532510,"comment_status":"","ping_status":"","sticky":false,"template":"","format":"standard","meta":{"footnotes":""},"categories":[2814],"tags":[1111,11,1777,674,1011,27,884,12,882,25],"class_list":{"0":"post-532509","1":"post","2":"type-post","3":"status-publish","4":"format-standard","5":"has-post-thumbnail","7":"category-marseille","8":"tag-actu","9":"tag-actualites","10":"tag-eu","11":"tag-europe","12":"tag-fr","13":"tag-france","14":"tag-marseille","15":"tag-news","16":"tag-provence-alpes-cote-dazur","17":"tag-republique-francaise"},"share_on_mastodon":{"url":"https:\/\/pubeurope.com\/@fr\/115545263874853845","error":""},"_links":{"self":[{"href":"https:\/\/www.europesays.com\/fr\/wp-json\/wp\/v2\/posts\/532509","targetHints":{"allow":["GET"]}}],"collection":[{"href":"https:\/\/www.europesays.com\/fr\/wp-json\/wp\/v2\/posts"}],"about":[{"href":"https:\/\/www.europesays.com\/fr\/wp-json\/wp\/v2\/types\/post"}],"author":[{"embeddable":true,"href":"https:\/\/www.europesays.com\/fr\/wp-json\/wp\/v2\/users\/2"}],"replies":[{"embeddable":true,"href":"https:\/\/www.europesays.com\/fr\/wp-json\/wp\/v2\/comments?post=532509"}],"version-history":[{"count":0,"href":"https:\/\/www.europesays.com\/fr\/wp-json\/wp\/v2\/posts\/532509\/revisions"}],"wp:featuredmedia":[{"embeddable":true,"href":"https:\/\/www.europesays.com\/fr\/wp-json\/wp\/v2\/media\/532510"}],"wp:attachment":[{"href":"https:\/\/www.europesays.com\/fr\/wp-json\/wp\/v2\/media?parent=532509"}],"wp:term":[{"taxonomy":"category","embeddable":true,"href":"https:\/\/www.europesays.com\/fr\/wp-json\/wp\/v2\/categories?post=532509"},{"taxonomy":"post_tag","embeddable":true,"href":"https:\/\/www.europesays.com\/fr\/wp-json\/wp\/v2\/tags?post=532509"}],"curies":[{"name":"wp","href":"https:\/\/api.w.org\/{rel}","templated":true}]}}