{"id":532513,"date":"2025-11-14T00:40:19","date_gmt":"2025-11-14T00:40:19","guid":{"rendered":"https:\/\/www.europesays.com\/fr\/532513\/"},"modified":"2025-11-14T00:40:19","modified_gmt":"2025-11-14T00:40:19","slug":"ce-que-les-douanes-ont-decouvert-dans-des-entrepots-pres-de-lyon","status":"publish","type":"post","link":"https:\/\/www.europesays.com\/fr\/532513\/","title":{"rendered":"ce que les douanes ont d\u00e9couvert dans des entrep\u00f4ts pr\u00e8s de Lyon"},"content":{"rendered":"<p>Ce mercredi 12 novembre, les services douaniers de la direction interr\u00e9gionale Auvergne-Rh\u00f4ne-Alpes ont men\u00e9 une vaste op\u00e9ration de contr\u00f4le dans\u00a0quatre entrep\u00f4ts logistiques, situ\u00e9s \u00e0\u00a0V\u00e9nissieux, Bron, Jonage et dans l\u2019Is\u00e8re.<\/p>\n<p>Cette op\u00e9ration coordonn\u00e9e par la pr\u00e9fecture de r\u00e9gion a r\u00e9uni au total\u00a016 agents\u00a0issus du bureau de Lyon Saint-Exup\u00e9ry et des brigades de Lyon et Grenoble ont proc\u00e9d\u00e9 \u00e0 la\u00a0v\u00e9rification de 326 colis\u00a0de marchandises import\u00e9es, \u00ab\u00a0principalement de Chine.\u00a0\u00bb R\u00e9sultat :\u00a032 contentieux relev\u00e9s, soit pr\u00e8s de\u00a010 % des produits contr\u00f4l\u00e9s jug\u00e9s non conformes. \u00ab\u00a0Il s\u2019agissait principalement de contrefa\u00e7on, plus de 200 articles de pi\u00e8tre qualit\u00e9, qui ont pu \u00eatre ainsi retir\u00e9s du circuit commercial\u00a0\u00bb,pr\u00e9cise les douanes.<\/p>\n<p>Selon la direction des douanes,\u00a0les contrefa\u00e7ons \u00e9taient concentr\u00e9es sur deux sites\u00a0: \u00ab\u00a035 et 169 articles\u00a0\u00bb, quasi exclusivement du\u00a0textile :\u00a0des\u00a0baskets\u00a0et du\u00a0pr\u00eat-\u00e0-porter de mode\u00a0contrefaits. Quelques\u00a0saisies de stup\u00e9fiants et de cigarettes, \u00ab\u00a0choses assez classiques lors de ce genre de contr\u00f4le\u00a0\u00bb, ont \u00e9galement \u00e9t\u00e9 r\u00e9alis\u00e9es.<\/p>\n<p>Des\u00a0contr\u00f4les de conformit\u00e9\u00a0ont compl\u00e9t\u00e9 l\u2019op\u00e9ration : \u00ab\u00a0Quatre colis non conformes ont \u00e9t\u00e9 identifi\u00e9s concernant des produits cosm\u00e9tiques\u00a0\u00bb, pr\u00e9cise la DGDDI. Ces marchandises ont \u00e9t\u00e9 saisies pour des\u00a0<strong>r<\/strong>aisons de s\u00e9curit\u00e9 sanitaire, bien qu\u2019elles ne soient pas \u00e0 l&rsquo;origine prohib\u00e9es.<\/p>\n<p><img loading=\"lazy\" decoding=\"async\" style=\"display: block; margin-left: auto; margin-right: auto;\" src=\"https:\/\/www.europesays.com\/fr\/wp-content\/uploads\/2025\/11\/capture-d-ecran-2025-11-13-a-18-54-26-50203.png\" alt=\"\" width=\"500\" height=\"796\"\/><\/p>\n<p><strong>Des contr\u00f4les hebdomadaires dans le secteur lyonnais<\/strong><\/p>\n<p>Ces contr\u00f4les dans les entrep\u00f4ts de\u00a0fret express\u00a0(DHL, Chronopost, DPD, Mondial Relay, etc.) sont \u00ab\u00a0tr\u00e8s r\u00e9guliers, au moins une fois par semaine dans le secteur de Lyon.\u00a0\u00bb Ils s\u2019inscrivent dans \u00ab\u00a0une d\u00e9marche forte engag\u00e9e depuis de nombreuses ann\u00e9es\u00a0\u00bb par les services douaniers.<\/p>\n<p>Depuis le d\u00e9but de l\u2019ann\u00e9e,\u00a0plus de 5 000 contr\u00f4les physiques\u00a0ont \u00e9t\u00e9 effectu\u00e9s dans le fret express et\u00a0637 op\u00e9rations en entrep\u00f4ts, soit\u00a0plus de 10 000 heures d\u2019interventions. Au\u00a031 octobre 2025,\u00a01 900 contentieux\u00a0ont \u00e9t\u00e9 relev\u00e9s dans la r\u00e9gion, dont pr\u00e8s de\u00a0930 dans l\u2019agglom\u00e9ration lyonnaise, soit\u00a0pr\u00e8s de la moiti\u00e9 des saisies r\u00e9gionales.<\/p>\n","protected":false},"excerpt":{"rendered":"Ce mercredi 12 novembre, les services douaniers de la direction interr\u00e9gionale Auvergne-Rh\u00f4ne-Alpes ont men\u00e9 une vaste op\u00e9ration de&hellip;\n","protected":false},"author":2,"featured_media":532514,"comment_status":"","ping_status":"","sticky":false,"template":"","format":"standard","meta":{"footnotes":""},"categories":[1889],"tags":[1111,11,2813,2190,2430,1109,251,1112,2811,1777,674,118,1011,27,1922,1110,1114,2428,2810,12,241,316,25,2812,517,800],"class_list":{"0":"post-532513","1":"post","2":"type-post","3":"status-publish","4":"format-standard","5":"has-post-thumbnail","7":"category-lyon","8":"tag-actu","9":"tag-actualites","10":"tag-article","11":"tag-asvel","12":"tag-auvergne-rhone-alpes","13":"tag-breves","14":"tag-culture","15":"tag-depeches","16":"tag-economique","17":"tag-eu","18":"tag-europe","19":"tag-faits-divers","20":"tag-fr","21":"tag-france","22":"tag-info","23":"tag-informations","24":"tag-infos","25":"tag-lyon","26":"tag-lyonmag","27":"tag-news","28":"tag-ol","29":"tag-politique","30":"tag-republique-francaise","31":"tag-sociale","32":"tag-sport","33":"tag-transports"},"share_on_mastodon":{"url":"https:\/\/pubeurope.com\/@fr\/115545272131838051","error":""},"_links":{"self":[{"href":"https:\/\/www.europesays.com\/fr\/wp-json\/wp\/v2\/posts\/532513","targetHints":{"allow":["GET"]}}],"collection":[{"href":"https:\/\/www.europesays.com\/fr\/wp-json\/wp\/v2\/posts"}],"about":[{"href":"https:\/\/www.europesays.com\/fr\/wp-json\/wp\/v2\/types\/post"}],"author":[{"embeddable":true,"href":"https:\/\/www.europesays.com\/fr\/wp-json\/wp\/v2\/users\/2"}],"replies":[{"embeddable":true,"href":"https:\/\/www.europesays.com\/fr\/wp-json\/wp\/v2\/comments?post=532513"}],"version-history":[{"count":0,"href":"https:\/\/www.europesays.com\/fr\/wp-json\/wp\/v2\/posts\/532513\/revisions"}],"wp:featuredmedia":[{"embeddable":true,"href":"https:\/\/www.europesays.com\/fr\/wp-json\/wp\/v2\/media\/532514"}],"wp:attachment":[{"href":"https:\/\/www.europesays.com\/fr\/wp-json\/wp\/v2\/media?parent=532513"}],"wp:term":[{"taxonomy":"category","embeddable":true,"href":"https:\/\/www.europesays.com\/fr\/wp-json\/wp\/v2\/categories?post=532513"},{"taxonomy":"post_tag","embeddable":true,"href":"https:\/\/www.europesays.com\/fr\/wp-json\/wp\/v2\/tags?post=532513"}],"curies":[{"name":"wp","href":"https:\/\/api.w.org\/{rel}","templated":true}]}}