{"id":532523,"date":"2025-11-14T00:46:14","date_gmt":"2025-11-14T00:46:14","guid":{"rendered":"https:\/\/www.europesays.com\/fr\/532523\/"},"modified":"2025-11-14T00:46:14","modified_gmt":"2025-11-14T00:46:14","slug":"pc-securite-transforme-en-residence-dartiste-collection-abimee-par-un-defile-de-mode-la-direction-du-musee-du-louvre-a-multiplie-les-bourdes","status":"publish","type":"post","link":"https:\/\/www.europesays.com\/fr\/532523\/","title":{"rendered":"PC s\u00e9curit\u00e9 transform\u00e9 en r\u00e9sidence d&rsquo;artiste, collection ab\u00eem\u00e9e par un d\u00e9fil\u00e9 de mode\u2026 La direction du mus\u00e9e du Louvre a multipli\u00e9 les bourdes"},"content":{"rendered":"<p>                                            Soci\u00e9t\u00e9\n                                                                            <\/p>\n<p>\n                                            La direction du mus\u00e9e du Louvre a \u00e9t\u00e9 \u00e9pingl\u00e9e apr\u00e8s le vol spectaculaire de bijoux de la Couronne, survenu le 19 octobre. Avant cela, d&rsquo;autres incidents, mettant en danger les \u0153uvres expos\u00e9es, avaient \u00e9t\u00e9 d\u00e9plor\u00e9s.                                        <\/p>\n<p>                                                Publi\u00e9 le 13 novembre 2025 \u00e0 21h30                                                                                            <\/p>\n<p>                                            <img loading=\"lazy\" width=\"1024\" height=\"683\" src=\"https:\/\/www.europesays.com\/fr\/wp-content\/uploads\/2025\/11\/SIPA_ap22993568_000002-1.jpg\" class=\"attachment-post-thumbnail size-post-thumbnail wp-post-image\" alt=\"La s\u00e9curit\u00e9 du mus\u00e9e du Louvre a \u00e9t\u00e9 n\u00e9glig\u00e9e, d\u00e9nonce la Cour des comptes. PHOTO \u00a9 Emma Da Silva\/AP\/SIPA\" decoding=\"async\"  \/><\/p>\n<p>                                            La s\u00e9curit\u00e9 du mus\u00e9e du Louvre a \u00e9t\u00e9 n\u00e9glig\u00e9e, d\u00e9nonce la Cour des comptes. PHOTO \u00a9 Emma Da Silva\/AP\/SIPA<\/p>\n<p>La s\u00e9curit\u00e9 du mus\u00e9e du Louvre, le plus c\u00e9l\u00e8bre au monde, a \u00e9t\u00e9 vivement point\u00e9e du doigt apr\u00e8s <a href=\"https:\/\/www.valeursactuelles.com\/clubvaleurs\/histoire\/histoire-le-cambriolage-des-bijoux-du-louvre-est-il-encore-le-vol-du-siecle\" target=\"_blank\" rel=\"noopener sponsored nofollow\">le casse spectaculaire<\/a> du 19 octobre dernier. En quelques minutes seulement, huit bijoux de la Couronne ont \u00e9t\u00e9 d\u00e9rob\u00e9s. Celui-ci a mis la lumi\u00e8re sur les <a href=\"https:\/\/www.valeursactuelles.com\/faits-divers\/cambriolage-au-louvre-le-mot-de-passe-pour-acceder-au-serveur-gerant-la-videosurveillance-etait-louvre\" target=\"_blank\" rel=\"noopener sponsored nofollow\">nombreuses failles<\/a> dans le d\u00e9ploiement de dispositifs de s\u00e9curit\u00e9 dans le mus\u00e9e, comme l\u2019indique le rapport de la Cour des comptes publi\u00e9e en novembre.<\/p>\n<p><a href=\"https:\/\/www.valeursactuelles.com\/politique\/musee-du-louvre-rachida-dati-annonce-la-mise-en-place-de-dispositifs-anti-intrusion-dans-le-musee-avant-fin-2025\" class=\"h-flex h-align-items-center h-border-tb h-ptb-15\" rel=\"nofollow noopener\" target=\"_blank\">A\u00a0LIRE\u00a0Mus\u00e9e du Louvre : Rachida Dati annonce la mise en place de dispositifs anti-intrusion dans le mus\u00e9e avant fin 2025<\/a><\/p>\n<p>Ainsi, selon une information r\u00e9v\u00e9l\u00e9e par <a href=\"https:\/\/www.lecanardenchaine.fr\/culture-idees\/52303-pc-fantome-et-drone-de-drame\" target=\"_blank\" rel=\"nofollow noopener\">Le Canard encha\u00een\u00e9<\/a>, mardi 11 novembre, un projet de poste central de s\u00e9curit\u00e9, cens\u00e9 remplacer l\u2019ancien site v\u00e9tuste, \u00e9tait envisag\u00e9 depuis 2018 dans le pavillon de Flore. Celui-ci devait coordonner la surveillance de l\u2019ensemble du Louvre et permettait un acc\u00e8s facile aux secours.<\/p>\n<p>Toutefois, en 2021, <a href=\"https:\/\/www.valeursactuelles.com\/societe\/je-vais-continuer-a-porter-la-transformation-du-louvre-la-directrice-du-louvre-balaye-le-rapport-tres-severe-de-la-cour-des-comptes\" target=\"_blank\" rel=\"noopener sponsored nofollow\">Laurence des Cars<\/a>, la patronne du mus\u00e9e, a pr\u00e9f\u00e9r\u00e9 le transformer en une r\u00e9sidence d\u2019artiste. Dans le rapport de la Cour des comptes, cette information n\u2019appara\u00eet pas. \u00c0 la place, celui-ci indique que le pavillon de Flore est aujourd\u2019hui un \u00ab magasin d\u2019habillement \u00bb pour le personnel de surveillance.<\/p>\n<p>                    <img decoding=\"async\" src=\"https:\/\/www.europesays.com\/fr\/wp-content\/uploads\/2025\/11\/1763081174_70_maxresdefault.jpg\" alt=\"Vid\u00e9o YouTube\" style=\"width: 100%; height: auto; display: block;\"\/><\/p>\n<p>                        Chargement\u2026                    <\/p>\n<p>Des \u0153uvres mises en danger par la musique d\u2019un d\u00e9fil\u00e9 de mode<\/p>\n<p>La haute magistrature financi\u00e8re a \u00e9galement accus\u00e9 la direction du Louvre de privil\u00e9gier les op\u00e9rations \u00ab visibles et attractives \u00bb <a href=\"https:\/\/www.valeursactuelles.com\/clubvaleurs\/culture\/braquage-au-louvre-100-millions-pour-les-acquisitions-3-millions-pour-la-surete\" target=\"_blank\" rel=\"noopener sponsored nofollow\">au d\u00e9triment de la maintenance ou de la s\u00e9curit\u00e9<\/a>. \u00c0 l\u2019image de cet incident en mars 2016, pass\u00e9 inaper\u00e7u. Comme le rapporte Le Canard encha\u00een\u00e9, le Louvre accueille \u00e0 cette \u00e9poque un d\u00e9fil\u00e9 de la maison Dior dans la cour Carr\u00e9e. Or, la musique diffus\u00e9e sur les enceintes est si puissante que les vibrations ont fortement endommag\u00e9 des tableaux de la collection des Pastels du Louvre.<\/p>\n<p>En outre, quelque temps plus tard, les dirigeants du mus\u00e9e d\u00e9cident d\u2019utiliser un drone pour mettre en avant les \u0153uvres. Or, celui-ci subit une d\u00e9faillance et s\u2019\u00e9crase sur un escalier en fr\u00f4lant la \u00ab Victoire de Samothrace \u00bb, une sculpture datant de la fin de l\u2019Antiquit\u00e9 grecque.<\/p>\n","protected":false},"excerpt":{"rendered":"Soci\u00e9t\u00e9 La direction du mus\u00e9e du Louvre a \u00e9t\u00e9 \u00e9pingl\u00e9e apr\u00e8s le vol spectaculaire de bijoux de la&hellip;\n","protected":false},"author":2,"featured_media":532524,"comment_status":"","ping_status":"","sticky":false,"template":"","format":"standard","meta":{"footnotes":""},"categories":[1888],"tags":[11,1174,1777,674,1011,27,11274,3094,12,626,25,656],"class_list":{"0":"post-532523","1":"post","2":"type-post","3":"status-publish","4":"format-standard","5":"has-post-thumbnail","7":"category-paris","8":"tag-actualites","9":"tag-cambriolage","10":"tag-eu","11":"tag-europe","12":"tag-fr","13":"tag-france","14":"tag-louvre","15":"tag-musee-du-louvre","16":"tag-news","17":"tag-paris","18":"tag-republique-francaise","19":"tag-securite"},"share_on_mastodon":{"url":"https:\/\/pubeurope.com\/@fr\/115545296645541255","error":""},"_links":{"self":[{"href":"https:\/\/www.europesays.com\/fr\/wp-json\/wp\/v2\/posts\/532523","targetHints":{"allow":["GET"]}}],"collection":[{"href":"https:\/\/www.europesays.com\/fr\/wp-json\/wp\/v2\/posts"}],"about":[{"href":"https:\/\/www.europesays.com\/fr\/wp-json\/wp\/v2\/types\/post"}],"author":[{"embeddable":true,"href":"https:\/\/www.europesays.com\/fr\/wp-json\/wp\/v2\/users\/2"}],"replies":[{"embeddable":true,"href":"https:\/\/www.europesays.com\/fr\/wp-json\/wp\/v2\/comments?post=532523"}],"version-history":[{"count":0,"href":"https:\/\/www.europesays.com\/fr\/wp-json\/wp\/v2\/posts\/532523\/revisions"}],"wp:featuredmedia":[{"embeddable":true,"href":"https:\/\/www.europesays.com\/fr\/wp-json\/wp\/v2\/media\/532524"}],"wp:attachment":[{"href":"https:\/\/www.europesays.com\/fr\/wp-json\/wp\/v2\/media?parent=532523"}],"wp:term":[{"taxonomy":"category","embeddable":true,"href":"https:\/\/www.europesays.com\/fr\/wp-json\/wp\/v2\/categories?post=532523"},{"taxonomy":"post_tag","embeddable":true,"href":"https:\/\/www.europesays.com\/fr\/wp-json\/wp\/v2\/tags?post=532523"}],"curies":[{"name":"wp","href":"https:\/\/api.w.org\/{rel}","templated":true}]}}