{"id":532527,"date":"2025-11-14T00:48:19","date_gmt":"2025-11-14T00:48:19","guid":{"rendered":"https:\/\/www.europesays.com\/fr\/532527\/"},"modified":"2025-11-14T00:48:19","modified_gmt":"2025-11-14T00:48:19","slug":"guerre-en-ukraine-massive-attaque-de-la-russie-sur-kiev-les-systemes-de-defense-ukrainiens-actives","status":"publish","type":"post","link":"https:\/\/www.europesays.com\/fr\/532527\/","title":{"rendered":"Guerre en Ukraine\u00a0: \u00ab\u00a0massive attaque\u00a0\u00bb de la Russie sur Kiev, les syst\u00e8mes de d\u00e9fense ukrainiens activ\u00e9s"},"content":{"rendered":"<p class=\"paragraph text_align_left lp-f-body-02\">Kiev subit une attaque \u00ab massive \u00bb t\u00f4t vendredi, a alert\u00e9 le maire de la <a href=\"https:\/\/www.leparisien.fr\/international\/ukraine\/\" target=\"_blank\" rel=\"noreferrer nofollow noopener\">capitale ukrainienne<\/a> Vitali Klitschko, demandant aux habitants de rejoindre des abris.<\/p>\n<p class=\"paragraph text_align_left lp-f-body-02\">\u00ab Les forces de d\u00e9fense a\u00e9rienne op\u00e8rent \u00e0 Kiev \u00bb, a d\u00e9clar\u00e9 Vitali Klitschko sur Telegram, signalant \u00ab une attaque massive de l\u2019ennemi sur la capitale \u00bb, qui a fait au moins deux bless\u00e9s dans le district de Dniprovsky \u00e0 l\u2019est, dont une hospitalis\u00e9e. Dans ce district \u00ab selon les informations pr\u00e9liminaires, des d\u00e9bris ont frapp\u00e9 un immeuble r\u00e9sidentiel de cinq \u00e9tages \u00bb, a-t-il pr\u00e9cis\u00e9. Des incendies se sont d\u00e9clench\u00e9s dans plusieurs quartiers apr\u00e8s les frappes, et les secours ont \u00e9t\u00e9 mobilis\u00e9s, a-t-il ajout\u00e9.<\/p>\n<p class=\"paragraph text_align_left lp-f-body-02\">De fortes explosions ont \u00e9t\u00e9 entendues dans le centre-ville, selon des journalistes de l\u2019AFP, qui ont vu des syst\u00e8mes de d\u00e9fense a\u00e9rienne activ\u00e9s contre des drones et des missiles.<\/p>\n<p class=\"paragraph text_align_left lp-f-body-02\">Depuis f\u00e9vrier 2022, la Russie m\u00e8ne une invasion de grande ampleur contre l\u2019Ukraine, apr\u00e8s avoir d\u00e9j\u00e0 annex\u00e9 la Crim\u00e9e en 2014 et soutenu les s\u00e9paratistes du Donbass. L\u2019offensive initiale, pens\u00e9e pour provoquer une chute rapide du gouvernement ukrainien, a \u00e9chou\u00e9 face \u00e0 la r\u00e9sistance du pays et au soutien massif des Europ\u00e9ens et des \u00c9tats-Unis.<\/p>\n<p class=\"paragraph text_align_left lp-f-body-02\">Le front s\u2019est ensuite stabilis\u00e9 autour de lignes tr\u00e8s \u00e9tendues, marqu\u00e9es par des combats d\u2019artillerie intenses, l\u2019usage croissant de drones et une guerre d\u2019usure qui met \u00e0 rude \u00e9preuve les deux arm\u00e9es.<\/p>\n","protected":false},"excerpt":{"rendered":"Kiev subit une attaque \u00ab massive \u00bb t\u00f4t vendredi, a alert\u00e9 le maire de la capitale ukrainienne Vitali&hellip;\n","protected":false},"author":2,"featured_media":532528,"comment_status":"","ping_status":"","sticky":false,"template":"","format":"standard","meta":{"footnotes":""},"categories":[1591],"tags":[11,1887,14,12,1885,1886,132],"class_list":{"0":"post-532527","1":"post","2":"type-post","3":"status-publish","4":"format-standard","5":"has-post-thumbnail","7":"category-russie","8":"tag-actualites","9":"tag-federation-de-russie","10":"tag-international","11":"tag-news","12":"tag-russia","13":"tag-russian-federation","14":"tag-russie"},"share_on_mastodon":{"url":"https:\/\/pubeurope.com\/@fr\/115545302883604179","error":""},"_links":{"self":[{"href":"https:\/\/www.europesays.com\/fr\/wp-json\/wp\/v2\/posts\/532527","targetHints":{"allow":["GET"]}}],"collection":[{"href":"https:\/\/www.europesays.com\/fr\/wp-json\/wp\/v2\/posts"}],"about":[{"href":"https:\/\/www.europesays.com\/fr\/wp-json\/wp\/v2\/types\/post"}],"author":[{"embeddable":true,"href":"https:\/\/www.europesays.com\/fr\/wp-json\/wp\/v2\/users\/2"}],"replies":[{"embeddable":true,"href":"https:\/\/www.europesays.com\/fr\/wp-json\/wp\/v2\/comments?post=532527"}],"version-history":[{"count":0,"href":"https:\/\/www.europesays.com\/fr\/wp-json\/wp\/v2\/posts\/532527\/revisions"}],"wp:featuredmedia":[{"embeddable":true,"href":"https:\/\/www.europesays.com\/fr\/wp-json\/wp\/v2\/media\/532528"}],"wp:attachment":[{"href":"https:\/\/www.europesays.com\/fr\/wp-json\/wp\/v2\/media?parent=532527"}],"wp:term":[{"taxonomy":"category","embeddable":true,"href":"https:\/\/www.europesays.com\/fr\/wp-json\/wp\/v2\/categories?post=532527"},{"taxonomy":"post_tag","embeddable":true,"href":"https:\/\/www.europesays.com\/fr\/wp-json\/wp\/v2\/tags?post=532527"}],"curies":[{"name":"wp","href":"https:\/\/api.w.org\/{rel}","templated":true}]}}