{"id":532531,"date":"2025-11-14T00:50:17","date_gmt":"2025-11-14T00:50:17","guid":{"rendered":"https:\/\/www.europesays.com\/fr\/532531\/"},"modified":"2025-11-14T00:50:17","modified_gmt":"2025-11-14T00:50:17","slug":"les-etats-unis-signent-des-accords-commerciaux-majeurs-avec-largentine-le-guatemala-lequateur-et-le-salvador","status":"publish","type":"post","link":"https:\/\/www.europesays.com\/fr\/532531\/","title":{"rendered":"Les Etats-Unis signent des accords commerciaux majeurs avec l\u2019Argentine, le Guatemala, l\u2019Equateur et le Salvador"},"content":{"rendered":"<p>                      <img loading=\"lazy\" decoding=\"async\" src=\"https:\/\/www.europesays.com\/fr\/wp-content\/uploads\/2025\/11\/1d846dc_ftp-import-images-1-cjs8gatjabcd-2025-11-13t192346z-1794021000-rc2uvhaxqvef-rtrmadp-3-usa-tr.jpeg\" alt=\"Donald Trump, \u00e0 la Maison Blanche, \u00e0 Washington, le 13\u00a0novembre 2025.\"   width=\"664\" height=\"443\"\/>    Donald Trump, \u00e0 la Maison Blanche, \u00e0 Washington, le 13\u00a0novembre 2025.  JONATHAN ERNST\/REUTERS                          <\/p>\n<p class=\"article__paragraph  \">La Maison Blanche a annonc\u00e9, jeudi 13\u00a0novembre, la conclusion d\u2019accords commerciaux avec l\u2019Argentine, le Guatemala, l\u2019Equateur et le Salvador, dans quatre communiqu\u00e9s distincts publi\u00e9s sur son site Internet.<\/p>\n<p>                                            Lire aussi |  Article r\u00e9serv\u00e9 \u00e0 nos abonn\u00e9s  <a href=\"https:\/\/www.lemonde.fr\/idees\/article\/2025\/09\/29\/entre-l-argentine-et-les-etats-unis-les-mauvais-comptes-font-les-bons-amis_6643456_3232.html\" class=\"js-article-read-also catcher--favoris__link\" data-premium=\"1\" id=\"article-title-3439835\" rel=\"nofollow noopener\" target=\"_blank\">\u00ab\u00a0Entre l\u2019Argentine et les Etats-Unis, les mauvais comptes font les bons amis\u00a0\u00bb<\/a>    <\/p>\n<p>   Lire plus tard  <\/p>\n<p class=\"article__paragraph  \">Les quatre pays concern\u00e9s ont pris une s\u00e9rie d\u2019engagements, en particulier celui d\u2019ouvrir leurs march\u00e9s \u00e0 des produits am\u00e9ricains, en \u00e9change desquels l\u2019administration Trump va baisser les droits de douane sur certains produits qu\u2019ils exportent vers les Etats-Unis, par exemple agricoles ou textiles.<\/p>\n<p class=\"article__paragraph  \">Un haut responsable am\u00e9ricain, qui a requis l\u2019anonymat, a indiqu\u00e9 que les droits de douane g\u00e9n\u00e9raux de 10\u00a0% impos\u00e9s aux produits en provenance du Guatemala, du Salvador et d\u2019Argentine, et de 15\u00a0% sur ceux venant d\u2019Equateur, \u00ab\u00a0resteraient inchang\u00e9s\u00a0\u00bb, mais qu\u2019il y \u00ab\u00a0aurait une baisse\u00a0\u00bb sur un certain nombre de marchandises. Il a pris l\u2019exemple des bananes. Le Guatemala fournit 41\u00a0% de celles qui sont import\u00e9es aux Etats-Unis et l\u2019Equateur 19\u00a0%. Dans le sens inverse, l\u2019Argentine s\u2019engage par exemple \u00e0 ouvrir son march\u00e9 aux volailles et au b\u00e9tail am\u00e9ricains, notamment une simplification pour l\u2019importation de viande de b\u0153uf.<\/p>\n<p>                    Des accords aux enjeux strat\u00e9giques                    <\/p>\n<p class=\"article__paragraph  \">Certains des accords annonc\u00e9s jeudi garantissent aussi, selon le haut responsable d\u00e9j\u00e0 cit\u00e9, l\u2019acc\u00e8s des Etats-Unis \u00e0 des minerais strat\u00e9giques. Les quatre pays concern\u00e9s s\u2019engagent par ailleurs \u00e0 ne pas taxer les services num\u00e9riques, une revendication majeure du pr\u00e9sident am\u00e9ricain, selon cette m\u00eame source.<\/p>\n<p>                                       Lire aussi |  Article r\u00e9serv\u00e9 \u00e0 nos abonn\u00e9s  <a href=\"https:\/\/www.lemonde.fr\/idees\/article\/2025\/11\/06\/de-la-chine-ou-des-etats-unis-qui-assurera-sa-domination-strategique-et-economique-sur-le-siecle-en-cours_6652411_3232.html\" class=\"js-article-read-also catcher--favoris__link\" data-premium=\"1\" id=\"article-title-3445301\" rel=\"nofollow noopener\" target=\"_blank\">\u00ab\u00a0De la Chine ou des Etats-Unis, qui assurera sa domination, strat\u00e9gique et \u00e9conomique, sur le si\u00e8cle en cours\u00a0?\u00a0\u00bb<\/a>    <\/p>\n<p>   Lire plus tard  <\/p>\n<p class=\"article__paragraph  \">Le pr\u00e9sident salvadorien, Nayib Bukele, un alli\u00e9 de Donald Trump, a publi\u00e9 sur X le texte de l\u2019accord avec un seul laconique commentaire\u00a0: \u00ab\u00a0Amis\u00a0\u00bb, accompagn\u00e9 de drapeaux des deux pays. Bernardo Arevalo, son homologue du Guatemala, a salu\u00e9 un compromis qui illustre \u00ab\u00a0la solide relation\u00a0\u00bb avec les Etats-Unis et qui rend son pays \u00ab\u00a0encore plus comp\u00e9titif et int\u00e9ressant en termes d\u2019investissements.\u00a0\u00bb Le ministre des affaires \u00e9trang\u00e8res argentin, Pablo Quirno, a, lui, parl\u00e9 d\u2019un accord qui \u00ab\u00a0dope le commerce bilat\u00e9ral.\u00a0\u00bb<\/p>\n<p class=\"author__detail\">  Le Monde avec AFP  <\/p>\n<p>                <a href=\"https:\/\/www.lemonde.fr\/syndication\/\" class=\"reuse__content\" title=\"R\u00e9utiliser ce contenu\" target=\"_blank\" rel=\"nofollow noopener\">R\u00e9utiliser ce contenu<\/a>      <\/p>\n","protected":false},"excerpt":{"rendered":"Donald Trump, \u00e0 la Maison Blanche, \u00e0 Washington, le 13\u00a0novembre 2025. JONATHAN ERNST\/REUTERS La Maison Blanche a annonc\u00e9,&hellip;\n","protected":false},"author":2,"featured_media":532532,"comment_status":"","ping_status":"","sticky":false,"template":"","format":"standard","meta":{"footnotes":""},"categories":[1589],"tags":[11,73,1866,12,1864,1865,1863,308],"class_list":{"0":"post-532531","1":"post","2":"type-post","3":"status-publish","4":"format-standard","5":"has-post-thumbnail","7":"category-etats-unis","8":"tag-actualites","9":"tag-etats-unis","10":"tag-etats-unis-damerique","11":"tag-news","12":"tag-united-states","13":"tag-united-states-of-america","14":"tag-us","15":"tag-usa"},"share_on_mastodon":{"url":"https:\/\/pubeurope.com\/@fr\/115545311881221036","error":""},"_links":{"self":[{"href":"https:\/\/www.europesays.com\/fr\/wp-json\/wp\/v2\/posts\/532531","targetHints":{"allow":["GET"]}}],"collection":[{"href":"https:\/\/www.europesays.com\/fr\/wp-json\/wp\/v2\/posts"}],"about":[{"href":"https:\/\/www.europesays.com\/fr\/wp-json\/wp\/v2\/types\/post"}],"author":[{"embeddable":true,"href":"https:\/\/www.europesays.com\/fr\/wp-json\/wp\/v2\/users\/2"}],"replies":[{"embeddable":true,"href":"https:\/\/www.europesays.com\/fr\/wp-json\/wp\/v2\/comments?post=532531"}],"version-history":[{"count":0,"href":"https:\/\/www.europesays.com\/fr\/wp-json\/wp\/v2\/posts\/532531\/revisions"}],"wp:featuredmedia":[{"embeddable":true,"href":"https:\/\/www.europesays.com\/fr\/wp-json\/wp\/v2\/media\/532532"}],"wp:attachment":[{"href":"https:\/\/www.europesays.com\/fr\/wp-json\/wp\/v2\/media?parent=532531"}],"wp:term":[{"taxonomy":"category","embeddable":true,"href":"https:\/\/www.europesays.com\/fr\/wp-json\/wp\/v2\/categories?post=532531"},{"taxonomy":"post_tag","embeddable":true,"href":"https:\/\/www.europesays.com\/fr\/wp-json\/wp\/v2\/tags?post=532531"}],"curies":[{"name":"wp","href":"https:\/\/api.w.org\/{rel}","templated":true}]}}