{"id":532533,"date":"2025-11-14T00:51:19","date_gmt":"2025-11-14T00:51:19","guid":{"rendered":"https:\/\/www.europesays.com\/fr\/532533\/"},"modified":"2025-11-14T00:51:19","modified_gmt":"2025-11-14T00:51:19","slug":"la-princesse-eugenie-reapparait-pour-soutenir-les-jeunes-talents-de-la-kings-foundation","status":"publish","type":"post","link":"https:\/\/www.europesays.com\/fr\/532533\/","title":{"rendered":"La princesse Eugenie r\u00e9apparait pour soutenir les jeunes talents de la King&rsquo;s foundation"},"content":{"rendered":"<p style=\"text-align:justify;\">Rien de tel que le travail pour retrouver le nord en p\u00e9riode de temp\u00eate. Quelques jours apr\u00e8s la premi\u00e8re sortie publique de sa s\u0153ur a\u00een\u00e9e, <a target=\"_blank\" href=\"https:\/\/www.pointdevue.fr\/grand-angle\/biographies\/princesse-beatrice\" rel=\"nofollow noopener\">Beatrice<\/a>, au Chelsea &amp; Westminster Hospital de Londres, <a target=\"_blank\" href=\"https:\/\/www.pointdevue.fr\/royal\/royaume-uni\/premiere-sortie-publique-pour-la-princesse-beatrice-apres-la-destitution-de-son-pere-andrew\" rel=\"nofollow noopener\">pour \u00e9voquer la pr\u00e9maturit\u00e9, sujet qui la touche personnellement<\/a>, <a target=\"_blank\" href=\"https:\/\/www.pointdevue.fr\/grand-angle\/biographies\/eugenie-dyork\" rel=\"nofollow noopener\"><strong>Eugenie<\/strong><\/a><strong> a, elle aussi, repris du service cette semaine. Avec un retour aux fondamentaux,<\/strong> ceux qui la font exister, elle, loin de son encombrante famille\u00a0: <a target=\"_blank\" href=\"https:\/\/www.pointdevue.fr\/royal\/royaume-uni\/jaurais-voulu-etre-une-artiste-la-princesse-eugenie-se-livre-sur-sa-vraie-vocation-dans-un-documentaire\" rel=\"nofollow noopener\">l\u2019art et la cr\u00e9ativit\u00e9, sa vraie passion<\/a>.<\/p>\n<p>\u00c0 35 ans, la princesse conseille et soutient 35 jeunes talents\u00a0<\/p>\n<p style=\"text-align:justify;\">Pour cette r\u00e9apparition depuis que <a target=\"_blank\" href=\"https:\/\/www.pointdevue.fr\/royal\/royaume-uni\/andrew-destitue-de-son-titre-de-prince-la-decision-est-enfin-officielle\" rel=\"nofollow noopener\">son p\u00e8re a perdu tous ses titres<\/a>, la fille de <a target=\"_blank\" href=\"https:\/\/www.pointdevue.fr\/grand-angle\/biographies\/sarah-ferguson\" rel=\"nofollow noopener\">Sarah Ferguson<\/a> et <a target=\"_blank\" href=\"https:\/\/www.pointdevue.fr\/grand-angle\/biographies\/prince-andrew\" rel=\"nofollow noopener\">Andrew Mountbatten Windsor<\/a> a choisi <strong>symboliquement de se placer sous l\u2019aile protectrice de son oncle<\/strong>, <a target=\"_blank\" href=\"https:\/\/www.pointdevue.fr\/grand-angle\/biographies\/charles-iii\" rel=\"nofollow noopener\">le roi.<\/a> C\u2019est en effet lors d\u2019un \u00e9v\u00e9nement organis\u00e9 par <a target=\"_blank\" href=\"https:\/\/www.pointdevue.fr\/royal\/royaume-uni\/charles-iii-et-chanel-continuent-de-soutenir-les-metiers-dart\" rel=\"nofollow noopener\">The King\u2019s Foundation<\/a>, l\u2019organisation caritative fond\u00e9e en 1990 par Charles III, alors prince de Galles, qu\u2019Eugenie est intervenue dans un h\u00f4tel de Soho, au c\u0153ur de Londres.\u00a0<\/p>\n<p style=\"text-align:justify;\">Elle participait \u00e0 une session de mentorat r\u00e9unissant les membres du r\u00e9seau des \u00ab\u00a035 under 35\u00a0\u00bb, <strong>un collectif de jeunes talents de moins de 35 ans<\/strong>. Les personnes rassembl\u00e9es interviennent dans les divers domaines couverts par l&rsquo;organisation caritative, notamment <a target=\"_blank\" href=\"https:\/\/www.pointdevue.fr\/royal\/royaume-uni\/charles-iii-honore-une-jeune-auvergnate\" rel=\"nofollow noopener\">l&rsquo;artisanat, les beaux-arts, la mode durable<\/a>, l&rsquo;architecture, la sant\u00e9 et la gestion environnementale.<\/p>\n<p>Une sortie avec son amie Alessandra de Osma<\/p>\n<p style=\"text-align:justify;\">\u00ab\u00a0J\u2019ai beaucoup appr\u00e9ci\u00e9 de mieux les conna\u00eetre, d\u2019entendre parler de leur travail et de leurs aspirations, et je me r\u00e9jouis de les accompagner dans leur parcours futur, a confi\u00e9 dans son discours d&rsquo;introduction celle qui reste princesse. <a target=\"_blank\" href=\"https:\/\/www.pointdevue.fr\/royal\/royaume-uni\/la-princesse-eugenie-invitee-dhonneur-dune-emission-sur-lart\" rel=\"nofollow noopener\">Ma carri\u00e8re a \u00e9t\u00e9 fa\u00e7onn\u00e9e par ma passion pour les arts<\/a>, <strong>c\u2019est donc un plaisir de travailler avec The King\u2019s Foundation<\/strong> pour soutenir ce groupe inspirant d\u2019artistes et de cr\u00e9atifs\u00a0\u00bb. Eugenie est apparue disponible et souriante, et sa pr\u00e9sence attentive et bienveillante a \u00e9t\u00e9 salu\u00e9e par les participants de l&rsquo;\u00e9v\u00e9nement.\u00a0<\/p>\n<p style=\"text-align:justify;\">Souriante, elle l&rsquo;\u00e9tait \u00e9galement ce 12 novembre au d\u00eener organis\u00e9 par sa grande amie Alessandra de Osma. L&rsquo;\u00e9pouse de <a target=\"_blank\" href=\"https:\/\/www.pointdevue.fr\/grand-angle\/biographies\/christian-de-hanovre\" rel=\"nofollow noopener\">Christian de Hanovre<\/a> lan\u00e7ait effectivement ce soir-l\u00e0 \u00e0 Londres sa marque de v\u00eatements \u00e9co responsable Philippa1970 entour\u00e9e de proches.<\/p>\n<p style=\"text-align:justify;\">Quelques jours avant, Eugenie a \u00e9t\u00e9, par ailleurs, photographi\u00e9e dans les rues de Londres en train de se promener en plaisantant avec son mari <a target=\"_blank\" href=\"https:\/\/www.pointdevue.fr\/grand-angle\/biographies\/jack-brooksbank\" rel=\"nofollow noopener\">Jack Brooksbank<\/a>. Pourtant, <strong>l&rsquo;ombre d&rsquo;un nouveau d\u00e9sagr\u00e9ment<\/strong> se profile : la galerie Hauser &amp; Wirth, <a target=\"_blank\" href=\"https:\/\/www.pointdevue.fr\/royal\/royaume-uni\/ses-fils-son-quotidien-les-femmes-de-sa-vie-la-princesse-eugenie-se-confie\" rel=\"nofollow noopener\">dont elle est l\u2019une des directrices<\/a>, fait l\u2019objet d\u2019une controverse.\u00a0<\/p>\n<p style=\"text-align:justify;\">La galerie est accus\u00e9e d&rsquo;avoir mis des \u00ab\u00a0produits de luxe\u00a0\u00bb, \u00e0 savoir une \u0153uvre d&rsquo;art intitul\u00e9e Escape from Humanity de <a target=\"_blank\" href=\"https:\/\/www.pointdevue.fr\/culture\/arts\/les-confidences-de-george-condo-devenir-artiste-est-pour-moi-comme-poursuivre-un-heritage-familial\" rel=\"nofollow noopener\">George Condo<\/a>, \u00ab\u00a0\u00e0 la disposition d&rsquo;une personne li\u00e9e \u00e0 la Russie\u00a0\u00bb entre avril et d\u00e9cembre 2022, une p\u00e9riode o\u00f9 les restrictions \u00e0 l\u2019\u00e9gard de la Russie \u00e9taient d\u00e9j\u00e0 pleinement en vigueur. <strong>Si rien ne sugg\u00e8re qu&rsquo;Eug\u00e9nie ait \u00e9t\u00e9 impliqu\u00e9e dans la fourniture pr\u00e9sum\u00e9e du tableau, une audience doit avoir lieu le 16 d\u00e9cembre.<\/strong>\u00a0<\/p>\n<p><strong>Lire aussi &gt;&gt; <\/strong><a target=\"_blank\" href=\"https:\/\/www.pointdevue.fr\/royal\/royaume-uni\/the-kings-foundation-un-mecene-nomme-amazon\" rel=\"nofollow noopener\">The King\u2019s Foundation : un m\u00e9c\u00e8ne nomm\u00e9 Amazon<\/a><\/p>\n","protected":false},"excerpt":{"rendered":"Rien de tel que le travail pour retrouver le nord en p\u00e9riode de temp\u00eate. Quelques jours apr\u00e8s la&hellip;\n","protected":false},"author":2,"featured_media":532534,"comment_status":"","ping_status":"","sticky":false,"template":"","format":"standard","meta":{"footnotes":""},"categories":[1588],"tags":[11,1777,674,12,473,1853,1851,1850,1852],"class_list":{"0":"post-532533","1":"post","2":"type-post","3":"status-publish","4":"format-standard","5":"has-post-thumbnail","7":"category-royaume-uni","8":"tag-actualites","9":"tag-eu","10":"tag-europe","11":"tag-news","12":"tag-royaume-uni","13":"tag-royaume-uni-de-grande-bretagne-et-dirlande-du-nord","14":"tag-uk","15":"tag-united-kingdom","16":"tag-united-kingdom-of-great-britain-and-northern-ireland"},"share_on_mastodon":{"url":"https:\/\/pubeurope.com\/@fr\/115545314672304673","error":""},"_links":{"self":[{"href":"https:\/\/www.europesays.com\/fr\/wp-json\/wp\/v2\/posts\/532533","targetHints":{"allow":["GET"]}}],"collection":[{"href":"https:\/\/www.europesays.com\/fr\/wp-json\/wp\/v2\/posts"}],"about":[{"href":"https:\/\/www.europesays.com\/fr\/wp-json\/wp\/v2\/types\/post"}],"author":[{"embeddable":true,"href":"https:\/\/www.europesays.com\/fr\/wp-json\/wp\/v2\/users\/2"}],"replies":[{"embeddable":true,"href":"https:\/\/www.europesays.com\/fr\/wp-json\/wp\/v2\/comments?post=532533"}],"version-history":[{"count":0,"href":"https:\/\/www.europesays.com\/fr\/wp-json\/wp\/v2\/posts\/532533\/revisions"}],"wp:featuredmedia":[{"embeddable":true,"href":"https:\/\/www.europesays.com\/fr\/wp-json\/wp\/v2\/media\/532534"}],"wp:attachment":[{"href":"https:\/\/www.europesays.com\/fr\/wp-json\/wp\/v2\/media?parent=532533"}],"wp:term":[{"taxonomy":"category","embeddable":true,"href":"https:\/\/www.europesays.com\/fr\/wp-json\/wp\/v2\/categories?post=532533"},{"taxonomy":"post_tag","embeddable":true,"href":"https:\/\/www.europesays.com\/fr\/wp-json\/wp\/v2\/tags?post=532533"}],"curies":[{"name":"wp","href":"https:\/\/api.w.org\/{rel}","templated":true}]}}