{"id":532535,"date":"2025-11-14T00:52:13","date_gmt":"2025-11-14T00:52:13","guid":{"rendered":"https:\/\/www.europesays.com\/fr\/532535\/"},"modified":"2025-11-14T00:52:13","modified_gmt":"2025-11-14T00:52:13","slug":"lambassadeur-de-france-en-allemagne-a-rendu-visite-a-boualem-sansal-a-lhopital","status":"publish","type":"post","link":"https:\/\/www.europesays.com\/fr\/532535\/","title":{"rendered":"l\u2019ambassadeur de France en Allemagne a rendu visite \u00e0 Boualem Sansal \u00e0 l\u2019h\u00f4pital"},"content":{"rendered":"<p class=\"intro \">Ce jeudi, au lendemain de sa lib\u00e9ration, Boualem Sansal est toujours hospitalis\u00e9 \u00e0 Berlin o\u00f9 il re\u00e7oit une s\u00e9rie d&rsquo;examens m\u00e9dicaux et des traitements, principalement pour le cancer de la prostate dont il souffre. En d\u00e9but de soir\u00e9e, il a re\u00e7u la visite de l&rsquo;ambassadeur de France en Allemagne, accompagn\u00e9 de son \u00e9pouse Naziha Sansal. <\/p>\n<p>Des nouvelles de Boualem Sansal. L&rsquo;<a href=\"https:\/\/www.europe1.fr\/international\/liberation-de-boualem-sansal-la-fin-dune-longue-annee-de-calvaire-pour-lecrivain-franco-algerien-871122\" rel=\"nofollow noopener\" target=\"_blank\">\u00e9crivain franco-alg\u00e9rien, lib\u00e9r\u00e9 mercredi par le r\u00e9gime alg\u00e9rien<\/a>, est actuellement hospitalis\u00e9 \u00e0 Berlin. Ce jeudi, il a notamment pu \u00e9changer avec l&rsquo;ambassadeur de France en Allemagne, Fran\u00e7ois Delattre. Ce dernier accompagnait l&rsquo;\u00e9pouse de l&rsquo;\u00e9crivain \u00e0 l&rsquo;h\u00f4pital.\u00a0<\/p>\n<p>    La suite apr\u00e8s cette publicit\u00e9<\/p>\n<p>    La suite apr\u00e8s cette publicit\u00e9<\/p>\n<p>\u00ab\u00a0Je trouve qu&rsquo;il a bon moral\u00a0\u00bb<\/p>\n<p>Naziha Sansal est arriv\u00e9e ce jeudi soir \u00e0 l&rsquo;h\u00f4pital militaire o\u00f9 est soign\u00e9 son mari. Des retrouvailles auxquelles a assist\u00e9 l&rsquo;ambassadeur de France en Allemagne. \u00ab\u00a0Dans ces moments-l\u00e0, ils se sont enlac\u00e9s, embrass\u00e9s, et ne r\u00e9sultait de leur \u00e9treinte qu&rsquo;une tr\u00e8s grande joie. Et apr\u00e8s, on verra en fonction des examens sur Boualem Sansal quand le moment sera venu pour lui de sortir de l&rsquo;h\u00f4pital\u00a0\u00bb, assure Fran\u00e7ois Delattre.\u00a0<\/p>\n<p>Une s\u00e9rie d&rsquo;examens m\u00e9dicaux et des traitements, principalement pour le cancer de la prostate dont souffre l\u2019\u00e9crivain de 81 ans. Lui qui n&rsquo;a pas \u00e9t\u00e9 suffisamment pris en charge pendant ses <a href=\"https:\/\/www.europe1.fr\/international\/liberation-de-boualem-sansal-la-fin-dune-longue-annee-de-calvaire-pour-lecrivain-franco-algerien-871122\" rel=\"nofollow noopener\" target=\"_blank\">12 mois d&rsquo;incarc\u00e9ration en Alg\u00e9rie<\/a>. L&rsquo;ambassadeur s&rsquo;est lui aussi entretenu plusieurs fois ce jeudi avec Boualem Sansal et il d\u00e9crit un homme combatif au micro d&rsquo;Europe 1.\u00a0<\/p>\n<p>    La suite apr\u00e8s cette publicit\u00e9<\/p>\n<p>    La suite apr\u00e8s cette publicit\u00e9<\/p>\n<p>\u00ab\u00a0Je trouve qu&rsquo;il a bon moral et pour autant que je puisse en juger, il m&rsquo;est apparu physiquement dans une condition aussi satisfaisante que possible, compte tenu des conditions et apr\u00e8s une ann\u00e9e difficile\u00a0\u00bb, souligne-t-il. Quant \u00e0 un \u00e9ventuel retour en France, il est encore trop t\u00f4t, m\u00eame si le sujet a bien \u00e9t\u00e9 \u00e9voqu\u00e9 par l&rsquo;\u00e9crivain. Cela d\u00e9pendra tout d&rsquo;abord des r\u00e9sultats de ses examens et de sa r\u00e9cup\u00e9ration, tant physique que psychologique.<\/p>\n","protected":false},"excerpt":{"rendered":"Ce jeudi, au lendemain de sa lib\u00e9ration, Boualem Sansal est toujours hospitalis\u00e9 \u00e0 Berlin o\u00f9 il re\u00e7oit une&hellip;\n","protected":false},"author":2,"featured_media":532536,"comment_status":"","ping_status":"","sticky":false,"template":"","format":"standard","meta":{"footnotes":""},"categories":[1587],"tags":[11,672,1804,1805,1803,1777,674,1801,12,1802],"class_list":{"0":"post-532535","1":"post","2":"type-post","3":"status-publish","4":"format-standard","5":"has-post-thumbnail","7":"category-allemagne","8":"tag-actualites","9":"tag-allemagne","10":"tag-bundesrepublik-deutschland","11":"tag-de","12":"tag-deutschland","13":"tag-eu","14":"tag-europe","15":"tag-germany","16":"tag-news","17":"tag-republique-federale-dallemagne"},"share_on_mastodon":{"url":"https:\/\/pubeurope.com\/@fr\/115545318889445849","error":""},"_links":{"self":[{"href":"https:\/\/www.europesays.com\/fr\/wp-json\/wp\/v2\/posts\/532535","targetHints":{"allow":["GET"]}}],"collection":[{"href":"https:\/\/www.europesays.com\/fr\/wp-json\/wp\/v2\/posts"}],"about":[{"href":"https:\/\/www.europesays.com\/fr\/wp-json\/wp\/v2\/types\/post"}],"author":[{"embeddable":true,"href":"https:\/\/www.europesays.com\/fr\/wp-json\/wp\/v2\/users\/2"}],"replies":[{"embeddable":true,"href":"https:\/\/www.europesays.com\/fr\/wp-json\/wp\/v2\/comments?post=532535"}],"version-history":[{"count":0,"href":"https:\/\/www.europesays.com\/fr\/wp-json\/wp\/v2\/posts\/532535\/revisions"}],"wp:featuredmedia":[{"embeddable":true,"href":"https:\/\/www.europesays.com\/fr\/wp-json\/wp\/v2\/media\/532536"}],"wp:attachment":[{"href":"https:\/\/www.europesays.com\/fr\/wp-json\/wp\/v2\/media?parent=532535"}],"wp:term":[{"taxonomy":"category","embeddable":true,"href":"https:\/\/www.europesays.com\/fr\/wp-json\/wp\/v2\/categories?post=532535"},{"taxonomy":"post_tag","embeddable":true,"href":"https:\/\/www.europesays.com\/fr\/wp-json\/wp\/v2\/tags?post=532535"}],"curies":[{"name":"wp","href":"https:\/\/api.w.org\/{rel}","templated":true}]}}