{"id":532537,"date":"2025-11-14T00:53:27","date_gmt":"2025-11-14T00:53:27","guid":{"rendered":"https:\/\/www.europesays.com\/fr\/532537\/"},"modified":"2025-11-14T00:53:27","modified_gmt":"2025-11-14T00:53:27","slug":"france-inter-garde-la-tete-dans-un-marche-en-chute-rtl-et-europe-1-progressent","status":"publish","type":"post","link":"https:\/\/www.europesays.com\/fr\/532537\/","title":{"rendered":"France Inter garde la t\u00eate dans un march\u00e9 en chute, RTL et Europe 1 progressent"},"content":{"rendered":"<p>AA \/ Istanbul \/ Serap Dogansoy<\/p>\n<p>Les r\u00e9sultats M\u00e9diam\u00e9trie publi\u00e9s jeudi montrent que France Inter reste la radio la plus \u00e9cout\u00e9e sur la p\u00e9riode septembre-octobre malgr\u00e9 un recul notable, tandis que RTL consolide sa deuxi\u00e8me place et que Franceinfo compl\u00e8te le trio de t\u00eate. Cette nouvelle vague confirme \u00e9galement la baisse g\u00e9n\u00e9rale du m\u00e9dia radio, suivi chaque jour par 36,75 millions de personnes, soit plus d\u2019un million d\u2019auditeurs de moins en un an (65,1 % des Fran\u00e7ais).<\/p>\n<p>Loin devant ses concurrentes, France Inter affiche 11,9 % d\u2019audience cumul\u00e9e (AC), avec 6,73 millions d\u2019auditeurs, mais 458 000 de moins que l\u2019an dernier. Sa directrice, Ad\u00e8le Van Reeth, reconna\u00eet que \u00ab cette vague n\u2019est pas la meilleure de notre histoire, mais elle reste tr\u00e8s haute \u00bb, rappelant les \u00ab performances hors normes \u00bb de 2024. <\/p>\n<p>Depuis la rentr\u00e9e, Nicolas Demorand et Benjamin Duhamel animent la matinale de 7 h \u00e0 9 h, et la tranche jusqu\u2019\u00e0 11 h rassemble encore 5 millions d\u2019auditeurs, malgr\u00e9 une perte de 392 000 sur un an.<\/p>\n<p>Cette baisse s\u2019inscrit dans un contexte social particuli\u00e8rement tendu \u00e0 France Inter. Plusieurs instances repr\u00e9sentatives des salari\u00e9s ont adress\u00e9 mercredi un courrier de trois pages \u00e0 Ad\u00e8le Van Reeth et \u00e0 Sibyle Veil, PDG de Radio France, s\u2019alarment d\u2019un \u00ab mal-\u00eatre profond \u00bb et estiment que la radio \u00ab perd son \u00e2me \u00bb. <\/p>\n<p>Les signataires d\u00e9noncent une direction \u00ab en pilote automatique \u00bb et pointent des \u00ab risques psycho-sociaux \u00bb, \u00e9voquant notamment un \u00ab grave incident de sant\u00e9 \u00bb survenu apr\u00e8s un \u00e9change tendu avec la direction. Ils d\u00e9plorent aussi l\u2019absence de soutien public \u00e0 Thomas Legrand, \u00e9cart\u00e9 de l\u2019antenne \u00e0 la rentr\u00e9e apr\u00e8s l\u2019affaire dite \u00ab Legrand-Cohen \u00bb, aliment\u00e9e par plusieurs m\u00e9dias du groupe Bollor\u00e9. \u00ab Ce recul nourrit l\u2019id\u00e9e que le service public peut c\u00e9der \u00e0 la pression \u00bb, alertent-ils.<\/p>\n<p>La place de l\u2019humour constitue \u00e9galement un motif d\u2019inqui\u00e9tude, plusieurs salari\u00e9s estimant que les humoristes n\u2019ont plus pour r\u00f4le de \u00ab bousculer les puissants \u00bb, mais de traiter des sujets jug\u00e9s sans risque. <\/p>\n<p>Cette crispation intervient apr\u00e8s le licenciement de Guillaume Meurice, humoriste embl\u00e9matique de la station, cong\u00e9di\u00e9 pour faute grave en juin 2024 apr\u00e8s avoir r\u00e9it\u00e9r\u00e9 une blague visant le premier ministre isra\u00e9lien Benjamin Netanyahu, qu\u2019il avait qualifi\u00e9 de \u00ab sorte de nazi mais sans pr\u00e9puce \u00bb. <\/p>\n<p>Dans un message interne, Sibyle Veil avait justifi\u00e9 la d\u00e9cision par \u00ab son obstination et sa d\u00e9loyaut\u00e9 r\u00e9p\u00e9t\u00e9e \u00bb, affirmant que l\u2019humoriste avait ignor\u00e9 un avertissement, une mise en garde de l\u2019Arcom et \u00ab envenim\u00e9 la pol\u00e9mique des mois durant \u00bb. La suspension de Meurice avait provoqu\u00e9 une journ\u00e9e de gr\u00e8ve, et plusieurs chroniqueurs du \u00ab Grand Dimanche soir \u00bb avaient quitt\u00e9 l\u2019\u00e9mission en soutien.<\/p>\n<p>Pendant que France Inter se d\u00e9bat dans ces turbulences, RTL affiche de meilleures couleurs : avec 8,9 % d\u2019AC et 5 millions d\u2019auditeurs (+148 000), la station g\u00e9n\u00e9raliste du groupe M6 signe un mercato r\u00e9ussi. <\/p>\n<p>L\u2019arriv\u00e9e d\u2019Anne-Sophie Lapix dans la tranche 18\u201320 h a attir\u00e9 16 000 nouveaux auditeurs. \u00ab Les nouveaut\u00e9s de la grille s\u2019installent bien \u00bb, s\u2019est f\u00e9licit\u00e9 Jonathan Curiel, directeur g\u00e9n\u00e9ral des radios du groupe, pour qui RTL reste \u00ab la premi\u00e8re radio priv\u00e9e de France \u00bb.<\/p>\n<p>En troisi\u00e8me position, Franceinfo recule l\u00e9g\u00e8rement \u00e0 8,7 % (\u201376 000), malgr\u00e9 une actualit\u00e9 politique dense autour de la d\u00e9mission de l\u2019ex-Premier ministre S\u00e9bastien Lecornu. <\/p>\n<p>\u00ab La lassitude des Fran\u00e7ais \u00e0 l\u2019\u00e9gard des responsables politiques est plus forte qu\u2019apr\u00e8s la dissolution \u00bb, estime sa directrice Agn\u00e8s Varhamian.<\/p>\n<p>Plus bas dans le classement, NRJ signe sa pire rentr\u00e9e avec 6,7 % (\u20130,7 pt), tandis que le r\u00e9seau local Ici (ex-France Bleu) chute \u00e0 3,9 % (\u20130,7 pt), perdant 369 000 auditeurs. RMC, \u00e0 5 % (\u20130,2 pt), devance de peu Europe 1, qui enregistre au contraire un rebond : 4,9 % (+304 000), sa meilleure rentr\u00e9e en six ans. <\/p>\n<p>Selon Constance Benqu\u00e9, patronne de Lagard\u00e8re News, ce r\u00e9sultat refl\u00e8te \u00ab un positionnement clair, celui de la libert\u00e9 d\u2019expression \u00bb. Elle affirme que le d\u00e9part de Cyril Hanouna au profit de Pascal Praud n\u2019a \u00ab pas eu d\u2019effet n\u00e9gatif \u00bb.<\/p>\n<p>Dans ce paysage morose pour l\u2019ensemble du secteur, Fun Radio se f\u00e9licite de \u00ab l\u2019arriv\u00e9e r\u00e9ussie \u00bb de Cyril Hanouna dans son cr\u00e9neau de l\u2019apr\u00e8s-midi.<\/p>\n<p>Ces r\u00e9sultats confirment un mouvement de fond, la radio perd durablement des auditeurs, malgr\u00e9 les strat\u00e9gies de renouvellement des stations, les changements de grille et les tentatives de repositionnement \u00e9ditorial.<\/p>\n<p>                            &#13;<br \/>\n                                <a href=\"https:\/\/www.aa.com.tr\/fr\/p\/abonnement\/1001\" target=\"_blank\" style=\"font-size:12px; color:#444; text-decoration:none;\" rel=\"noopener\">&#13;<br \/>\n                                    Seulement une partie des d\u00e9p\u00eaches, que l&rsquo;Agence Anadolu diffuse \u00e0 ses abonn\u00e9s via le Syst\u00e8me de Diffusion interne (HAS), est diffus\u00e9e sur le site de l&rsquo;AA, de mani\u00e8re r\u00e9sum\u00e9e. <b style=\"color:#1897F7\">Contactez-nous s&rsquo;il vous pla\u00eet pour vous abonner.<\/b>&#13;<br \/>\n                                <\/a>&#13;<\/p>\n","protected":false},"excerpt":{"rendered":"AA \/ Istanbul \/ Serap Dogansoy Les r\u00e9sultats M\u00e9diam\u00e9trie publi\u00e9s jeudi montrent que France Inter reste la radio&hellip;\n","protected":false},"author":2,"featured_media":532538,"comment_status":"","ping_status":"","sticky":false,"template":"","format":"standard","meta":{"footnotes":""},"categories":[1586],"tags":[11,1785,1777,674,1011,27,9102,65241,12,1825,25],"class_list":{"0":"post-532537","1":"post","2":"type-post","3":"status-publish","4":"format-standard","5":"has-post-thumbnail","7":"category-europe","8":"tag-actualites","9":"tag-anadolu-ajansi","10":"tag-eu","11":"tag-europe","12":"tag-fr","13":"tag-france","14":"tag-france-inter","15":"tag-mdiamtrie","16":"tag-news","17":"tag-radio","18":"tag-republique-francaise"},"share_on_mastodon":{"url":"https:\/\/pubeurope.com\/@fr\/115545322512562945","error":""},"_links":{"self":[{"href":"https:\/\/www.europesays.com\/fr\/wp-json\/wp\/v2\/posts\/532537","targetHints":{"allow":["GET"]}}],"collection":[{"href":"https:\/\/www.europesays.com\/fr\/wp-json\/wp\/v2\/posts"}],"about":[{"href":"https:\/\/www.europesays.com\/fr\/wp-json\/wp\/v2\/types\/post"}],"author":[{"embeddable":true,"href":"https:\/\/www.europesays.com\/fr\/wp-json\/wp\/v2\/users\/2"}],"replies":[{"embeddable":true,"href":"https:\/\/www.europesays.com\/fr\/wp-json\/wp\/v2\/comments?post=532537"}],"version-history":[{"count":0,"href":"https:\/\/www.europesays.com\/fr\/wp-json\/wp\/v2\/posts\/532537\/revisions"}],"wp:featuredmedia":[{"embeddable":true,"href":"https:\/\/www.europesays.com\/fr\/wp-json\/wp\/v2\/media\/532538"}],"wp:attachment":[{"href":"https:\/\/www.europesays.com\/fr\/wp-json\/wp\/v2\/media?parent=532537"}],"wp:term":[{"taxonomy":"category","embeddable":true,"href":"https:\/\/www.europesays.com\/fr\/wp-json\/wp\/v2\/categories?post=532537"},{"taxonomy":"post_tag","embeddable":true,"href":"https:\/\/www.europesays.com\/fr\/wp-json\/wp\/v2\/tags?post=532537"}],"curies":[{"name":"wp","href":"https:\/\/api.w.org\/{rel}","templated":true}]}}