{"id":532543,"date":"2025-11-14T00:56:14","date_gmt":"2025-11-14T00:56:14","guid":{"rendered":"https:\/\/www.europesays.com\/fr\/532543\/"},"modified":"2025-11-14T00:56:14","modified_gmt":"2025-11-14T00:56:14","slug":"la-justice-valide-lannulation-du-colloque-du-college-de-france-et-cest-grave-mediapart","status":"publish","type":"post","link":"https:\/\/www.europesays.com\/fr\/532543\/","title":{"rendered":"La justice valide l\u2019annulation du colloque du Coll\u00e8ge de France, et c\u2019est grave &#8211; Mediapart"},"content":{"rendered":"<ol>\n<li><a href=\"https:\/\/news.google.com\/rss\/articles\/CBMi0AFBVV95cUxOVHV2WlVRZWs5Y0d3TXU5aWhTTl9RM1NLaTFfZW4xcWRlQS1TWWJWbzNTM3AteHhfM1Q2SExKU3BqVUxfdzBweHE1aTI0dEotWFI3azdYX1otNVNfbEpxWERXRmhGN0p6NlZ1Vkp0R2RqMjl5elhydlVzdm5LNlBYZ0UtY3g2M0hfTXhLeEJMdk11cV9oZ0dUN1pZeUYyckpNTms4ZS1IS2F5bk1IcHI4alV3RmtWSUtfLXFOeDEyeEI1NVFhN2toSy1yUkZ6Tko1?oc=5\" target=\"_blank\" rel=\"noopener\">La justice valide l\u2019annulation du colloque du Coll\u00e8ge de France, et c\u2019est grave<\/a>&nbsp;&nbsp;Mediapart<\/li>\n<li><a href=\"https:\/\/news.google.com\/rss\/articles\/CBMi5wFBVV95cUxNVzVpb0d4YnpFb1luRE5VWWxoYkFoRHVkNXhxM04xUXhvQVJ0eDVhUjhZUDBDTTJDRldLQTVaWm55TUlxdkhvX1N5MWtUMkp5OFRkcmZVMU9Bc2dTWXZzVU9vR29FTXdKVEZtMkxXLUl1cTZfR1RJMTJGMENrTzd0RDl5ak9tb2xKRzZXejl4N0h0TV9Ib2tJRkZ6UGdpUjdOU3d0Y21tbmhFTTNiQWZkb04xUi04OU5va0JlVll6WXBxV0pnay1xd2k3M1UwVGxkTmk1Z0hVRjAtSmRwbHY3eWFlQUk5YzQ?oc=5\" target=\"_blank\" rel=\"noopener\">Le colloque scientifique sur la Palestine conna\u00eet un succ\u00e8s in\u00e9dit en ligne<\/a>&nbsp;&nbsp;Le Monde.fr<\/li>\n<li><a href=\"https:\/\/news.google.com\/rss\/articles\/CBMimAJBVV95cUxQNmpYVGR6RlhYN1A5bUh2SmliX1V0bXdrb3RsV3ZrYUlFVUNzRDVTN25kSlpUaTBJcTVtdFNuMVZoc3FfNGYtcTh5ZXcxbUZ3Vk4xSVhPX0RhM2MxeDhBcDdQRTQ2ZTQ2Z3lLMXVFSU10WTB3aS04ZHM1U2lNcUhWUDFUWGtDeUZjX3RSWXZKclhDRTNSYl90SmxlTlZRWFVmOURLb3prSkk5Y0lCVnNpS01wdnlBMlJaMXEyTW1wYWRSajhobVQtYzVxODRmZnRXWHdqelQwS0hOYjhabk1oOWdHb3ZabU5aZjlPcU16M2gyQXBFTThXeFpFcGFfaXpkbk9hMnBuVkVxZWhELWltLXpLX2xvc0Js?oc=5\" target=\"_blank\" rel=\"noopener\">Coll\u00e8ge de France, Philharmonie\u2026 Deux ans apr\u00e8s le 7 Octobre, le monde intellectuel et culturel toujours fractur\u00e9<\/a>&nbsp;&nbsp;Lib\u00e9ration<\/li>\n<li><a href=\"https:\/\/news.google.com\/rss\/articles\/CBMirgJBVV95cUxQbVhyOWNTRzBxX2xyOEpuS2RQUEZSWkZqVjBaS2NPX3ltY0FHOE01YTZQZnFHUFhYVVJ1b3BudTVhMC1kMVFreGNnaUo0NjhLaFRHb0JOYjZ6RTFiMWVQVG9pcTZITktEYlVWOFZYdzl2M1R4N0tSVnRORXB3TFpkODZrXy0zYUJ5a1BJbm85Y2Jtby1hdWRpbndDamd3b1JNcldhY0RScmJZZ0ZVYjloU3lFLTVWSXo2UXJEVmNoejk0YnBSY09zcTZ4WDVTQWZOaHJWWGJ1aE5qOEtJR1VCTWtXclI2M1hhdWNRQ1ZEZTBkMHBWTVJ1RGVoRUVVcEk5QVN1a00ybk9takl4SzhlVS12eTdZSFZzRHZKQ0Z5X0ZxYktNVHUxRWZma0gxdw?oc=5\" target=\"_blank\" rel=\"noopener\">\u00ab\u00a0Du maccarthysme \u00e0 la fran\u00e7aise\u00a0\u00bb: le d\u00e9bat s&rsquo;enflamme apr\u00e8s l&rsquo;annulation d&rsquo;un colloque sur la Palestine par le Coll\u00e8ge de France<\/a>&nbsp;&nbsp;BFMTV<\/li>\n<li><a href=\"https:\/\/news.google.com\/rss\/articles\/CBMitgFBVV95cUxNQ0JlQV9UczlYX1JNT0VoNG10TEVFRURpY050Sl93QjhON1I0T0xoWlowWFZ3bHVGYTBETk1lUm83V01odkhUM0pPMmt1ZmxYLWxvaVctbGFCb3dIbVRPT1dfYm5waXBEOW9QS3lvOVViTFFfVC1qeVRNcFlwRjhjME5UQl9lT1VBc1p0dDRyWGMzbmp0QzBueXU1X1F1NEQ2a21BUGc0bEN3Sm9za3JUVkRIeUhXZw?oc=5\" target=\"_blank\" rel=\"noopener\">Censure du colloque sur la Palestine : une d\u00e9faite pour l\u2019intelligence<\/a>&nbsp;&nbsp;L&rsquo;Humanit\u00e9<\/li>\n<\/ol>\n","protected":false},"excerpt":{"rendered":"La justice valide l\u2019annulation du colloque du Coll\u00e8ge de France, et c\u2019est grave&nbsp;&nbsp;Mediapart Le colloque scientifique sur la&hellip;\n","protected":false},"author":2,"featured_media":532544,"comment_status":"","ping_status":"","sticky":false,"template":"","format":"standard","meta":{"footnotes":""},"categories":[2],"tags":[11,65242,14117,1011,27,65243,12029,12,3518,25],"class_list":{"0":"post-532543","1":"post","2":"type-post","3":"status-publish","4":"format-standard","5":"has-post-thumbnail","7":"category-actualites","8":"tag-actualites","9":"tag-college-de-france","10":"tag-colloque","11":"tag-fr","12":"tag-france","13":"tag-henry-laurens","14":"tag-libertes-publiques","15":"tag-news","16":"tag-palestine","17":"tag-republique-francaise"},"share_on_mastodon":{"url":"https:\/\/pubeurope.com\/@fr\/115545334393501616","error":""},"_links":{"self":[{"href":"https:\/\/www.europesays.com\/fr\/wp-json\/wp\/v2\/posts\/532543","targetHints":{"allow":["GET"]}}],"collection":[{"href":"https:\/\/www.europesays.com\/fr\/wp-json\/wp\/v2\/posts"}],"about":[{"href":"https:\/\/www.europesays.com\/fr\/wp-json\/wp\/v2\/types\/post"}],"author":[{"embeddable":true,"href":"https:\/\/www.europesays.com\/fr\/wp-json\/wp\/v2\/users\/2"}],"replies":[{"embeddable":true,"href":"https:\/\/www.europesays.com\/fr\/wp-json\/wp\/v2\/comments?post=532543"}],"version-history":[{"count":0,"href":"https:\/\/www.europesays.com\/fr\/wp-json\/wp\/v2\/posts\/532543\/revisions"}],"wp:featuredmedia":[{"embeddable":true,"href":"https:\/\/www.europesays.com\/fr\/wp-json\/wp\/v2\/media\/532544"}],"wp:attachment":[{"href":"https:\/\/www.europesays.com\/fr\/wp-json\/wp\/v2\/media?parent=532543"}],"wp:term":[{"taxonomy":"category","embeddable":true,"href":"https:\/\/www.europesays.com\/fr\/wp-json\/wp\/v2\/categories?post=532543"},{"taxonomy":"post_tag","embeddable":true,"href":"https:\/\/www.europesays.com\/fr\/wp-json\/wp\/v2\/tags?post=532543"}],"curies":[{"name":"wp","href":"https:\/\/api.w.org\/{rel}","templated":true}]}}