{"id":532561,"date":"2025-11-14T01:11:19","date_gmt":"2025-11-14T01:11:19","guid":{"rendered":"https:\/\/www.europesays.com\/fr\/532561\/"},"modified":"2025-11-14T01:11:19","modified_gmt":"2025-11-14T01:11:19","slug":"13-novembre-eddy-de-pretto-interprete-avec-emotion-labsent-de-gilbert-becaud","status":"publish","type":"post","link":"https:\/\/www.europesays.com\/fr\/532561\/","title":{"rendered":"13-Novembre : Eddy de Pretto interpr\u00e8te avec \u00e9motion \u00ab\u00a0L&rsquo;Absent\u00a0\u00bb de Gilbert B\u00e9caud"},"content":{"rendered":"<ul class=\"jsx-862013697 ArticleChapo__List\">\n<li class=\"jsx-862013697 ArticleChapo__List_Item flex\">La c\u00e9r\u00e9monie d&rsquo;hommage aux victimes des attentats du 13-Novembre s&rsquo;est tenue au jardin m\u00e9moriel.<\/li>\n<li class=\"jsx-862013697 ArticleChapo__List_Item flex\">Eddy de Pretto a repris \u00ab\u00a0L&rsquo;absent\u00a0\u00bb de Gilbert B\u00e9caud avec, en fond, les photos des victimes qui d\u00e9filaient.<\/li>\n<\/ul>\n<p data-module=\"article-paragraph\" class=\"jsx-3046738180 Paragraph\">\u00ab\u00a0Qu&rsquo;elle est lourde \u00e0 porter l&rsquo;absence de l&rsquo;ami\/L&rsquo;ami qui tous les soirs venait \u00e0 cette table\/Et qui ne viendra plus, la mort est mis\u00e9rable\/Qui poignarde le c\u0153ur et qui te d\u00e9construit\u00a0\u00bb. Lors de la c\u00e9r\u00e9monie d&rsquo;hommage aux victimes du 13 novembre 2015 qui s&rsquo;est tenue au jardin m\u00e9moriel, Eddy de Pretto a repris avec beaucoup d&rsquo;\u00e9motion \u00ab\u00a0L&rsquo;absent\u00a0\u00bb de Gilbert B\u00e9caud.\u00a0<\/p>\n<p data-module=\"article-paragraph\" class=\"jsx-3046738180 Paragraph Paragraph__End\">Juste avant, Ann Shirley avait interpr\u00e9t\u00e9 \u00e0 l&rsquo;orgue \u00ab\u00a0Hommage aux disparus\u00a0\u00bb tandis que les photos des victimes d\u00e9filaient derri\u00e8re eux avec les visages \u00e9clair\u00e9s des victimes.<\/p>\n<p>La r\u00e9daction de TF1info<\/p>\n","protected":false},"excerpt":{"rendered":"La c\u00e9r\u00e9monie d&rsquo;hommage aux victimes des attentats du 13-Novembre s&rsquo;est tenue au jardin m\u00e9moriel. Eddy de Pretto a&hellip;\n","protected":false},"author":2,"featured_media":532562,"comment_status":"","ping_status":"","sticky":false,"template":"","format":"standard","meta":{"footnotes":""},"categories":[1355],"tags":[1111,11,1921,65138,58,30517,38975,59,1011,27,1922,65139,2041,1361,873,133,2040],"class_list":{"0":"post-532561","1":"post","2":"type-post","3":"status-publish","4":"format-standard","5":"has-post-thumbnail","7":"category-musique","8":"tag-actu","9":"tag-actualites","10":"tag-article-video","11":"tag-attentats-du-13-novembre-10-ans-apres","12":"tag-divertissement","13":"tag-eddy-de-pretto","14":"tag-edition-speciale-tf1","15":"tag-entertainment","16":"tag-fr","17":"tag-france","18":"tag-info","19":"tag-la-france-se-souvient","20":"tag-medias-et-divertissement","21":"tag-music","22":"tag-musique","23":"tag-video","24":"tag-video-culture"},"share_on_mastodon":{"url":"https:\/\/pubeurope.com\/@fr\/115545393476986210","error":""},"_links":{"self":[{"href":"https:\/\/www.europesays.com\/fr\/wp-json\/wp\/v2\/posts\/532561","targetHints":{"allow":["GET"]}}],"collection":[{"href":"https:\/\/www.europesays.com\/fr\/wp-json\/wp\/v2\/posts"}],"about":[{"href":"https:\/\/www.europesays.com\/fr\/wp-json\/wp\/v2\/types\/post"}],"author":[{"embeddable":true,"href":"https:\/\/www.europesays.com\/fr\/wp-json\/wp\/v2\/users\/2"}],"replies":[{"embeddable":true,"href":"https:\/\/www.europesays.com\/fr\/wp-json\/wp\/v2\/comments?post=532561"}],"version-history":[{"count":0,"href":"https:\/\/www.europesays.com\/fr\/wp-json\/wp\/v2\/posts\/532561\/revisions"}],"wp:featuredmedia":[{"embeddable":true,"href":"https:\/\/www.europesays.com\/fr\/wp-json\/wp\/v2\/media\/532562"}],"wp:attachment":[{"href":"https:\/\/www.europesays.com\/fr\/wp-json\/wp\/v2\/media?parent=532561"}],"wp:term":[{"taxonomy":"category","embeddable":true,"href":"https:\/\/www.europesays.com\/fr\/wp-json\/wp\/v2\/categories?post=532561"},{"taxonomy":"post_tag","embeddable":true,"href":"https:\/\/www.europesays.com\/fr\/wp-json\/wp\/v2\/tags?post=532561"}],"curies":[{"name":"wp","href":"https:\/\/api.w.org\/{rel}","templated":true}]}}