{"id":532563,"date":"2025-11-14T01:12:34","date_gmt":"2025-11-14T01:12:34","guid":{"rendered":"https:\/\/www.europesays.com\/fr\/532563\/"},"modified":"2025-11-14T01:12:34","modified_gmt":"2025-11-14T01:12:34","slug":"une-affiche-avec-un-beau-cheval-de-troie-pour-la-fresque-epique-de-nolan","status":"publish","type":"post","link":"https:\/\/www.europesays.com\/fr\/532563\/","title":{"rendered":"une affiche avec un beau cheval de Troie pour la fresque \u00e9pique de Nolan"},"content":{"rendered":"<p><strong><a href=\"https:\/\/www.ecranlarge.com\/personnalite\/656494-christopher-nolan\" data-type=\"people\" data-id=\"85276\" rel=\"nofollow noopener\" target=\"_blank\">Christopher Nolan<\/a> a choisi de raconter le long voyage d\u2019Ulysse son prochain film \u00e9pique <a href=\"https:\/\/www.ecranlarge.com\/films\/untitled-christopher-nolan-film\" data-type=\"films\" data-id=\"1218869\" rel=\"nofollow noopener\" target=\"_blank\">L\u2019Odyss\u00e9e<\/a>, mais il fera un petit passage par Troie.<\/strong><\/p>\n<p>2025 aura eu son lot de grands cin\u00e9astes de retour au cin\u00e9ma avec Guillermo del Toro, Kathryn Bigelow, Paul Thomas Anderson, Bong Joon-ho, Pedro Almodovar, Danny Boyle, James Cameron ou encore Steven Soderbergh (m\u00eame si lui, on compte plut\u00f4t les ann\u00e9es o\u00f9 il n\u2019est pas l\u00e0). Une bien belle ann\u00e9e donc \u00e0 laquelle 2026 n\u2019aura probablement pas grand-chose \u00e0 envier avec les nouveaux films de Steven Spielberg, Denis Villeneuve, David Fincher, Alejandro Gonz\u00e1lez I\u00f1\u00e1rritu, Ridley Scott, James Gray, Na Hong-jin ou encore Christopher Nolan.<\/p>\n<p>C\u2019est le r\u00e9alisateur fraichement oscaris\u00e9 d\u2019<strong>Oppenheimer<\/strong> qui nous int\u00e9resse ici puisque <strong>L\u2019Odyss\u00e9e <\/strong>est probablement l\u2019un des films (si ce n\u2019est LE) les plus attendus des spectateurs. Avec son casting d\u00e9mentiel men\u00e9 par <a href=\"https:\/\/www.ecranlarge.com\/personnalite\/653708-matt-damon\" data-type=\"people\" data-id=\"5556\" rel=\"nofollow noopener\" target=\"_blank\">Matt Damon<\/a>, <a href=\"https:\/\/www.ecranlarge.com\/personnalite\/930970-tom-holland\" data-type=\"people\" data-id=\"469852\" rel=\"nofollow noopener\" target=\"_blank\">Tom Holland<\/a>, <a href=\"https:\/\/www.ecranlarge.com\/personnalite\/651461-anne-hathaway\" data-type=\"people\" data-id=\"303709\" rel=\"nofollow noopener\" target=\"_blank\">Anne Hathaway<\/a>, <a href=\"https:\/\/www.ecranlarge.com\/personnalite\/685022-jon-bernthal\" data-type=\"people\" data-id=\"124522\" rel=\"nofollow noopener\" target=\"_blank\">Jon Bernthal<\/a>, <a href=\"https:\/\/www.ecranlarge.com\/personnalite\/651825-charlize-theron\" data-type=\"people\" data-id=\"3113\" rel=\"nofollow noopener\" target=\"_blank\">Charlize Theron<\/a>, <a href=\"https:\/\/www.ecranlarge.com\/personnalite\/719086-robert-pattinson\" data-type=\"people\" data-id=\"14664\" rel=\"nofollow noopener\" target=\"_blank\">Robert Pattinson<\/a> ou <a href=\"https:\/\/www.ecranlarge.com\/personnalite\/978682-zendaya\" data-type=\"people\" data-id=\"475372\" rel=\"nofollow noopener\" target=\"_blank\">Zendaya<\/a>, son adaptation du c\u00e9l\u00e8bre po\u00e8me d\u2019Hom\u00e8re s\u2019annonce comme le grand \u00e9v\u00e9nement de 2026. <strong>La promo s\u2019acc\u00e9l\u00e8re donc d\u00e9j\u00e0 avec une nouvelle affiche (ou presque<\/strong>).<\/p>\n<p>                    <img decoding=\"async\" alt=\"\" class=\"wp-image-518375\" style=\"object-fit:cover;width:25px;height:25px\" src=\"https:\/\/www.ecranlarge.com\/content\/uploads\/2023\/09\/arrow-right-circle.svg\"\/><\/p>\n<p><a href=\"https:\/\/www.ecranlarge.com\/content\/uploads\/2025\/03\/8tnp1wgkomkztvqzbm3gi85zl14.jpg\" rel=\"nofollow noopener\" target=\"_blank\"><\/p>\n<p><img loading=\"lazy\" decoding=\"async\" alt=\"Matt Damon dans The Odyssey\" src=\"https:\/\/www.europesays.com\/fr\/wp-content\/uploads\/2025\/07\/8tnp1wgkomkztvqzbm3gi85zl14-1260x709.jpg\" width=\"1260\" height=\"709\"  \/><\/p>\n<p><\/a>On va enfin avoir d\u2019autres images que celle-ci pour nos papiersle voyage commence enfin<\/p>\n<p>En effet, Empire a d\u00e9voil\u00e9 la couverture de son magazine de janvier 2026 (mis en vente d\u00e8s le 20 novembre prochain) consacr\u00e9 \u00e0 <strong>L\u2019Odyss\u00e9e <\/strong>de Christopher Nolan donc. On y d\u00e9couvre ainsi <strong>Ulysse, incarn\u00e9 par Matt Damon, surplomb\u00e9 par un cheval de Troie conqu\u00e9rant<\/strong> et entour\u00e9 de l\u2019embrun de vagues puissantes, marquant le d\u00e9but de son p\u00e9riple (a priori). Mais plus all\u00e9chant, dans une couverture exclusive aux abonn\u00e9s du magazine, on y aper\u00e7oit <strong>une troupe de guerriers tirant le fameux cheval sur la plage, probablement pour l\u2019amener \u00e0 Troie<\/strong>.<\/p>\n<p>Cette illustration sign\u00e9e Paul Shipper n\u2019est pas une image du film \u00e0 proprement parler, ni m\u00eame une affiche officielle d\u2019Universal (en tout cas, pour l\u2019instant). Cela dit, elle donne d\u00e9j\u00e0 quelques indices suppl\u00e9mentaires sur les choix de Christopher Nolan pour l\u2019adaptation de <strong>L\u2019Odyss\u00e9e<\/strong>. Dans le teaser du film d\u00e9voil\u00e9 exclusivement au cin\u00e9ma en juillet dernier, on distinguait d\u00e9j\u00e0 deux-trois plans de la plage de Troie et du cheval. Le fait que l\u2019\u00e9v\u00e9nement lance pleinement la promotion du film n\u2019est donc probablement pas anodin.<\/p>\n<p>                    <img decoding=\"async\" alt=\"\" class=\"wp-image-518375\" style=\"object-fit:cover;width:25px;height:25px\" src=\"https:\/\/www.ecranlarge.com\/content\/uploads\/2023\/09\/arrow-right-circle.svg\"\/><\/p>\n<p><a href=\"https:\/\/www.ecranlarge.com\/content\/uploads\/2025\/11\/empjan26-cn-odyssey-cover-newsstand.jpg\" rel=\"nofollow noopener\" target=\"_blank\"><\/p>\n<p><img loading=\"lazy\" decoding=\"async\" alt=\"\" src=\"https:\/\/www.europesays.com\/fr\/wp-content\/uploads\/2025\/11\/empjan26-cn-odyssey-cover-newsstand-1260x1632.jpg\" width=\"1260\" height=\"1632\"  \/><\/p>\n<p><\/a><a href=\"https:\/\/www.ecranlarge.com\/content\/uploads\/2025\/11\/empjan26-odyssey-cover-subs-ps.jpg\" rel=\"nofollow noopener\" target=\"_blank\"><\/p>\n<p><img loading=\"lazy\" decoding=\"async\" alt=\"\" src=\"https:\/\/www.europesays.com\/fr\/wp-content\/uploads\/2025\/11\/empjan26-odyssey-cover-subs-ps-1260x1632.jpg\" width=\"1260\" height=\"1632\"  \/><\/p>\n<p><\/a>\u00c7a donne envie non ?<\/p>\n<p><strong>On peut supposer que la prise de Troie et la ruse d\u2019Ulysse seront au c\u0153ur du prologue du film<\/strong> (ou au moins d\u2019un gros flashback), histoire de d\u00e9marrer le voyage du roi d\u2019Ithaque sur les chapeaux de roue. Une chose est s\u00fbre, Nolan semble avoir vu les choses en tr\u00e8s grand. On s\u2019en doutait vu l\u2019ambition du r\u00e9alisateur, mais Empire le confirme \u00e0 demi-mot sur sa couverture du film parlant d\u00e9j\u00e0 du \u00ab\u00a0mightiest movie of 2026\u00a0\u00bb, soit le film le plus (au choix) ambitieux\/majestueux\/\u00e9norme\/imposant de l\u2019ann\u00e9e.<\/p>\n<p>Bien s\u00fbr, avec son exclusivit\u00e9 de dingue, Empire n\u2019allait pas nous le vendre autrement, mais c\u2019est quand m\u00eame tr\u00e8s prometteur. Le magazine se permet d\u2019ailleurs d\u2019affirmer que, <strong inert=\"true\">si Oppenheimer \u00e9tait audacieux, ce n\u2019est rien par rapport \u00e0 ce qui nous attend avec L\u2019Odyss\u00e9e <\/strong>(dont le m\u00e9dia a pu voir quelques extraits). D\u2019autres \u00e9l\u00e9ments devraient \u00eatre d\u00e9voil\u00e9s dans les prochaines semaines puisqu\u2019Empire a pu interviewer Christopher Nolan et Matt Damon (entre autres) pour en savoir plus sur la conception du film, et a plusieurs images exclusives dans son num\u00e9ro.<\/p>\n<p>On salive d\u2019avance \u00e0 l\u2019id\u00e9e d\u2019en voir plus, notamment sur les potentielles confirmations officielles des r\u00f4les de la plupart du casting. D\u2019ici l\u00e0, pour rappel, <strong>L\u2019Odyss\u00e9e sortira le 15 juillet 2026 au cin\u00e9ma en France.<\/strong><\/p>\n","protected":false},"excerpt":{"rendered":"Christopher Nolan a choisi de raconter le long voyage d\u2019Ulysse son prochain film \u00e9pique L\u2019Odyss\u00e9e, mais il fera&hellip;\n","protected":false},"author":2,"featured_media":532564,"comment_status":"","ping_status":"","sticky":false,"template":"","format":"standard","meta":{"footnotes":""},"categories":[1354],"tags":[58,59,1346,1011,27,1360],"class_list":{"0":"post-532563","1":"post","2":"type-post","3":"status-publish","4":"format-standard","5":"has-post-thumbnail","7":"category-films","8":"tag-divertissement","9":"tag-entertainment","10":"tag-films","11":"tag-fr","12":"tag-france","13":"tag-movies"},"share_on_mastodon":{"url":"https:\/\/pubeurope.com\/@fr\/115545398870010374","error":""},"_links":{"self":[{"href":"https:\/\/www.europesays.com\/fr\/wp-json\/wp\/v2\/posts\/532563","targetHints":{"allow":["GET"]}}],"collection":[{"href":"https:\/\/www.europesays.com\/fr\/wp-json\/wp\/v2\/posts"}],"about":[{"href":"https:\/\/www.europesays.com\/fr\/wp-json\/wp\/v2\/types\/post"}],"author":[{"embeddable":true,"href":"https:\/\/www.europesays.com\/fr\/wp-json\/wp\/v2\/users\/2"}],"replies":[{"embeddable":true,"href":"https:\/\/www.europesays.com\/fr\/wp-json\/wp\/v2\/comments?post=532563"}],"version-history":[{"count":0,"href":"https:\/\/www.europesays.com\/fr\/wp-json\/wp\/v2\/posts\/532563\/revisions"}],"wp:featuredmedia":[{"embeddable":true,"href":"https:\/\/www.europesays.com\/fr\/wp-json\/wp\/v2\/media\/532564"}],"wp:attachment":[{"href":"https:\/\/www.europesays.com\/fr\/wp-json\/wp\/v2\/media?parent=532563"}],"wp:term":[{"taxonomy":"category","embeddable":true,"href":"https:\/\/www.europesays.com\/fr\/wp-json\/wp\/v2\/categories?post=532563"},{"taxonomy":"post_tag","embeddable":true,"href":"https:\/\/www.europesays.com\/fr\/wp-json\/wp\/v2\/tags?post=532563"}],"curies":[{"name":"wp","href":"https:\/\/api.w.org\/{rel}","templated":true}]}}