{"id":532573,"date":"2025-11-14T01:17:13","date_gmt":"2025-11-14T01:17:13","guid":{"rendered":"https:\/\/www.europesays.com\/fr\/532573\/"},"modified":"2025-11-14T01:17:13","modified_gmt":"2025-11-14T01:17:13","slug":"laction-collective-en-justice-ouverte-aux-proprietaires-de-dizaines-de-nouveaux-modeles","status":"publish","type":"post","link":"https:\/\/www.europesays.com\/fr\/532573\/","title":{"rendered":"l\u2019action collective en justice ouverte aux propri\u00e9taires de dizaines de nouveaux mod\u00e8les"},"content":{"rendered":"<p>\n    Pr\u00e8s de 3000 personnes victimes de blessures ou d\u2019un pr\u00e9judice \u00e0 cause de la pr\u00e9sence de ces airbags d\u00e9fectueux dans leur v\u00e9hicule sont d\u00e9j\u00e0 r\u00e9unies dans cette proc\u00e9dure collective.<\/p>\n<p class=\"fig-paragraph\">L\u2019action collective des automobilistes l\u00e9s\u00e9s par la pr\u00e9sence d\u2019un\u00a0<a href=\"http:\/\/www.lefigaro.fr\/faits-divers\/airbags-takata-defectueux-un-nouveau-deces-rapporte-en-guadeloupe-20250512\" data-fig-type=\"NewsFlash\" data-gtm-custom-categorie=\"navigation\" data-gtm-custom-action=\"crossclick\" data-gtm-custom-label=\"Contextuel\" data-gtm-event=\"customEventSPE\" data-fig-domain=\"LEFIGARO\" target=\"_blank\" rel=\"noopener\">airbag Takata<\/a>\u00a0dans leur v\u00e9hicule va \u00eatre \u00e9largie. Jusqu\u2019alors r\u00e9serv\u00e9e aux propri\u00e9taires de Citro\u00ebn C3 et DS3, la proc\u00e9dure en justice va \u00eatre \u00e9tendue \u00e0 plusieurs dizaines de nouveaux mod\u00e8les, annonce au Figaro Me Christophe L\u00e8guevaques ce jeudi 13 novembre. Cela concerne des v\u00e9hicules des groupes Stellantis, BMW, Toyota et Volkswagen (voir liste compl\u00e8te ci-dessous), vis\u00e9s par\u00a0<a href=\"http:\/\/www.lefigaro.fr\/societes\/airbags-takata-une-information-judiciaire-a-ete-ouverte-pour-mise-en-danger-de-la-vie-d-autrui-20250620\" data-fig-type=\"NewsFlash\" data-gtm-custom-categorie=\"navigation\" data-gtm-custom-action=\"crossclick\" data-gtm-custom-label=\"Contextuel\" data-gtm-event=\"customEventSPE\" data-fig-domain=\"LEFIGARO\" target=\"_blank\" rel=\"noopener\">l\u2019enqu\u00eate judiciaire ouverte en France<\/a>\u00a0et faisant partie de la longue liste de voitures\u00a0<a href=\"http:\/\/www.lefigaro.fr\/societes\/airbags-takata-citroeen-volkswagen-bmw-nissan-votre-voiture-est-elle-concernee-par-le-rappel-20250218\" data-fig-type=\"NewsFlash\" data-gtm-custom-categorie=\"navigation\" data-gtm-custom-action=\"crossclick\" data-gtm-custom-label=\"Contextuel\" data-gtm-event=\"customEventSPE\" data-fig-domain=\"LEFIGARO\" target=\"_blank\" rel=\"noopener\">vis\u00e9es par la campagne de rappel<\/a>.<\/p>\n<p class=\"fig-paragraph\">Avec une premi\u00e8re plainte d\u00e9pos\u00e9e en juillet 2024 et d\u00e9j\u00e0 2900 personnes rassembl\u00e9es, cette action collective se veut une \u00e9pine dans le pied des constructeurs \u00e9clabouss\u00e9s par le scandale Takata. Ces airbags d\u00e9fectueux produits par un fournisseur japonais (qui a depuis fait faillite) sont remplis de nitrate d\u2019ammonium, un gaz qui se d\u00e9grade avec le temps faisant courir un risque d\u2019explosion.<\/p>\n<p>Une vingtaine de morts en France<\/p>\n<p class=\"fig-paragraph\">Rien qu\u2019en France, pr\u00e8s d\u2019une vingtaine\u2026<\/p>\n<p class=\"fig-premium-paywall__infos\">\n        Cet article est r\u00e9serv\u00e9 aux abonn\u00e9s.        Il vous reste 75% \u00e0 d\u00e9couvrir.\n    <\/p>\n<p>                <img  data- alt=\"Le Figaro\" class=\"fig-img--complete fig-img\"\/><\/p>\n<p class=\"fig-premium-paywall__title\">Black Friday<\/p>\n<p class=\"fig-premium-paywall__subtitle\">-70% sur l&rsquo;abonnement num\u00e9rique<\/p>\n<p class=\"fig-premium-paywall__connect\">\n                D\u00e9j\u00e0 abonn\u00e9\u00a0?                <a class=\"fig-premium-paywall__connect-link\" href=\"https:\/\/connect.lefigaro.fr\/login?client=horizon_web&amp;type=main&amp;redirect_uri=https%3A%2F%2Fwww.lefigaro.fr%2Fconjoncture%2Fairbags-takata-l-action-collective-en-justice-ouverte-aux-proprietaires-de-dizaines-de-nouveaux-modeles-20251113\" data-js-gtm=\"{&quot;customCategorie&quot;: &quot;conversion&quot;, &quot;customAction&quot;: &quot;before_Landing_Connexion_paywall_auto&quot;, &quot;customLabel&quot;: &quot;bGVmaWdhcm8uZnJfXzFmMGMwOWE0LWYyMzktNjQ1Ni05MjA2LTVkZDYyMDliOTRmMl9fTmV3c0ZsYXNo_Airbags Takata\u00a0: l\u2019action collective en justice ouverte aux propri\u00e9taires de dizaines de nouveaux mod\u00e8les_39&quot;, &quot;customIDSPE&quot;: &quot;bGVmaWdhcm8uZnJfXzFmMGMwOWE0LWYyMzktNjQ1Ni05MjA2LTVkZDYyMDliOTRmMl9fTmV3c0ZsYXNo&quot;, &quot;event&quot;: &quot;customEventSPE&quot;}\" target=\"_blank\" rel=\"noopener\"><br \/>\n                    Connectez-vous<br \/>\n                <\/a>\n            <\/p>\n","protected":false},"excerpt":{"rendered":"Pr\u00e8s de 3000 personnes victimes de blessures ou d\u2019un pr\u00e9judice \u00e0 cause de la pr\u00e9sence de ces airbags&hellip;\n","protected":false},"author":2,"featured_media":532574,"comment_status":"","ping_status":"","sticky":false,"template":"","format":"standard","meta":{"footnotes":""},"categories":[6],"tags":[646,35,33,34,1011,27,32076],"class_list":{"0":"post-532573","1":"post","2":"type-post","3":"status-publish","4":"format-standard","5":"has-post-thumbnail","7":"category-economie","8":"tag-automobile","9":"tag-business","10":"tag-economie","11":"tag-economy","12":"tag-fr","13":"tag-france","14":"tag-takata"},"share_on_mastodon":{"url":"https:\/\/pubeurope.com\/@fr\/115545416930834340","error":""},"_links":{"self":[{"href":"https:\/\/www.europesays.com\/fr\/wp-json\/wp\/v2\/posts\/532573","targetHints":{"allow":["GET"]}}],"collection":[{"href":"https:\/\/www.europesays.com\/fr\/wp-json\/wp\/v2\/posts"}],"about":[{"href":"https:\/\/www.europesays.com\/fr\/wp-json\/wp\/v2\/types\/post"}],"author":[{"embeddable":true,"href":"https:\/\/www.europesays.com\/fr\/wp-json\/wp\/v2\/users\/2"}],"replies":[{"embeddable":true,"href":"https:\/\/www.europesays.com\/fr\/wp-json\/wp\/v2\/comments?post=532573"}],"version-history":[{"count":0,"href":"https:\/\/www.europesays.com\/fr\/wp-json\/wp\/v2\/posts\/532573\/revisions"}],"wp:featuredmedia":[{"embeddable":true,"href":"https:\/\/www.europesays.com\/fr\/wp-json\/wp\/v2\/media\/532574"}],"wp:attachment":[{"href":"https:\/\/www.europesays.com\/fr\/wp-json\/wp\/v2\/media?parent=532573"}],"wp:term":[{"taxonomy":"category","embeddable":true,"href":"https:\/\/www.europesays.com\/fr\/wp-json\/wp\/v2\/categories?post=532573"},{"taxonomy":"post_tag","embeddable":true,"href":"https:\/\/www.europesays.com\/fr\/wp-json\/wp\/v2\/tags?post=532573"}],"curies":[{"name":"wp","href":"https:\/\/api.w.org\/{rel}","templated":true}]}}