{"id":532577,"date":"2025-11-14T01:19:15","date_gmt":"2025-11-14T01:19:15","guid":{"rendered":"https:\/\/www.europesays.com\/fr\/532577\/"},"modified":"2025-11-14T01:19:15","modified_gmt":"2025-11-14T01:19:15","slug":"m-macron-evoque-une-menace-russe-particulierement-choquante-darmes-nucleaires-dans-lespace-zone-militaire","status":"publish","type":"post","link":"https:\/\/www.europesays.com\/fr\/532577\/","title":{"rendered":"M. Macron \u00e9voque une &quot;menace russe particuli\u00e8rement choquante d&#039;armes nucl\u00e9aires dans l&#039;espace&quot; &#8211; Zone Militaire"},"content":{"rendered":"<ol>\n<li><a href=\"https:\/\/news.google.com\/rss\/articles\/CBMixAFBVV95cUxOT2Q4RGhsajI1aTVVRlJ6clRwX01EMHlMNmJLMmU5M0tmUDRQYWl0RkxqdlZPMXRRMU11a1VuWVBHSDdQNG1TMnlzZnNxRm9VLUpickNlMjZGaVo1TUF3ZExFRGZhUmYwQkU0TVNLTFZkR3lCWjF5dTRzY1ZCRE9xNEVDSU9mS2ExdGgyLXMtX0lEMjJYcXRGMXBnSDBSNTBEMmhEQWdlenFscVRkRjBLYWQ4dzltY2N3TElQX3RkNEI4U1dY?oc=5\" target=\"_blank\" rel=\"noopener\">M. Macron \u00e9voque une \u00ab\u00a0menace russe particuli\u00e8rement choquante d&rsquo;armes nucl\u00e9aires dans l&rsquo;espace\u00a0\u00bb<\/a>&nbsp;&nbsp;Zone Militaire<\/li>\n<li><a href=\"https:\/\/news.google.com\/rss\/articles\/CBMikgJBVV95cUxPT0lncmpTalR3OGNQd1ZIVkllQURIVjRjS3o3NEFWQ2loaVl5YW0zUU5YbzdNZFhpY28tUVZwQjgwVWNmdjdSTUxqUXhReG9kbTlpa24tOHctOE4xSnNpMThyTVozVEhRbWF1NUpoRjgyUF9HS1pvemxlcGNlY181T2JmZWJNZEswT3pmaHZfR3BLenJMUUY1QXkyS2tZVzhON3QzVUdlVGZ4Z081WE5KVFhXRmZ1ZWhDTWlVanBUdER2TDBzSlhoaGRGVnRyT281dzFJQmJjRml1YUpISEkwcE1mVVQ2Nk13QU1WWXFfeno5VWNEaFc5Uzc5ckxZM0V5eVFtVmpXVUI5cmlaSG1BMXJB?oc=5\" target=\"_blank\" rel=\"noopener\">A Toulouse, Emmanuel Macron alerte sur la \u00ab brutalisation \u00bb de la guerre dans l\u2019espace et d\u00e9voile une nouvelle strat\u00e9gie<\/a>&nbsp;&nbsp;Le Monde.fr<\/li>\n<li><a href=\"https:\/\/news.google.com\/rss\/articles\/CBMi0AFBVV95cUxQMEVJa3JLZjBDTm1sMTlyUlRWWG8xbml4eU9uQThtZTNwY2xCRGFNcmZDMVBoWTFRbWNtTEJQMGVwNDRxcTBTVmdhQ19KNGdfQ0VRM3IwOXJPMmFpMVZFV1p1OUc3akJlbkplSWRjNUVmaGoyWjJpalNrdHZQM3M3S3ZzWWo3NUs0S0JjSmM5Y3h3THZwWVVXU3VVTGRpcGRWWEw5T3pUMG5fVHNkSGZhbHBoM0o2NXppb2xjcXdwc1l5akFwczIzUlB4TjhTVVct?oc=5\" target=\"_blank\" rel=\"noopener\">\u00c0 quoi sert le Commandement de l\u2019espace que vient d\u2019inaugurer \u00e0 Toulouse Emmanuel Macron<\/a>&nbsp;&nbsp;ladepeche.fr<\/li>\n<li><a href=\"https:\/\/news.google.com\/rss\/articles\/CBMinAJBVV95cUxOdTJJRGhfRHpoNUJ4NGN3a0V1aHBMVUtuMGZlbXRCU2Uta09YRVh0NVBHUUJkTFMxUm9JZzZjTHJhUTVqNjc4OERpbTdNRXpIRDVIZkVoWXFzcFVNSDdBYWVBUUFFX2tRanB0azBtdDdtUVdyTnBqWk4xS3N2ZjczT2dVWkxNZ3ktTS1xbmJtdkRJX2M4M3lpYnhxSzFYd2RoeC1MbEZhanc4c0w4V2xxZmdvWjBMLUgybjgyOTdVSEFEV3llZVJ0R0E2dWdvekdicnV6TUMtRVlIbnRWSlZva1dkdUxVNXd3VTNlWTBJVUJzMDgyclVka0J0UTVoZzlMT3g5UjFJYXdDdTlpMHh0TF9rT0gtRktkU3Zfdg?oc=5\" target=\"_blank\" rel=\"noopener\">Face aux menaces russes, Emmanuel Macron annonce 4,2 milliards d\u2019euros suppl\u00e9mentaires pour la d\u00e9fense spatiale<\/a>&nbsp;&nbsp;Ouest-France<\/li>\n<li><a href=\"https:\/\/news.google.com\/rss\/articles\/CBMitgJBVV95cUxQSExEOTQ0c2oxNkd4dXhTeXlRV0dHcmxfZkdfa0poUTQyQ1U4TzRrR3dIRnpCMW1STlppS1FhYjZ3cWdpQ1FFb1l0bUJSUkJUR2VnRjVublNkWjh6VTU5SS0wWmZRdTkzb0hVQWVZQURkWFk1S3JyRTlEd3VIeG9ib1hCVGVxSFRpMjBVZWRHX2RPcEo3eThZYnU4Z2xOLUFEa0hTRVRhRGRBOUV6OGhsOWp4bDdfMWVjdG1UQ2xiUTgwMWtoWlZuMmhRWTZ5elNTVFc2RTZuZGM4b2oxazNNUVh3dGxXR2tyZDV1WXdXVDFqZkNHdFVDTU14MTRjTGZ2NEMxWUZad0EzTF9Xc3NFaDFiZHJyRWg2dWc2aHUwdFIzZXZLS0w3SGNpN3I5SGNyUUwxblF3?oc=5\" target=\"_blank\" rel=\"noopener\">Entre lasers aveuglants, missiles sol-espace et satellites de combat au \u00ab\u00a0corps \u00e0 corps\u00a0\u00bb, une vraie \u00ab\u00a0guerre des \u00e9toiles\u00a0\u00bb se pr\u00e9pare entre Am\u00e9ricains, Chinois et Russes<\/a>&nbsp;&nbsp;BFMTV<\/li>\n<\/ol>\n","protected":false},"excerpt":{"rendered":"M. Macron \u00e9voque une \u00ab\u00a0menace russe particuli\u00e8rement choquante d&rsquo;armes nucl\u00e9aires dans l&rsquo;espace\u00a0\u00bb&nbsp;&nbsp;Zone Militaire A Toulouse, Emmanuel Macron alerte&hellip;\n","protected":false},"author":2,"featured_media":438894,"comment_status":"","ping_status":"","sticky":false,"template":"","format":"standard","meta":{"footnotes":""},"categories":[4],"tags":[11,11979,33027,65244,1073,386,1011,27,38962,1147,12,25,132,65245],"class_list":{"0":"post-532577","1":"post","2":"type-post","3":"status-publish","4":"format-standard","5":"has-post-thumbnail","7":"category-france","8":"tag-actualites","9":"tag-armes-nucleaires","10":"tag-commandement-de-lespace","11":"tag-cosmos-2553","12":"tag-emmanuel-macron","13":"tag-espace","14":"tag-fr","15":"tag-france","16":"tag-lpm-2024-30","17":"tag-menace","18":"tag-news","19":"tag-republique-francaise","20":"tag-russie","21":"tag-strategie-spatiale-nationale"},"share_on_mastodon":{"url":"https:\/\/pubeurope.com\/@fr\/115545424747294706","error":""},"_links":{"self":[{"href":"https:\/\/www.europesays.com\/fr\/wp-json\/wp\/v2\/posts\/532577","targetHints":{"allow":["GET"]}}],"collection":[{"href":"https:\/\/www.europesays.com\/fr\/wp-json\/wp\/v2\/posts"}],"about":[{"href":"https:\/\/www.europesays.com\/fr\/wp-json\/wp\/v2\/types\/post"}],"author":[{"embeddable":true,"href":"https:\/\/www.europesays.com\/fr\/wp-json\/wp\/v2\/users\/2"}],"replies":[{"embeddable":true,"href":"https:\/\/www.europesays.com\/fr\/wp-json\/wp\/v2\/comments?post=532577"}],"version-history":[{"count":0,"href":"https:\/\/www.europesays.com\/fr\/wp-json\/wp\/v2\/posts\/532577\/revisions"}],"wp:featuredmedia":[{"embeddable":true,"href":"https:\/\/www.europesays.com\/fr\/wp-json\/wp\/v2\/media\/438894"}],"wp:attachment":[{"href":"https:\/\/www.europesays.com\/fr\/wp-json\/wp\/v2\/media?parent=532577"}],"wp:term":[{"taxonomy":"category","embeddable":true,"href":"https:\/\/www.europesays.com\/fr\/wp-json\/wp\/v2\/categories?post=532577"},{"taxonomy":"post_tag","embeddable":true,"href":"https:\/\/www.europesays.com\/fr\/wp-json\/wp\/v2\/tags?post=532577"}],"curies":[{"name":"wp","href":"https:\/\/api.w.org\/{rel}","templated":true}]}}