{"id":532582,"date":"2025-11-14T01:22:22","date_gmt":"2025-11-14T01:22:22","guid":{"rendered":"https:\/\/www.europesays.com\/fr\/532582\/"},"modified":"2025-11-14T01:22:22","modified_gmt":"2025-11-14T01:22:22","slug":"a-saint-etienne-le-pc-rejoint-le-ps-les-ecologistes-trancheront-demain","status":"publish","type":"post","link":"https:\/\/www.europesays.com\/fr\/532582\/","title":{"rendered":"A Saint-Etienne le PC rejoint le PS, les \u00e9cologistes trancheront demain"},"content":{"rendered":"<p class=\"is-style-chapo\">A la fin du printemps, l\u2019union totale de la gauche semblait encore possible. Mais cette perspective pour le 1er tour des Municipales \u00e0 Saint-Etienne a d\u00e9finitivement \u00e9t\u00e9 \u00e9clips\u00e9e en septembre, n\u2019ouvrant la possibilit\u00e9 qu\u2019\u00e0 une union partielle. Ce jeudi, on apprenait qu\u2019apr\u00e8s consultation de ses adh\u00e9rents, le groupe communiste rejoignait le PS et sa t\u00eate de liste, R\u00e9gis Juanico. De leur c\u00f4t\u00e9, les \u00e9cologistes trancheront demain, tandis que Saint\u00e9 Populaire donnera le r\u00e9sultat de ses consultations dans le week-end.<\/p>\n<p><img fetchpriority=\"high\" decoding=\"async\" width=\"1024\" height=\"576\" src=\"https:\/\/www.europesays.com\/fr\/wp-content\/uploads\/2025\/04\/20230530_122043h-1024x576.jpg\" alt=\"La mairie de Saint-Etienne. \u00a9If Saint-Etienne \/ Xavier Alix\" class=\"wp-image-76583\"  \/>L\u2019H\u00f4tel de ville de Saint-Etienne. \u00a9If Saint-Etienne \/ Xavier Alix<\/p>\n<p>Tous voulaient l\u2019union. Des espoirs douch\u00e9s lorsque l\u2019on apprend \u00e0 la mi-septembre qu\u2019elle n\u2019aura assur\u00e9ment et sans retour pas lieu au 1er tour des Municipales \u00e0 Saint-Etienne, <a href=\"https:\/\/www.if-saint-etienne.fr\/politique-societe\/municipales-a-saint-etienne-a-gauche-lunion-au-1er-tour-ne-sera-pas-complete\" target=\"_blank\" rel=\"noreferrer noopener\">faute<\/a> d\u2019entente possible entre LFI et le PS. A l\u2019\u00e9poque, \u00e0 l\u2019issue, d\u2019une ICE (instance consultative \u00e9largie) cr\u00e9\u00e9e par le collectif <a href=\"http:\/\/if-saint-etienne.fr\/politique-societe\/municipales-2026-sainte-populaire-donnee-transversale-a-gauche\" target=\"_blank\" rel=\"noreferrer noopener\">Saint\u00e9 Populaire<\/a>, devenue association, pour discuter et tenter d\u2019accoucher d\u2019une union compl\u00e8te de la gauche entre les mouvements militants (associations, syndicats, citoyens seuls encart\u00e9s ou non) qu\u2019il f\u00e9d\u00e8re et EELV, LFI, le PC et le PS, les discussions avaient tourn\u00e9 sur la prise d\u2019acte de cet \u00e9chec.<\/p>\n<p>Les Insoumis avaient alors pos\u00e9 une ligne rouge inamovible : pas de t\u00eate de liste PS \u2013 qui a d\u00e9sign\u00e9 R\u00e9gis Juanico, second\u00e9 par Isabelle Dumestre \u2013 dans une union \u00e0 laquelle il accepterait de participer. De leur c\u00f4t\u00e9, les socialistes estimaient, sondage<strong>*<\/strong> \u00e0 l\u2019appui, que R\u00e9gis Juanico \u00e9tait le plus \u00e0 m\u00eame de conduire une union. Tout en se d\u00e9fendant de vouloir la confisquer dans son ensemble, puisqu\u2019enclins \u00e0 renoncer \u00e0 la t\u00eate de liste, \u00e0 condition qu\u2019on leur \u00ab\u00a0d\u00e9montre qu\u2019un autre candidat pouvait davantage f\u00e9d\u00e9rer et l\u2019emporter\u00a0\u00bb. Une fois ce divorce act\u00e9, restait aux \u00e9cologistes, aux communistes et \u00e0 Saint\u00e9 Populaire \u00e0 choisir leur camp\u2026<\/p>\n<p>Une union au second tour\u00a0?<\/p>\n<p>Ce jeudi 13 novembre, on apprenait via communiqu\u00e9 de presse que les adh\u00e9rents communistes de Saint-Etienne avaient \u00e9t\u00e9 appel\u00e9s \u00e0 se prononcer sur le choix de rejoindre la liste <a href=\"https:\/\/www.if-saint-etienne.fr\/politique-societe\/municipales-a-saint-etienne-a-gauche-lunion-au-1er-tour-ne-sera-pas-complete\" target=\"_blank\" rel=\"noreferrer noopener\">LFI ou du PS<\/a>. \u00ab\u00a075,86 % des votants ont pl\u00e9biscit\u00e9 une union avec Saint-Etienne Demain, nous explique Val\u00e9rie Atif, pour la section st\u00e9phanoise du PCF. Nous avons \u00e9t\u00e9 \u00e0 l\u2019initiative des discussions d\u00e8s novembre 2024 pour unir toutes les forces de gauche. Nous avons \u00e9t\u00e9 tr\u00e8s contrari\u00e9s par l\u2019impossibilit\u00e9 d\u2019union entre LFI et le PS, mais nous en avons pris acte. On a continu\u00e9 les \u00e9changes avec les \u00e9cologistes et Saint\u00e9 Populaire, le but \u00e9tant d\u2019avoir une union la plus large possible\u00a0\u00bb. C\u2019est d\u2019ailleurs pourquoi elle explique qu\u2019ils ont choisi de ne pas cr\u00e9er une troisi\u00e8me liste de gauche \u00e0 Saint-Etienne.<\/p>\n<blockquote>\n<p>La mairie semble \u00eatre gagnable par la gauche et trois listes \u00e7a n\u2019\u00e9tait pas un bon message. R\u00e9gis Juanico est quand m\u00eame une locomotive qui peut faire gagner\u00a0<\/p>\n<p>Val\u00e9rie Atif, section st\u00e9phanoise du PCF<\/p><\/blockquote>\n<p>\u00ab\u00a0La mairie semble \u00eatre gagnable par la gauche et trois listes \u00e7a n\u2019\u00e9tait pas un bon message. R\u00e9gis Juanico est quand m\u00eame une locomotive qui peut faire gagner\u00a0\u00bb. Cette probabilit\u00e9 est-elle justement celle \u00e0 l\u2019origine de la scission LFI\/PS\u00a0? \u00ab\u00a0Saint-Etienne est la plus grande ville de France gagnable \u00e0 gauche donc chacun a voulu y mettre son \u00e9tiquette\u00a0\u00bb, estime Val\u00e9rie Atif. Mais l\u2019espoir d\u2019une union n\u2019est pas exclu pour les communistes qui esp\u00e8rent qu\u2019elle sera possible au second tour. D\u00e8s demain, ce sont les adh\u00e9rents Le Temps de l\u2019Ecologie qui devront se prononcer sur l\u2019union partielle qu\u2019ils souhaitent voir se r\u00e9aliser.<\/p>\n<p>Et maintenant\u00a0?<\/p>\n<p>Nous avons contact\u00e9 Julie Tokhi, cheffe de file des \u00e9cologistes avec Olivier Longeon, pour conna\u00eetre la position des \u00e9cologistes. \u00ab\u00a0Nous avons lanc\u00e9 la concertation de nos adh\u00e9rents ce matin, et elle se terminera demain \u00e0 18 heures. Ce sont les adh\u00e9rents qui sont souverains. Le PC a pr\u00f4n\u00e9 l\u2019union totale, tout comme nous, mais elle n\u2019a malheureusement pas pu se faire\u00a0\u00bb. Seule nuance, nous explique l\u2019\u00e9lue, il ne sera pas demand\u00e9 aux adh\u00e9rents quelle t\u00eate de liste ils souhaitent rejoindre, mais \u00e9galement avec quelles conditions. <\/p>\n<p>\u00ab\u00a0Nous serons moins g\u00e9n\u00e9ralistes sur les formulations avec les \u00e9quilibres que nous avons n\u00e9goci\u00e9s. Il y a une volont\u00e9 pour nous d\u2019\u00eatre hyper transparents, et de donner un degr\u00e9 maximal de pr\u00e9cisions. Nous avons d\u00e9j\u00e0 rencontr\u00e9 nos militants pour leur expliquer o\u00f9 en \u00e9taient les discussions avec chacun et r\u00e9pondre \u00e0 leurs questions sur le sujet. On s\u2019en remet d\u00e9sormais \u00e0 leur d\u00e9cision\u00a0\u00bb. Quant \u00e0 savoir quel scenario les chefs de file verts pr\u00e9f\u00e8rerait\u2026 silence radio pour ne pas influencer les votes. Verdict demain soir.<\/p>\n<p>Et Saint\u00e9 Populaire ? <\/p>\n<p>Quant \u00e0 Saint\u00e9 Populaire, nous l\u2019avons contact\u00e9 \u00e9galement. Une de ses porte-paroles, Fanny Vincent, nous indique la tenue d\u2019une assembl\u00e9e populaire ce jeudi soir. Trancher d\u00e9finitivement sur la strat\u00e9gie d\u2019union, d\u2019association ou non \u00e0 une alliance, une liste commune n\u2019est pas son seul th\u00e8me. Cependant, \u00e0 son issue, ses 300 adh\u00e9rents recevront un mail avec un lien web pour exprimer leurs pr\u00e9f\u00e9rences jusqu\u2019\u00e0 samedi. \u00ab\u00a0Ce sera sur le mode du jugement majoritaire dont nous avons l\u2019habitude, pr\u00e9cise Fanny Vincent. Quatre options seront soumises \u00e0 la possibilit\u00e9 de les consid\u00e9rer comme \u00ab\u00a0tr\u00e8s satisfaisant, satisfaisant, peu satisfaisant, \u00e0 rejeter.\u00a0\u00bb Les options en question ? Rejoindre les uns ou les autres d\u00e9j\u00e0 assur\u00e9ment en lice, potentiellement en lice, avec cette difficult\u00e9 de ne pas savoir ce que vont d\u00e9cider les \u00e9cologistes, voire s\u2019engager sur les diff\u00e9rentes pour s\u2019assurer de faire passer les id\u00e9es issues de ses travaux\u2026 Il n\u2019y aura en tout cas pas de liste Saint\u00e9 Populaire en soi. Une inconnue de moins \u00e0 ces persistantes \u00e9quations \u00e0 gauche depuis le printemps mais sur le point de pr\u00e9senter ses r\u00e9sultats. Du moins pour le premier tour avant un probable retour express pour le second..   <\/p>\n<p><strong>* Sondage IFOP command\u00e9 par le PS d\u00e9but 2025, r\u00e9alis\u00e9 en f\u00e9vrier aupr\u00e8s de 599 St\u00e9phanois inscrits sur les listes \u00e9lectorales. Prenant le parti que le maire de Saint-Etienne pourrait se pr\u00e9senter et se pr\u00e9senterait, au 1er tour, il donnait encore 17 % d\u2019intentions de vote pour Ga\u00ebl Perdriau contre 22 % pour une liste de droite conduite par Dino Cinieri (l\u2019union de partis de droite et gauche n\u2019\u00e9tait pas encore connue) et 31 % pour une \u00ab liste \u00bb conduite par R\u00e9gis Juanico associant PS, EELV, PC et Place Publique contre 13 % pour LFI, isol\u00e9e. Une gauche totalement unie, avec LFI donc, donnerait plus de 39 % au 1er tour tout en faisant \u00ab progresser \u00bb, la droite de 2 % et G. Perdriau d\u20191 %. Dans les deux scenarios, l\u2019extr\u00eame droite y est cr\u00e9dit\u00e9e de 17 % des voix, beaucoup plus qu\u2019en 2020, nettement moins qu\u2019aux Europ\u00e9ennes. Et dans les deux scenarios, les 4 ou 5 formations en lice seraient qualifi\u00e9es\u2026\u00a0<\/strong><\/p>\n","protected":false},"excerpt":{"rendered":"A la fin du printemps, l\u2019union totale de la gauche semblait encore possible. Mais cette perspective pour le&hellip;\n","protected":false},"author":2,"featured_media":61463,"comment_status":"","ping_status":"","sticky":false,"template":"","format":"standard","meta":{"footnotes":""},"categories":[9653],"tags":[1111,11,2430,65246,2761,1777,674,1011,27,18898,12,65247,25,4001,65248],"class_list":{"0":"post-532582","1":"post","2":"type-post","3":"status-publish","4":"format-standard","5":"has-post-thumbnail","7":"category-saint-etienne","8":"tag-actu","9":"tag-actualites","10":"tag-auvergne-rhone-alpes","11":"tag-consultatif","12":"tag-elections-municipales-2026","13":"tag-eu","14":"tag-europe","15":"tag-fr","16":"tag-france","17":"tag-municipales-saint-etienne","18":"tag-news","19":"tag-regis-juanico","20":"tag-republique-francaise","21":"tag-saint-etienne","22":"tag-union-gauche"},"share_on_mastodon":{"url":"https:\/\/pubeurope.com\/@fr\/115545436822079561","error":""},"_links":{"self":[{"href":"https:\/\/www.europesays.com\/fr\/wp-json\/wp\/v2\/posts\/532582","targetHints":{"allow":["GET"]}}],"collection":[{"href":"https:\/\/www.europesays.com\/fr\/wp-json\/wp\/v2\/posts"}],"about":[{"href":"https:\/\/www.europesays.com\/fr\/wp-json\/wp\/v2\/types\/post"}],"author":[{"embeddable":true,"href":"https:\/\/www.europesays.com\/fr\/wp-json\/wp\/v2\/users\/2"}],"replies":[{"embeddable":true,"href":"https:\/\/www.europesays.com\/fr\/wp-json\/wp\/v2\/comments?post=532582"}],"version-history":[{"count":0,"href":"https:\/\/www.europesays.com\/fr\/wp-json\/wp\/v2\/posts\/532582\/revisions"}],"wp:featuredmedia":[{"embeddable":true,"href":"https:\/\/www.europesays.com\/fr\/wp-json\/wp\/v2\/media\/61463"}],"wp:attachment":[{"href":"https:\/\/www.europesays.com\/fr\/wp-json\/wp\/v2\/media?parent=532582"}],"wp:term":[{"taxonomy":"category","embeddable":true,"href":"https:\/\/www.europesays.com\/fr\/wp-json\/wp\/v2\/categories?post=532582"},{"taxonomy":"post_tag","embeddable":true,"href":"https:\/\/www.europesays.com\/fr\/wp-json\/wp\/v2\/tags?post=532582"}],"curies":[{"name":"wp","href":"https:\/\/api.w.org\/{rel}","templated":true}]}}