{"id":532591,"date":"2025-11-14T01:28:18","date_gmt":"2025-11-14T01:28:18","guid":{"rendered":"https:\/\/www.europesays.com\/fr\/532591\/"},"modified":"2025-11-14T01:28:18","modified_gmt":"2025-11-14T01:28:18","slug":"pourquoi-contrairement-au-montpellier-des-freres-lebrun-hennebont-debute-t-il-la-ligue-des-champions-en-8e-de-finale-ce-vendredi-du-cote-de-kalsruhe","status":"publish","type":"post","link":"https:\/\/www.europesays.com\/fr\/532591\/","title":{"rendered":"Pourquoi, contrairement au Montpellier des fr\u00e8res Lebrun, Hennebont d\u00e9bute-t-il la Ligue des champions en 8e de finale ce vendredi du c\u00f4t\u00e9 de Kalsruhe\u00a0?"},"content":{"rendered":"<p>Ligue des Champions (8e de finale aller). Gr\u00fcnwettersbach &#8211; GV Hennebont TT, vendredi (19 h).<\/p>\n<p>L\u2019Alliance N\u00eemes\/Montpellier, pourtant dot\u00e9e de F\u00e9lix Le Brun et de son fr\u00e8re a\u00een\u00e9 Alexis Le Brun, a d\u00fb disputer une phase de poule. Mais pas la GV Hennebont de Simon Gauzy ! En effet, huit t\u00eates de s\u00e9ries sont exempt\u00e9es du tour pr\u00e9liminaire de la Ligue des champions de <a href=\"https:\/\/www.letelegramme.fr\/sports\/tennis-de-table\/\" target=\"_blank\" rel=\"noopener\">tennis de table<\/a> qui met aux prises 16 \u00e9quipes r\u00e9parties en quatre poules. Et gr\u00e2ce \u00e0 ses parcours pr\u00e9c\u00e9dents (notamment <a href=\"https:\/\/www.letelegramme.fr\/sports\/tennis-de-table\/span-classamorcecoupe-ettu-spanhennebont-un-succes-historique-3452107.php\" target=\"_blank\" rel=\"noopener\">vainqueur de l\u2019ETTU cup en 2023<\/a> ou quart de finaliste de la Ligue des champions en 2024-2025), Hennebont a pu s\u2019emparer du statut de t\u00eate de s\u00e9rie n\u00b07, lui \u00e9vitant ainsi un premier tour qui aurait surcharg\u00e9 le calendrier de joueurs ayant de plus en plus de rendez-vous internationaux \u00e0 honorer.<\/p>\n<p>Alors que la nouvelle formule a instaur\u00e9 depuis 2024 une \u00abfinale \u00e0 quatre\u00bb sur un lieu unique \u00e0 l\u2019image de ceux de basket-ball, la route pour se qualifier au \u00abFinal four\u00bb, qui se tiendra de nouveau \u00e0 Sarrebruck (les 16 et 17 mai prochains), est d\u00e9j\u00e0 connue. Et elle ne sera certainement pas de tout en repos avec en point de mire le vainqueur de Bia\u0142ystok-Sarreruck.<\/p>\n<p>Sarrebruck et ses stars olympiques en quart de finale ?<\/p>\n<p>Ainsi, si les Hennebontais parviennent \u00e0 \u00e9carter les Allemands de Gr\u00fcnwettersbach (Karlsruhe) en 8e de finale (match aller ce vendredi, match retour le dimanche 21 d\u00e9cembre \u00e0 Hennebont), ils pourraient retrouver sur leur chemin, en quart de finale, le double tenant du titre et son incroyable armada : le champion olympique Fan Zhendong\ufeff, son dauphin su\u00e9dois Truls Moregard et autres Patrick Franziska (21e mondial) ou Darko Jorgic (11e mondial).<\/p>\n","protected":false},"excerpt":{"rendered":"Ligue des Champions (8e de finale aller). Gr\u00fcnwettersbach &#8211; GV Hennebont TT, vendredi (19 h). L\u2019Alliance N\u00eemes\/Montpellier, pourtant&hellip;\n","protected":false},"author":2,"featured_media":532592,"comment_status":"","ping_status":"","sticky":false,"template":"","format":"standard","meta":{"footnotes":""},"categories":[9599],"tags":[1111,11,1777,674,1011,27,17980,2208,12,2680,25,60,16149],"class_list":{"0":"post-532591","1":"post","2":"type-post","3":"status-publish","4":"format-standard","5":"has-post-thumbnail","7":"category-montpellier","8":"tag-actu","9":"tag-actualites","10":"tag-eu","11":"tag-europe","12":"tag-fr","13":"tag-france","14":"tag-hennebont","15":"tag-montpellier","16":"tag-news","17":"tag-occitanie","18":"tag-republique-francaise","19":"tag-sports","20":"tag-tennis-de-table"},"share_on_mastodon":{"url":"https:\/\/pubeurope.com\/@fr\/115545460102439498","error":""},"_links":{"self":[{"href":"https:\/\/www.europesays.com\/fr\/wp-json\/wp\/v2\/posts\/532591","targetHints":{"allow":["GET"]}}],"collection":[{"href":"https:\/\/www.europesays.com\/fr\/wp-json\/wp\/v2\/posts"}],"about":[{"href":"https:\/\/www.europesays.com\/fr\/wp-json\/wp\/v2\/types\/post"}],"author":[{"embeddable":true,"href":"https:\/\/www.europesays.com\/fr\/wp-json\/wp\/v2\/users\/2"}],"replies":[{"embeddable":true,"href":"https:\/\/www.europesays.com\/fr\/wp-json\/wp\/v2\/comments?post=532591"}],"version-history":[{"count":0,"href":"https:\/\/www.europesays.com\/fr\/wp-json\/wp\/v2\/posts\/532591\/revisions"}],"wp:featuredmedia":[{"embeddable":true,"href":"https:\/\/www.europesays.com\/fr\/wp-json\/wp\/v2\/media\/532592"}],"wp:attachment":[{"href":"https:\/\/www.europesays.com\/fr\/wp-json\/wp\/v2\/media?parent=532591"}],"wp:term":[{"taxonomy":"category","embeddable":true,"href":"https:\/\/www.europesays.com\/fr\/wp-json\/wp\/v2\/categories?post=532591"},{"taxonomy":"post_tag","embeddable":true,"href":"https:\/\/www.europesays.com\/fr\/wp-json\/wp\/v2\/tags?post=532591"}],"curies":[{"name":"wp","href":"https:\/\/api.w.org\/{rel}","templated":true}]}}