{"id":532599,"date":"2025-11-14T01:33:13","date_gmt":"2025-11-14T01:33:13","guid":{"rendered":"https:\/\/www.europesays.com\/fr\/532599\/"},"modified":"2025-11-14T01:33:13","modified_gmt":"2025-11-14T01:33:13","slug":"les-pompiers-interviennent-pour-un-feu-sur-le-site-de-cargill-a-crevin-au-sud-de-rennes-2","status":"publish","type":"post","link":"https:\/\/www.europesays.com\/fr\/532599\/","title":{"rendered":"Les pompiers interviennent pour un feu sur le site de Cargill \u00e0 Crevin, au sud de Rennes"},"content":{"rendered":"<p>Ce sont 45\u00a0pompiers qui ont \u00e9t\u00e9 d\u00e9ploy\u00e9s, jeudi 13\u00a0novembre 2025, en d\u00e9but de soir\u00e9e, sur le site de l\u2019entreprise <a href=\"https:\/\/rennes.maville.com\/actu\/actudet_-crevin.-le-grand-coeur-des-salaries-de-l-entreprise-cargill_7-4243291_actu.Htm\" target=\"_self\" rel=\"noopener\">Provimi Cargill,<\/a> de Crevin (Ille-et-Vilaine). Les employ\u00e9s de cette usine de fabrication d\u2019aliments pour animaux ont donn\u00e9 l\u2019alerte.<\/p>\n<p>Rapidement arriv\u00e9s sur place, les pompiers ont pu \u00e9teindre le feu. L\u2019important dispositif s\u2019explique, car le site est <a href=\"https:\/\/rennes.maville.com\/actu\/actudet_-classee-seveso-seuil-haut-comment-cette-usine-gere-les-risques-au-sud-de-rennes-_7-6740838_actu.Htm\" target=\"_blank\" rel=\"noopener\">class\u00e9 Seveso <\/a>seuil bas. N\u00e9anmoins aucune \u00e9vacuation n\u2019a eu lieu, aucun p\u00e9rim\u00e8tre de s\u00e9curit\u00e9 n\u2019a \u00e9t\u00e9 \u00e9tabli au-del\u00e0 du site. Des op\u00e9rations de reconnaissance, notamment \u00e0 l\u2019aide d\u2019un drone pour inspecter un silo, \u00e9taient pr\u00e9vues. La pr\u00e9fecture pr\u00e9cise qu\u2019une inspection des lieux aurait lieu, demain, vendredi<strong> \u00ab\u00a0pour d\u00e9terminer les causes du sinistre\u00a0\u00bb.<\/strong><\/p>\n<p>La responsable du site, pr\u00e9sente sur place, a pr\u00e9cis\u00e9 qu\u2019elle ne ferait aucun commentaire.<\/p>\n<p>\u00a0<\/p>\n","protected":false},"excerpt":{"rendered":"Ce sont 45\u00a0pompiers qui ont \u00e9t\u00e9 d\u00e9ploy\u00e9s, jeudi 13\u00a0novembre 2025, en d\u00e9but de soir\u00e9e, sur le site de&hellip;\n","protected":false},"author":2,"featured_media":532368,"comment_status":"","ping_status":"","sticky":false,"template":"","format":"standard","meta":{"footnotes":""},"categories":[2821],"tags":[1111,11,829,65225,65226,1777,674,1312,1011,27,58864,12,1311,584,25,13269,7053],"class_list":{"0":"post-532599","1":"post","2":"type-post","3":"status-publish","4":"format-standard","5":"has-post-thumbnail","7":"category-rennes","8":"tag-actu","9":"tag-actualites","10":"tag-bretagne","11":"tag-cargill","12":"tag-crevin","13":"tag-eu","14":"tag-europe","15":"tag-feu","16":"tag-fr","17":"tag-france","18":"tag-interviennent","19":"tag-news","20":"tag-pompiers","21":"tag-rennes","22":"tag-republique-francaise","23":"tag-site","24":"tag-sud"},"share_on_mastodon":{"url":"https:\/\/pubeurope.com\/@fr\/115545479886577037","error":""},"_links":{"self":[{"href":"https:\/\/www.europesays.com\/fr\/wp-json\/wp\/v2\/posts\/532599","targetHints":{"allow":["GET"]}}],"collection":[{"href":"https:\/\/www.europesays.com\/fr\/wp-json\/wp\/v2\/posts"}],"about":[{"href":"https:\/\/www.europesays.com\/fr\/wp-json\/wp\/v2\/types\/post"}],"author":[{"embeddable":true,"href":"https:\/\/www.europesays.com\/fr\/wp-json\/wp\/v2\/users\/2"}],"replies":[{"embeddable":true,"href":"https:\/\/www.europesays.com\/fr\/wp-json\/wp\/v2\/comments?post=532599"}],"version-history":[{"count":0,"href":"https:\/\/www.europesays.com\/fr\/wp-json\/wp\/v2\/posts\/532599\/revisions"}],"wp:featuredmedia":[{"embeddable":true,"href":"https:\/\/www.europesays.com\/fr\/wp-json\/wp\/v2\/media\/532368"}],"wp:attachment":[{"href":"https:\/\/www.europesays.com\/fr\/wp-json\/wp\/v2\/media?parent=532599"}],"wp:term":[{"taxonomy":"category","embeddable":true,"href":"https:\/\/www.europesays.com\/fr\/wp-json\/wp\/v2\/categories?post=532599"},{"taxonomy":"post_tag","embeddable":true,"href":"https:\/\/www.europesays.com\/fr\/wp-json\/wp\/v2\/tags?post=532599"}],"curies":[{"name":"wp","href":"https:\/\/api.w.org\/{rel}","templated":true}]}}