{"id":532602,"date":"2025-11-14T01:35:15","date_gmt":"2025-11-14T01:35:15","guid":{"rendered":"https:\/\/www.europesays.com\/fr\/532602\/"},"modified":"2025-11-14T01:35:15","modified_gmt":"2025-11-14T01:35:15","slug":"mickael-emorine-nous-presente-le-marche-dautomne-a-lillo-deschau-ce-dimanche","status":"publish","type":"post","link":"https:\/\/www.europesays.com\/fr\/532602\/","title":{"rendered":"Mickael Emorine nous pr\u00e9sente le march\u00e9 d&rsquo;automne \u00e0 l&rsquo;Ill\u00f4 d&rsquo;Eschau, ce dimanche !"},"content":{"rendered":"<p><img loading=\"lazy\" decoding=\"async\" class=\"\" src=\"https:\/\/www.europesays.com\/fr\/wp-content\/uploads\/2025\/11\/3a26abcc-b4aa-4575-be54-34c24dfd5e9a.jpg\" alt=\"TOP MUSIC\" width=\"1\" height=\"1\"\/><\/p>\n<p class=\"date\">13 novembre 2025 &#8211; 7 min 17 sec<\/p>\n<p>Mickael Emorine nous pr\u00e9sente le march\u00e9 d&rsquo;automne \u00e0 l&rsquo;Ill\u00f4 d&rsquo;Eschau, ce dimanche !<\/p>\n<p>Les personnalit\u00e9s qui font vivre, bouger et danser l\u2019Alsace, vous donnent rendez-vous tous les soirs, 19-21h dans la Top Family !<\/p>\n<p>Mickael Emorine nous pr\u00e9sente le march\u00e9 d&rsquo;automne \u00e0 l&rsquo;Ill\u00f4 d&rsquo;Eschau, ce dimanche ! <\/p>\n<p>Retrouvez plus d&rsquo;infos sur notre site internet<\/p>\n<p>Interview r\u00e9alis\u00e9e par Erwan Le Guilloux.<\/p>\n","protected":false},"excerpt":{"rendered":"13 novembre 2025 &#8211; 7 min 17 sec Mickael Emorine nous pr\u00e9sente le march\u00e9 d&rsquo;automne \u00e0 l&rsquo;Ill\u00f4 d&rsquo;Eschau,&hellip;\n","protected":false},"author":2,"featured_media":532603,"comment_status":"","ping_status":"","sticky":false,"template":"","format":"standard","meta":{"footnotes":""},"categories":[2820],"tags":[1111,11,2389,1777,674,1011,27,775,2173,12,25,640],"class_list":{"0":"post-532602","1":"post","2":"type-post","3":"status-publish","4":"format-standard","5":"has-post-thumbnail","7":"category-strasbourg","8":"tag-actu","9":"tag-actualites","10":"tag-alsace","11":"tag-eu","12":"tag-europe","13":"tag-fr","14":"tag-france","15":"tag-grand-est","16":"tag-interview","17":"tag-news","18":"tag-republique-francaise","19":"tag-strasbourg"},"share_on_mastodon":{"url":"https:\/\/pubeurope.com\/@fr\/115545488329877237","error":""},"_links":{"self":[{"href":"https:\/\/www.europesays.com\/fr\/wp-json\/wp\/v2\/posts\/532602","targetHints":{"allow":["GET"]}}],"collection":[{"href":"https:\/\/www.europesays.com\/fr\/wp-json\/wp\/v2\/posts"}],"about":[{"href":"https:\/\/www.europesays.com\/fr\/wp-json\/wp\/v2\/types\/post"}],"author":[{"embeddable":true,"href":"https:\/\/www.europesays.com\/fr\/wp-json\/wp\/v2\/users\/2"}],"replies":[{"embeddable":true,"href":"https:\/\/www.europesays.com\/fr\/wp-json\/wp\/v2\/comments?post=532602"}],"version-history":[{"count":0,"href":"https:\/\/www.europesays.com\/fr\/wp-json\/wp\/v2\/posts\/532602\/revisions"}],"wp:featuredmedia":[{"embeddable":true,"href":"https:\/\/www.europesays.com\/fr\/wp-json\/wp\/v2\/media\/532603"}],"wp:attachment":[{"href":"https:\/\/www.europesays.com\/fr\/wp-json\/wp\/v2\/media?parent=532602"}],"wp:term":[{"taxonomy":"category","embeddable":true,"href":"https:\/\/www.europesays.com\/fr\/wp-json\/wp\/v2\/categories?post=532602"},{"taxonomy":"post_tag","embeddable":true,"href":"https:\/\/www.europesays.com\/fr\/wp-json\/wp\/v2\/tags?post=532602"}],"curies":[{"name":"wp","href":"https:\/\/api.w.org\/{rel}","templated":true}]}}