{"id":532615,"date":"2025-11-14T01:43:15","date_gmt":"2025-11-14T01:43:15","guid":{"rendered":"https:\/\/www.europesays.com\/fr\/532615\/"},"modified":"2025-11-14T01:43:15","modified_gmt":"2025-11-14T01:43:15","slug":"les-images-du-rassemblement-devant-la-gare-matabiau","status":"publish","type":"post","link":"https:\/\/www.europesays.com\/fr\/532615\/","title":{"rendered":"les images du rassemblement devant la gare Matabiau"},"content":{"rendered":"<p>                    Par<br \/>\n        <strong><br \/>\n            <a href=\"https:\/\/actu.fr\/auteur\/david-saint-sernin\" title=\"Consulter tous les articles de David Saint-Sernin\" target=\"_blank\" rel=\"noopener\">David Saint-Sernin<\/a><br \/>\n                    <\/strong><\/p>\n<p>        Publi\u00e9 le<\/p>\n<p>            13 nov. 2025 \u00e0 18h02        <\/p>\n<p>Dix ans apr\u00e8s<a href=\"https:\/\/actu.fr\/tag\/attentats-du-13-novembre\" target=\"_blank\" rel=\"noopener\"> les attentats du 13\u00a0novembre 2015<\/a> \u00e0 Paris, <strong>Toulouse<\/strong> s\u2019est souvenue de ces moments tragiques qui ont entra\u00een\u00e9 la mort de 130\u00a0personnes ainsi que 413\u00a0personnes bless\u00e9es. Un moment de recueillement pour rendre hommage \u00e0 toutes les victimes des attentats de Paris et de Seine-Saint-Denis avait lieu sur le parvis du canal du Midi, devant la gare Matabiau, en pr\u00e9sence du maire,<a href=\"https:\/\/actu.fr\/tag\/jean-luc-moudenc\" target=\"_blank\" rel=\"noopener\"> Jean-Luc Moudenc.<\/a><\/p>\n<p>Elus et Toulousains rassembl\u00e9s<\/p>\n<p class=\" wall-content\">Autour du premier magistrat de la Ville rose, d\u2019\u00e9lus de sa majorit\u00e9 ainsi que de l\u2019opposition, <strong>une centaine de Toulousains<\/strong> se sont r\u00e9unis pour ce temps de recueillement.<\/p>\n<p class=\" wall-content\">Ils se sont rassembl\u00e9s en arc de cercle face \u00e0 l\u2019exposition rappelant les attentats de Paris. Une minute de silence a \u00e9t\u00e9 respect\u00e9e. Aucun discours n\u2019a \u00e9t\u00e9 prononc\u00e9.<\/p>\n<blockquote class=\"tiktok-embed\" cite=\"https:\/\/www.tiktok.com\/@actutoulouse\/video\/7572243688139640086\" data-video-id=\"7572243688139640086\" data-embed-from=\"oembed\" style=\"max-width:605px; min-width:325px;\"><p>\n<a target=\"_blank\" title=\"@actutoulouse\" href=\"https:\/\/www.tiktok.com\/@actutoulouse?refer=embed\" rel=\"noopener\">@actutoulouse<\/a> <\/p>\n<p>\u26ab\ufe0f Toulouse comm\u00e9more les attentats du 13 novembre 2015. \ud83d\udcf8 L\u00e9a Afonso  <a title=\"toulouse\" target=\"_blank\" href=\"https:\/\/www.tiktok.com\/tag\/toulouse?refer=embed\" rel=\"noopener\">#toulouse<\/a> <\/p>\n<p> <a target=\"_blank\" title=\"\u266c Pieces of Memory - Carlos Carty\" href=\"https:\/\/www.tiktok.com\/music\/Pieces-of-Memory-7281299390148298754?refer=embed\" rel=\"noopener\">\u266c Pieces of Memory \u2013 Carlos Carty<\/a> <\/p>\n<\/blockquote>\n<p>Ces Toulousains qui n\u2019oublient pas<\/p>\n<p class=\" wall-content\">Elora, 18 ans est venue avec un bouquet de fleurs :<\/p>\n<p class=\" wall-content\">\u00ab\u00a0C\u2019est important pour moi de venir parce que m\u00eame si on n\u2019a pas \u00e9t\u00e9 touch\u00e9 directement via nos familles, <strong>ce sont des massacres qui ont touch\u00e9 toute la France<\/strong>. Particuli\u00e8rement \u00e0 notre \u00e9poque avec tous les conflits qu\u2019il y a, c\u2019est important de se concentrer sur ce qu\u2019il s\u2019est pass\u00e9 il y a dix ans. <strong>Il ne faut pas \u00e9teindre la flamme<\/strong> qui a touch\u00e9 la France apr\u00e8s les attentats. Il n\u2019y a ni oubli ni pardon\u00a0\u00bb.<\/p>\n<p>Vid\u00e9os : en ce moment sur Actu<\/p>\n<p class=\" wall-content\">\u00ab\u00a0Pour\u2009 la m\u00e9moire. C\u2019est toujours douloureux. Je n\u2019ai pas \u00e9t\u00e9 touch\u00e9 personnellement, mais c\u2019est important, tr\u00e8s important\u00a0\u00bb, estime de son c\u00f4t\u00e9 Philippe. \u00ab\u00a0Le terrorisme est toujours dans l\u2019injustice donc tous ceux qui sont d\u00e9c\u00e9d\u00e9s, ou handicap\u00e9s, en p\u00e2tissent. <strong>Ils sont dans la douleur<\/strong>, m\u00eame ceux qui les ont secourus.\u00a0\u00bb<\/p>\n<p>Une exposition<\/p>\n<p class=\" wall-content\">Le public pr\u00e9sent est ensuite all\u00e9 d\u00e9couvrir l\u2019exposition install\u00e9e sur le parvis Val\u00e9ry Giscard-d\u2019Estaing devant la gare Matabiau. Une exposition \u00e0 voir jusqu\u2019au 19 d\u00e9cembre prochain, qui est compos\u00e9e des images et t\u00e9moignages conserv\u00e9s par les Archives municipales, et qui revient sur les<strong> moments de recueillement<\/strong> et d\u2019hommage aux victimes rendus en 2015.<\/p>\n<p>Votre r\u00e9gion, votre actu !<\/p>\n<p>Recevez chaque jour les infos qui comptent pour vous.<\/p>\n<p>\t<a href=\"https:\/\/actu.fr\/newsletter\" class=\"ac-btn ac-btn--corner ac-btn--medium ac-btn--blue800\" target=\"_blank\" rel=\"noopener\">S&rsquo;incrire<\/a><\/p>\n<p>    <img   decoding=\"async\" loading=\"lazy\" src=\"https:\/\/www.europesays.com\/fr\/wp-content\/uploads\/2025\/11\/whatsapp-image-2025-11-13-at-161646-960x640.jpeg\" alt=\"Le public pr\u00e9sent au rassemblement a pu d\u00e9couvrir l'exposition  compos\u00e9e des images et t\u00e9moignages  conserv\u00e9s par les Archives municipales depuis 2015.\" width=\"960\" height=\"640\"\/><br \/>\n    Le public pr\u00e9sent au rassemblement a pu d\u00e9couvrir l\u2019exp\u2019sition compos\u00e9e des images et t\u00e9moignages conserv\u00e9s par les Archives municipales depuis 2015. (\u00a9L\u00e9a Afonso\/Actu Toulouse)<\/p>\n<p class=\" wall-content\">\u00ab\u00a0A l\u2019\u00e9poque, plusieurs rassemblements spontan\u00e9s et des marches se sont organis\u00e9es \u00e0 Toulouse, comme un peu partout en France. Dans un \u00e9lan de solidarit\u00e9, les Toulousaines et les Toulousains sont descendus dans la rue, pour d\u00e9poser des messages, des fleurs, des galets, allumer des bougies, \u00e9riger des m\u00e9moriaux \u00e9ph\u00e9m\u00e8res\u00a0\u00bb, rappelle la Ville de Toulouse, \u00e0 l\u2019origine de cette exposition.<\/p>\n<p>12 000\u2009per\u00a0onnes au Capitole<\/p>\n<p class=\" wall-content\">Il y a dix ans, le 17 novembre 2015, <a href=\"https:\/\/actu.fr\/occitanie\/toulouse_31555\/en-images-un-rassemblement-populaire-de-12-000-personnes-a-toulouse-apres-les-attentats-de-paris_3598712.html\" target=\"_blank\" rel=\"noopener\">12 000\u2009personnes avaient converg\u00e9 vers la place du Capitole<\/a> pour un rassemblement populaire.\u00a0<\/p>\n<p class=\" wall-content\">Des Marseillaises avaient \u00e9t\u00e9 entonn\u00e9es. La foule avait ensuite brandi des t\u00e9l\u00e9phones portables, \u00e9voquant ainsi des bougies, puis avait entam\u00e9 une salve d\u2019applaudissements en hommage aux victimes. Une minute de silence avait \u00e9t\u00e9 observ\u00e9e \u00e0 18 heures, rompue par de nouveaux applaudissements.<\/p>\n<p class=\" wall-content\">Certainement l\u2019un des moments les plus poignants des ann\u00e9es 2010 \u00e0 Toulouse.<\/p>\n<p class=\" wall-content\"><strong>(Avec L\u00e9a Afonso)<\/strong><\/p>\n<p class=\" wall-content\">Personnalisez votre actualit\u00e9 en ajoutant vos villes et m\u00e9dias en favori avec <a href=\"https:\/\/moncompte.actu.fr\" title=\"D\u00e9couvez Mon Actu\" rel=\"nofollow noopener\" data-trk=\"{&quot;cta&quot;:{&quot;action&quot;:&quot;https:\\\/\\\/moncompte.actu.fr&quot;,&quot;category&quot;:&quot;mon compte&quot;,&quot;from&quot;:&quot;article footer&quot;,&quot;name&quot;:&quot;Mon actu&quot;,&quot;type&quot;:&quot;cta&quot;}}\" target=\"_blank\">Mon Actu<\/a>.<\/p>\n<p>                    <script async src=\"\/\/www.tiktok.com\/embed.js\"><\/script><\/p>\n","protected":false},"excerpt":{"rendered":"Par David Saint-Sernin Publi\u00e9 le 13 nov. 2025 \u00e0 18h02 Dix ans apr\u00e8s les attentats du 13\u00a0novembre 2015&hellip;\n","protected":false},"author":2,"featured_media":532616,"comment_status":"","ping_status":"","sticky":false,"template":"","format":"standard","meta":{"footnotes":""},"categories":[2816],"tags":[1111,11,61701,1777,674,1011,27,2857,12,2680,25,104,2312],"class_list":{"0":"post-532615","1":"post","2":"type-post","3":"status-publish","4":"format-standard","5":"has-post-thumbnail","7":"category-toulouse","8":"tag-actu","9":"tag-actualites","10":"tag-attentats-du-13-novembre","11":"tag-eu","12":"tag-europe","13":"tag-fr","14":"tag-france","15":"tag-jean-luc-moudenc","16":"tag-news","17":"tag-occitanie","18":"tag-republique-francaise","19":"tag-societe","20":"tag-toulouse"},"share_on_mastodon":{"url":"https:\/\/pubeurope.com\/@fr\/115545520072802472","error":""},"_links":{"self":[{"href":"https:\/\/www.europesays.com\/fr\/wp-json\/wp\/v2\/posts\/532615","targetHints":{"allow":["GET"]}}],"collection":[{"href":"https:\/\/www.europesays.com\/fr\/wp-json\/wp\/v2\/posts"}],"about":[{"href":"https:\/\/www.europesays.com\/fr\/wp-json\/wp\/v2\/types\/post"}],"author":[{"embeddable":true,"href":"https:\/\/www.europesays.com\/fr\/wp-json\/wp\/v2\/users\/2"}],"replies":[{"embeddable":true,"href":"https:\/\/www.europesays.com\/fr\/wp-json\/wp\/v2\/comments?post=532615"}],"version-history":[{"count":0,"href":"https:\/\/www.europesays.com\/fr\/wp-json\/wp\/v2\/posts\/532615\/revisions"}],"wp:featuredmedia":[{"embeddable":true,"href":"https:\/\/www.europesays.com\/fr\/wp-json\/wp\/v2\/media\/532616"}],"wp:attachment":[{"href":"https:\/\/www.europesays.com\/fr\/wp-json\/wp\/v2\/media?parent=532615"}],"wp:term":[{"taxonomy":"category","embeddable":true,"href":"https:\/\/www.europesays.com\/fr\/wp-json\/wp\/v2\/categories?post=532615"},{"taxonomy":"post_tag","embeddable":true,"href":"https:\/\/www.europesays.com\/fr\/wp-json\/wp\/v2\/tags?post=532615"}],"curies":[{"name":"wp","href":"https:\/\/api.w.org\/{rel}","templated":true}]}}