{"id":532623,"date":"2025-11-14T01:48:16","date_gmt":"2025-11-14T01:48:16","guid":{"rendered":"https:\/\/www.europesays.com\/fr\/532623\/"},"modified":"2025-11-14T01:48:16","modified_gmt":"2025-11-14T01:48:16","slug":"au-college-vitagliano-a-marseille-des-eleves-sentinelles-contre-le-harcelement-scolaire","status":"publish","type":"post","link":"https:\/\/www.europesays.com\/fr\/532623\/","title":{"rendered":"Au coll\u00e8ge Vitagliano \u00e0 Marseille, des \u00e9l\u00e8ves sentinelles contre le harc\u00e8lement scolaire"},"content":{"rendered":"<p>\u00ab\u00a0Ils n\u2019aiment pas ma couleur de peau\u00a0\u00bb, \u00ab\u00a0parlent de mes origines\u00a0\u00bb ou \u00ab\u00a0moquent mon poids tous les jours\u00a0\u00bb. Il suffit de quelques secondes dans une classe de 6e pour se rendre compte que le <a href=\"https:\/\/www.laprovence.com\/article\/societe\/82336349227002\/harcelement-scolaire-un-combat-collectif-toute-lannee-insiste-ludovic-perney-vice-president-lr-de-la-region\" target=\"_blank\" rel=\"noopener\">harc\u00e8lement scolaire<\/a> peut toucher chaque enfant. Les chiffres, eux, le confirment\u00a0: selon l\u2019\u00c9ducation nationale, le harc\u00e8lement touche 1 \u00e9l\u00e8ve sur 10 en France, et 5% des coll\u00e9giens &#8211; un sur vingt &#8211; se sont dits victimes d\u2019au moins cinq faits de harc\u00e8lement en\u00a02023.<\/p>\n<p>\u00ab\u00a0On m\u2019appelait &lsquo;l\u2019anorexique&rsquo; ou &lsquo;la naine'\u00a0\u00bb<\/p>\n<p>Lanc\u00e9 en\u00a02024 dans l\u2019un des \u00e9tablissements de la fondation Apprentis d\u2019Auteuil en Savoie, le dispositif Sentinelles a \u00e9t\u00e9 exp\u00e9riment\u00e9 avec succ\u00e8s et \u00e9tendu \u00e0 Marseille avec une premi\u00e8re formation au coll\u00e8ge Vitagliano (4e), ce jeudi 13\u00a0novembre. 10 \u00e9l\u00e8ves sont form\u00e9s pour rep\u00e9rer les situations de harc\u00e8lement, soutenir les victimes et alerter les adultes r\u00e9f\u00e9rents.<\/p>\n<p>Zakia, 12\u00a0ans, est l\u2019une des \u00e9l\u00e8ves volontaires. Consid\u00e9r\u00e9e comme un \u00ab\u00a0gar\u00e7on manqu\u00e9\u00a0\u00bb, elle a souffert avant d\u2019avoir l\u2019envie d\u2019aider les victimes. \u00ab\u00a0Beaucoup d\u2019\u00e9l\u00e8ves sont harcel\u00e9s mais ne veulent pas le dire. Mon recul sur mon propre harc\u00e8lement m\u2019a appris qu\u2019il y a les&rsquo;\u00e9motifs&rsquo;qui gardent tout \u00e0 l\u2019int\u00e9rieur et s\u2019isolent, et il y a le&#8230;<\/p>\n","protected":false},"excerpt":{"rendered":"\u00ab\u00a0Ils n\u2019aiment pas ma couleur de peau\u00a0\u00bb, \u00ab\u00a0parlent de mes origines\u00a0\u00bb ou \u00ab\u00a0moquent mon poids tous les jours\u00a0\u00bb.&hellip;\n","protected":false},"author":2,"featured_media":532624,"comment_status":"","ping_status":"","sticky":false,"template":"","format":"standard","meta":{"footnotes":""},"categories":[2814],"tags":[17,1111,11,1124,1444,154,1121,1777,674,1011,27,884,12,882,16,25,12146,65250],"class_list":{"0":"post-532623","1":"post","2":"type-post","3":"status-publish","4":"format-standard","5":"has-post-thumbnail","7":"category-marseille","8":"tag-17","9":"tag-actu","10":"tag-actualites","11":"tag-college","12":"tag-contre","13":"tag-des","14":"tag-eleves","15":"tag-eu","16":"tag-europe","17":"tag-fr","18":"tag-france","19":"tag-marseille","20":"tag-news","21":"tag-provence-alpes-cote-dazur","22":"tag-region","23":"tag-republique-francaise","24":"tag-sentinelles","25":"tag-vitagliano"},"share_on_mastodon":{"url":"https:\/\/pubeurope.com\/@fr\/115545538848901300","error":""},"_links":{"self":[{"href":"https:\/\/www.europesays.com\/fr\/wp-json\/wp\/v2\/posts\/532623","targetHints":{"allow":["GET"]}}],"collection":[{"href":"https:\/\/www.europesays.com\/fr\/wp-json\/wp\/v2\/posts"}],"about":[{"href":"https:\/\/www.europesays.com\/fr\/wp-json\/wp\/v2\/types\/post"}],"author":[{"embeddable":true,"href":"https:\/\/www.europesays.com\/fr\/wp-json\/wp\/v2\/users\/2"}],"replies":[{"embeddable":true,"href":"https:\/\/www.europesays.com\/fr\/wp-json\/wp\/v2\/comments?post=532623"}],"version-history":[{"count":0,"href":"https:\/\/www.europesays.com\/fr\/wp-json\/wp\/v2\/posts\/532623\/revisions"}],"wp:featuredmedia":[{"embeddable":true,"href":"https:\/\/www.europesays.com\/fr\/wp-json\/wp\/v2\/media\/532624"}],"wp:attachment":[{"href":"https:\/\/www.europesays.com\/fr\/wp-json\/wp\/v2\/media?parent=532623"}],"wp:term":[{"taxonomy":"category","embeddable":true,"href":"https:\/\/www.europesays.com\/fr\/wp-json\/wp\/v2\/categories?post=532623"},{"taxonomy":"post_tag","embeddable":true,"href":"https:\/\/www.europesays.com\/fr\/wp-json\/wp\/v2\/tags?post=532623"}],"curies":[{"name":"wp","href":"https:\/\/api.w.org\/{rel}","templated":true}]}}