{"id":532627,"date":"2025-11-14T01:50:24","date_gmt":"2025-11-14T01:50:24","guid":{"rendered":"https:\/\/www.europesays.com\/fr\/532627\/"},"modified":"2025-11-14T01:50:24","modified_gmt":"2025-11-14T01:50:24","slug":"lyon-sa-trottinette-volee-a-500-kilometres-retrouvee-le-jour-meme-dans-un-endroit-improbable","status":"publish","type":"post","link":"https:\/\/www.europesays.com\/fr\/532627\/","title":{"rendered":"Lyon. Sa trottinette vol\u00e9e \u00e0 500 kilom\u00e8tres retrouv\u00e9e le jour m\u00eame dans un endroit improbable"},"content":{"rendered":"<p>                    Par<br \/>\n        <strong><br \/>\n            <a href=\"https:\/\/actu.fr\/auteur\/nicolas-zaugra\" title=\"Consulter tous les articles de Nicolas Zaugra\" rel=\"nofollow noopener\" target=\"_blank\">Nicolas Zaugra<\/a><br \/>\n                    <\/strong><\/p>\n<p>        Publi\u00e9 le<\/p>\n<p>            13 nov. 2025 \u00e0 18h46        <\/p>\n<p><strong>INFO ACTU LYON<\/strong>. Le propri\u00e9taire de la trottinette vol\u00e9e n\u2019imaginait pas la retrouver aussi loin de son domicile et surtout quelques heures plus tard, le jour m\u00eame. Un homme a signal\u00e9 mercredi 12 novembre 2025 le vol de sa <strong>trottinette \u00e9lectrique<\/strong> survenu \u00e0 <a href=\"https:\/\/actu.fr\/provence-alpes-cote-d-azur\/nice_06088\/les-mairies-de-nice-et-cannes-tancent-la-prefecture-et-ses-annonces-sur-les-bateaux-de-croisiere_63290211.html\" rel=\"nofollow noopener\" target=\"_blank\">Cannes<\/a> (Alpes-Maritimes) \u00e0 5h45.\u00a0<\/p>\n<p class=\" wall-content\">Le propri\u00e9taire a appel\u00e9 la police vers 15h car son engin \u00e9tait localis\u00e9 en temps r\u00e9el \u00e0 500 kilom\u00e8tres de son domicile. La trottinette vol\u00e9e quelques heures auparavant \u00e0 l\u2019aube sur la C\u00f4te d\u2019Azur \u00e9tait en fait\u2026 \u00e0 <a href=\"https:\/\/actu.fr\/auvergne-rhone-alpes\/lyon_69123\" rel=\"nofollow noopener\" target=\"_blank\">Lyon<\/a>. Elle \u00e9tait localis\u00e9e rue Paul Bert c\u00f4t\u00e9 Guilloti\u00e8re dans le 3e arrondissement, selon nos informations.<\/p>\n<p>    <a href=\"https:\/\/www.google.com\/maps\/embed?pb=!1m18!1m12!1m3!1d33634.228853366076!2d4.855106590074763!3d45.75321672908501!2m3!1f0!2f0!3f0!3m2!1i1024!2i768!4f13.1!3m3!1m2!1s0x47f4ea64db150425%3A0x71f1e1255ad57457!2sRue%20Paul%20Bert%2C%2069003%20Lyon!5e1!3m2!1sfr!2sfr!4v1763055934300!5m2!1sfr!2sfr\" title=\"Ouvrie le lien\" rel=\"nofollow noopener\" target=\"_blank\">Cliquez ici pour visualiser le contenu<\/a><\/p>\n<p>Le voleur interpell\u00e9 par la police<\/p>\n<p class=\" wall-content\">La police a pu confirmer gr\u00e2ce aux images de vid\u00e9osurveillance que la trottinette se trouvait \u00e0 Lyon avec un individu dessus. Selon nos informations, il \u00e9tait accompagn\u00e9 de cinq autres personnes avec lui.\u00a0<\/p>\n<p class=\" wall-content\">Le mis en cause a \u00e9t\u00e9 interpell\u00e9 et plac\u00e9 en garde \u00e0 vue pour recel de vol. Les policiers ont \u00e9galement retrouv\u00e9 deux autres trottinettes \u00e0 proximit\u00e9 du suspect. Le propri\u00e9taire cannois va pourvoir prochainement r\u00e9cup\u00e9rer son bien.<\/p>\n<p class=\" wall-content\">Personnalisez votre actualit\u00e9 en ajoutant vos villes et m\u00e9dias en favori avec <a href=\"https:\/\/moncompte.actu.fr\" title=\"D\u00e9couvez Mon Actu\" rel=\"nofollow noopener\" data-trk=\"{&quot;cta&quot;:{&quot;action&quot;:&quot;https:\\\/\\\/moncompte.actu.fr&quot;,&quot;category&quot;:&quot;mon compte&quot;,&quot;from&quot;:&quot;article footer&quot;,&quot;name&quot;:&quot;Mon actu&quot;,&quot;type&quot;:&quot;cta&quot;}}\" target=\"_blank\">Mon Actu<\/a>.<\/p>\n","protected":false},"excerpt":{"rendered":"Par Nicolas Zaugra Publi\u00e9 le 13 nov. 2025 \u00e0 18h46 INFO ACTU LYON. Le propri\u00e9taire de la trottinette&hellip;\n","protected":false},"author":2,"featured_media":532628,"comment_status":"","ping_status":"","sticky":false,"template":"","format":"standard","meta":{"footnotes":""},"categories":[1889],"tags":[1111,11,2430,1777,674,118,1011,27,2428,12,1072,25],"class_list":{"0":"post-532627","1":"post","2":"type-post","3":"status-publish","4":"format-standard","5":"has-post-thumbnail","7":"category-lyon","8":"tag-actu","9":"tag-actualites","10":"tag-auvergne-rhone-alpes","11":"tag-eu","12":"tag-europe","13":"tag-faits-divers","14":"tag-fr","15":"tag-france","16":"tag-lyon","17":"tag-news","18":"tag-police","19":"tag-republique-francaise"},"share_on_mastodon":{"url":"https:\/\/pubeurope.com\/@fr\/115545547582762401","error":""},"_links":{"self":[{"href":"https:\/\/www.europesays.com\/fr\/wp-json\/wp\/v2\/posts\/532627","targetHints":{"allow":["GET"]}}],"collection":[{"href":"https:\/\/www.europesays.com\/fr\/wp-json\/wp\/v2\/posts"}],"about":[{"href":"https:\/\/www.europesays.com\/fr\/wp-json\/wp\/v2\/types\/post"}],"author":[{"embeddable":true,"href":"https:\/\/www.europesays.com\/fr\/wp-json\/wp\/v2\/users\/2"}],"replies":[{"embeddable":true,"href":"https:\/\/www.europesays.com\/fr\/wp-json\/wp\/v2\/comments?post=532627"}],"version-history":[{"count":0,"href":"https:\/\/www.europesays.com\/fr\/wp-json\/wp\/v2\/posts\/532627\/revisions"}],"wp:featuredmedia":[{"embeddable":true,"href":"https:\/\/www.europesays.com\/fr\/wp-json\/wp\/v2\/media\/532628"}],"wp:attachment":[{"href":"https:\/\/www.europesays.com\/fr\/wp-json\/wp\/v2\/media?parent=532627"}],"wp:term":[{"taxonomy":"category","embeddable":true,"href":"https:\/\/www.europesays.com\/fr\/wp-json\/wp\/v2\/categories?post=532627"},{"taxonomy":"post_tag","embeddable":true,"href":"https:\/\/www.europesays.com\/fr\/wp-json\/wp\/v2\/tags?post=532627"}],"curies":[{"name":"wp","href":"https:\/\/api.w.org\/{rel}","templated":true}]}}