{"id":532629,"date":"2025-11-14T01:51:18","date_gmt":"2025-11-14T01:51:18","guid":{"rendered":"https:\/\/www.europesays.com\/fr\/532629\/"},"modified":"2025-11-14T01:51:18","modified_gmt":"2025-11-14T01:51:18","slug":"la-fete-des-lumieres-2025-va-celebrer-des-traditions-lyonnaises","status":"publish","type":"post","link":"https:\/\/www.europesays.com\/fr\/532629\/","title":{"rendered":"La F\u00eate des Lumi\u00e8res 2025 va c\u00e9l\u00e9brer des traditions lyonnaises"},"content":{"rendered":"<p>La F\u00eate des Lumi\u00e8res se d\u00e9roulera cette ann\u00e9e du 5 au 8 d\u00e9cembre. Et une fois de plus, Lyonnaises, Lyonnais et touristes seront au rendez-vous de ces 4 soir\u00e9es. La gastronomie, le skate  ou encore l\u2019humanisme \u00e0 la lyonnaise trouveront un \u00e9cho dans cette f\u00eate\u2026<\/p>\n<p><strong>Vingt-trois \u0153uvres<\/strong> vont illuminer Lyon pendant quatre jours de <strong>f\u00eate gratuite et ouverte \u00e0 tous les publics<\/strong>. Plusieurs \u0153uvres pr\u00e9sent\u00e9es rendront hommage \u00e0 des <strong>traditions lyonnaises<\/strong>.<\/p>\n<p>Ecoutez aussi : <a href=\"https:\/\/www.lyondemain.fr\/fete-des-lumieres-2025-spectacle-drones\/\" target=\"_blank\" rel=\"noreferrer noopener nofollow\">F\u00eate des Lumi\u00e8res 2025 : quand les drones entrent en sc\u00e8ne\u2026<\/a><\/p>\n<p>Hommage \u00e0 la gastronomie<\/p>\n<p>A l\u2019image de celle qui sera install\u00e9e sur la <strong>place des Terreaux<\/strong> : \u00ab\u00a0<strong><a href=\"https:\/\/www.fetedeslumieres.lyon.fr\/fr\/oeuvre\/le-lundi-cest-raviolis?edition=2522\" target=\"_blank\" rel=\"noreferrer noopener nofollow\">Le lundi c\u2019est raviolis !<\/a><\/strong>\u00ab\u00a0. Les projections sur les fa\u00e7ades du mus\u00e9e des Beaux-Arts et de l\u2019h\u00f4tel de Ville proposeront une plong\u00e9e dans la<strong> gastronomie<\/strong>. Un <strong>voyage pop-culinaire color\u00e9 et dansant<\/strong> con\u00e7u par le collectif espagnol <strong>Tigrelab<\/strong>.<\/p>\n<p><img decoding=\"async\"  alt=\"traditions lyonnaises\" data-height=\"675\" data-id=\"252438\" data-link=\"https:\/\/www.lyondemain.fr\/?attachment_id=252438\" data-url=\"https:\/\/www.lyondemain.fr\/wp-content\/uploads\/2025\/11\/traditions-lyonnaises-Lundi-cest-raviolis-.jpg\" data-width=\"1200\" src=\"https:\/\/www.europesays.com\/fr\/wp-content\/uploads\/2025\/11\/traditions-lyonnaises-Lundi-cest-raviolis-.jpg\" data-amp-layout=\"responsive\"\/><img decoding=\"async\"  alt=\"gastronomie\" data-height=\"675\" data-id=\"252439\" data-link=\"https:\/\/www.lyondemain.fr\/?attachment_id=252439\" data-url=\"https:\/\/www.lyondemain.fr\/wp-content\/uploads\/2025\/11\/traditions-lyonnaises-gastronomie.jpg\" data-width=\"1200\" src=\"https:\/\/www.europesays.com\/fr\/wp-content\/uploads\/2025\/11\/traditions-lyonnaises-gastronomie.jpg\" data-amp-layout=\"responsive\"\/><\/p>\n<p><strong>Julien Pavillard<\/strong>, le directeur artistique de la F\u00eate des Lumi\u00e8res 2025, nous donne un avant-go\u00fbt.<\/p>\n<p>\u00ab\u00a0C\u2019est une premi\u00e8re mondiale. Les artistes l\u2019ont nomm\u00e9 ainsi. C\u2019est un <strong>Miam Miam Mapping<\/strong>. On ne va pas faire un <strong>mapping<\/strong> o\u00f9 on va essayer de travailler sur des volumes, des d\u00e9tails des fa\u00e7ades de mani\u00e8re tr\u00e8s fine. On ne va non pas jouer avec la nourriture\u2026 Mais quand m\u00eame un petit peu. On va pouvoir retapisser la fa\u00e7ade de l\u2019<strong>h\u00f4tel de ville<\/strong> et du <strong>mus\u00e9e des Beaux-Arts<\/strong> avec des \u00e9l\u00e9ments. de la <strong>nourriture<\/strong>. Avec aussi des images de ce qui fait la <strong>gastronomie lyonnaise<\/strong> et de l\u2019<strong>histoire de la gastronomie lyonnaise<\/strong> avec les <strong>m\u00e8res lyonnaises<\/strong>, \u00e9videmment. Et on va pouvoir, comme \u00e7a, redessiner de mani\u00e8re totalement in\u00e9dite la <strong>place des Terreaux<\/strong>, en donnant peut-\u00eatre faim aux gens\u2026\u00a0\u00bb.<\/p>\n<p>Ecoutez le podcast<\/p>\n<p>Autre tradition lyonnaise : le <strong>skate<\/strong>. Cela fait 40 ans que la <strong>place Louis Pradel <\/strong>est devenu <strong>le rep\u00e8re des skateurs<\/strong>. Une place faite de plateaux, de d\u00e9nivel\u00e9s et autres marches\u2026 Un spot identifi\u00e9 sous le nom de code <strong>HDV<\/strong>, comme Hotel de Ville. Nous avons rencontr\u00e9 les deux artistes retenus pour f\u00eater en lumi\u00e8re cet anniversaire :<strong> Julien Menzel<\/strong> et <strong>R\u00e9my Bergeron<\/strong>.<\/p>\n<p>Ecoutez aussi : <a href=\"https:\/\/www.lyondemain.fr\/grande-vente-solidaire-foyer-notre-dame-des-sans-abri\/\" target=\"_blank\" rel=\"noreferrer noopener nofollow\">Grande Vente solidaire au Palais des Sports de Gerland<\/a><\/p>\n<p><img decoding=\"async\"  alt=\"traditions lyonnaises\" data-height=\"675\" data-id=\"252440\" data-link=\"https:\/\/www.lyondemain.fr\/?attachment_id=252440\" data-url=\"https:\/\/www.lyondemain.fr\/wp-content\/uploads\/2025\/11\/traditions-lyonnaises-HDV-skate.jpg\" data-width=\"1200\" src=\"https:\/\/www.europesays.com\/fr\/wp-content\/uploads\/2025\/11\/traditions-lyonnaises-HDV-skate.jpg\" data-amp-layout=\"responsive\"\/><img decoding=\"async\"  alt=\"HDV 40 ans de skate\" data-height=\"675\" data-id=\"252437\" data-link=\"https:\/\/www.lyondemain.fr\/?attachment_id=252437\" data-url=\"https:\/\/www.lyondemain.fr\/wp-content\/uploads\/2025\/11\/traditions-lyonnaises-HDV-40-ans-de-skate.jpg\" data-width=\"1200\" src=\"https:\/\/www.europesays.com\/fr\/wp-content\/uploads\/2025\/11\/traditions-lyonnaises-HDV-40-ans-de-skate.jpg\" data-amp-layout=\"responsive\"\/><\/p>\n<p>HDV  : la Mecque du skate \u00e0 l\u2019honneur pour cette F\u00eate des Lumi\u00e8res 2025<\/p>\n<p>\u00ab\u00a0C\u2019est un hommage \u00e0 la <strong>pratique du skate<\/strong> sur ce lieu bien sp\u00e9cifique qui est devenu patrimonial. Une esp\u00e8ce de <strong>Mecque pour les skateurs du monde entier<\/strong>, un lieu embl\u00e9matique pour les Lyonnais. Des silhouettes vont s\u2019\u00e9clairer les unes apr\u00e8s les autres pour <strong><a href=\"https:\/\/www.fetedeslumieres.lyon.fr\/fr\/oeuvre\/hdv-40-ans-de-skate-lyon?edition=2522\" target=\"_blank\" rel=\"noreferrer noopener nofollow\">d\u00e9composer le geste du skater<\/a><\/strong>. Et mettre un peu en exergue la <strong>pr\u00e9cision des sauts<\/strong>\u00ab\u00a0.<\/p>\n<blockquote class=\"instagram-media\" data-instgrm-captioned=\"\" data-instgrm-permalink=\"https:\/\/www.instagram.com\/p\/DQ9G3a0iNdC\/?utm_source=ig_embed&amp;utm_campaign=loading\" data-instgrm-version=\"14\" style=\" background:#FFF; border:0; border-radius:3px; box-shadow:0 0 1px 0 rgba(0,0,0,0.5),0 1px 10px 0 rgba(0,0,0,0.15); margin: 1px; max-width:540px; min-width:326px; padding:0; width:99.375%; width:-webkit-calc(100% - 2px); width:calc(100% - 2px);\"\/>\n<p>Autre spot incontournable de cette <strong>F\u00eate des Lumi\u00e8res 2025<\/strong>: \u00ab\u00a0<strong><a href=\"https:\/\/www.fetedeslumieres.lyon.fr\/fr\/oeuvre\/les-malles-persanes?edition=2522\" target=\"_blank\" rel=\"noreferrer noopener nofollow\">Les Malles Persanes<\/a><\/strong>\u00ab\u00a0, sur le site des <strong>quais de Sa\u00f4ne<\/strong>, au pied de la colline de Fourvi\u00e8re. Nous avons rencontr\u00e9 le sc\u00e9nographe <strong>Thierry Pierras<\/strong>.<\/p>\n<p><img decoding=\"async\"  alt=\"traditions lyonnaises\" data-height=\"675\" data-id=\"252436\" data-link=\"https:\/\/www.lyondemain.fr\/?attachment_id=252436\" data-url=\"https:\/\/www.lyondemain.fr\/wp-content\/uploads\/2025\/11\/traditions-lyonnaises-quais-de-Saone-Les-Malles-Persanes.jpg\" data-width=\"1200\" src=\"https:\/\/www.europesays.com\/fr\/wp-content\/uploads\/2025\/11\/traditions-lyonnaises-quais-de-Saone-Les-Malles-Persanes.jpg\" data-amp-layout=\"responsive\"\/><img decoding=\"async\"  alt=\"Les Malles Persanes\" data-height=\"675\" data-id=\"252435\" data-link=\"https:\/\/www.lyondemain.fr\/?attachment_id=252435\" data-url=\"https:\/\/www.lyondemain.fr\/wp-content\/uploads\/2025\/11\/traditions-lyonnaises-Les-Malles-Persanes.jpg\" data-width=\"1200\" src=\"https:\/\/www.europesays.com\/fr\/wp-content\/uploads\/2025\/11\/traditions-lyonnaises-Les-Malles-Persanes.jpg\" data-amp-layout=\"responsive\"\/><\/p>\n<p>\u00ab\u00a0On va d\u00e9couvrir comment des malles arrivent sur les quais de Sa\u00f4ne. Elles vont s\u2019ouvrir pour lib\u00e9rer des <strong>mythes et l\u00e9gendes<\/strong> un peu oubli\u00e9s et nourrir les songes d\u2019une nuit de tous les habitants qui s\u2019y trouvent. Pour nous, c\u2019est un honneur. On est tr\u00e8s touch\u00e9s de participer. Ce n\u2019est pas la premi\u00e8re fois qu\u2019on fr\u00e9quente les <strong>f\u00eates des Lumi\u00e8res<\/strong>. Mais ici, c\u2019est tr\u00e8s vari\u00e9e, tr\u00e8s \u00e9clectique au niveau des propositions.\u00a0\u00bb<\/p>\n<p>Ecoutez aussi : <a href=\"https:\/\/www.lyondemain.fr\/coquelicot-bar-cocktails-plantes-aromatiques\/\" target=\"_blank\" rel=\"noreferrer noopener nofollow\">Coquelicot Bar : des cocktails aux plantes aromatiques\u2026<\/a><\/p>\n<blockquote class=\"instagram-media\" data-instgrm-captioned=\"\" data-instgrm-permalink=\"https:\/\/www.instagram.com\/reel\/DQtloYgiIlE\/?utm_source=ig_embed&amp;utm_campaign=loading\" data-instgrm-version=\"14\" style=\" background:#FFF; border:0; border-radius:3px; box-shadow:0 0 1px 0 rgba(0,0,0,0.5),0 1px 10px 0 rgba(0,0,0,0.15); margin: 1px; max-width:540px; min-width:326px; padding:0; width:99.375%; width:-webkit-calc(100% - 2px); width:calc(100% - 2px);\"\/>\n<p>Les Lumignons du Coeur au profit de SINGA Lyon<\/p>\n<p>Chaque ann\u00e9e, les <strong>Lumignons du C\u0153ur<\/strong> permettent aux visiteurs de la <strong>F\u00eate des Lumi\u00e8res<\/strong> d\u2019associer la magie du moment \u00e0 un geste solidaire par l\u2019achat de <strong>bougies<\/strong> au profit d\u2019une association. Cette ann\u00e9e, c\u2019est<strong> <a href=\"https:\/\/singalyon.fr\/\" target=\"_blank\" rel=\"noreferrer noopener nofollow\">SINGA Lyon<\/a><\/strong> qui en b\u00e9n\u00e9ficie.<\/p>\n<p>Cette association veut <strong>briser l\u2019isolement des personnes migrantes<\/strong> nouvellement arriv\u00e9es en leur permettant d\u2019acc\u00e9der \u00e0 une communaut\u00e9 et \u00e0 un travail afin que chacun trouve sa place dans la soci\u00e9t\u00e9 d\u2019accueil.<\/p>\n<p>\u00c0 Lyon, la <strong>communaut\u00e9 SINGA<\/strong> compte <strong>plus de 2 000 membres<\/strong>, qui se retrouvent autour d\u2019ateliers, de rencontres ou d\u2019activit\u00e9s culturelles. Dont plus de 40 % sont anim\u00e9es par celles et ceux ayant connu l\u2019exil.<\/p>\n<blockquote class=\"instagram-media\" data-instgrm-captioned=\"\" data-instgrm-permalink=\"https:\/\/www.instagram.com\/p\/DQtZLo7DLVh\/?utm_source=ig_embed&amp;utm_campaign=loading\" data-instgrm-version=\"14\" style=\" background:#FFF; border:0; border-radius:3px; box-shadow:0 0 1px 0 rgba(0,0,0,0.5),0 1px 10px 0 rgba(0,0,0,0.15); margin: 1px; max-width:540px; min-width:326px; padding:0; width:99.375%; width:-webkit-calc(100% - 2px); width:calc(100% - 2px);\"\/>\n<p>Les <strong>Lumignons du c\u0153u<\/strong>r, <strong>tradition lyonnaise<\/strong> s\u2019il en est, seront install\u00e9s <strong>place des Jacobins<\/strong> Les petites bougies seront disponibles au prix de 2 \u20ac dans les chalets de la <strong>F\u00eate des Lumi\u00e8res 2025<\/strong> (places Bellecour, Louis Pradel et Porte des Enfants du Rh\u00f4ne). Mais aussi \u00e0 bord de<strong> v\u00e9los cargo<\/strong> ou encore chez de nombreux partenaires\u2026. En premier lieu, les <strong>commer\u00e7ants de la Presqu\u2019\u00eele<\/strong>.<\/p>\n<p>Ecoutez aussi : <a href=\"https:\/\/www.lyondemain.fr\/faitout-precarite-alimentaire-singa-bellebouffe\/\" target=\"_blank\" rel=\"noreferrer noopener nofollow\">Le Faitout veut lutter contre la pr\u00e9carit\u00e9 alimentaire<\/a><\/p>\n<p><img fetchpriority=\"high\" decoding=\"async\" width=\"1200\" height=\"675\" src=\"https:\/\/www.europesays.com\/fr\/wp-content\/uploads\/2025\/11\/traditions-lyonnaises-Lumignons-du-Coeur.jpg\" alt=\"traditions lyonnaises \" class=\"wp-image-252434\"  \/><br \/>\nJ\u2019aime \u00e7a\u00a0:<\/p>\n<p>J\u2019aime chargement\u2026<\/p>\n<p><a class=\"sd-link-color\"\/><\/p>\n<p>\n\tArticles similaires\n<\/p>\n<p>\t\t\t\t<img decoding=\"async\" src=\"https:\/\/www.europesays.com\/fr\/wp-content\/uploads\/2025\/11\/1763085078_581_7866158698e17e8ed633c05e8f8e7fe5d9e057ad78661c4dc34e413abb6b9f19\" alt=\"G\u00e9rald Bouchon\"\/><\/p>\n<p>Pionnier des radios libres, passionn\u00e9 de radio, journaliste et dirigeant de m\u00e9dias \u00e9co-responsables..<\/p>\n<p>\t\t\t<script async src=\"\/\/www.instagram.com\/embed.js\"><\/script><\/p>\n","protected":false},"excerpt":{"rendered":"La F\u00eate des Lumi\u00e8res se d\u00e9roulera cette ann\u00e9e du 5 au 8 d\u00e9cembre. Et une fois de plus,&hellip;\n","protected":false},"author":2,"featured_media":532630,"comment_status":"","ping_status":"","sticky":false,"template":"","format":"standard","meta":{"footnotes":""},"categories":[1889],"tags":[1111,11,2430,1777,674,48836,1011,27,1661,41264,65251,2428,65252,1251,12,25,54065,14857,8197,65253],"class_list":{"0":"post-532629","1":"post","2":"type-post","3":"status-publish","4":"format-standard","5":"has-post-thumbnail","7":"category-lyon","8":"tag-actu","9":"tag-actualites","10":"tag-auvergne-rhone-alpes","11":"tag-eu","12":"tag-europe","13":"tag-fete-des-lumieres","14":"tag-fr","15":"tag-france","16":"tag-gastronomie","17":"tag-jacobins","18":"tag-lumignons-du-coeur","19":"tag-lyon","20":"tag-meres-lyonnaises","21":"tag-migrants","22":"tag-news","23":"tag-republique-francaise","24":"tag-singa","25":"tag-skateboard","26":"tag-terreaux","27":"tag-video-mapping"},"share_on_mastodon":{"url":"https:\/\/pubeurope.com\/@fr\/115545551174545536","error":""},"_links":{"self":[{"href":"https:\/\/www.europesays.com\/fr\/wp-json\/wp\/v2\/posts\/532629","targetHints":{"allow":["GET"]}}],"collection":[{"href":"https:\/\/www.europesays.com\/fr\/wp-json\/wp\/v2\/posts"}],"about":[{"href":"https:\/\/www.europesays.com\/fr\/wp-json\/wp\/v2\/types\/post"}],"author":[{"embeddable":true,"href":"https:\/\/www.europesays.com\/fr\/wp-json\/wp\/v2\/users\/2"}],"replies":[{"embeddable":true,"href":"https:\/\/www.europesays.com\/fr\/wp-json\/wp\/v2\/comments?post=532629"}],"version-history":[{"count":0,"href":"https:\/\/www.europesays.com\/fr\/wp-json\/wp\/v2\/posts\/532629\/revisions"}],"wp:featuredmedia":[{"embeddable":true,"href":"https:\/\/www.europesays.com\/fr\/wp-json\/wp\/v2\/media\/532630"}],"wp:attachment":[{"href":"https:\/\/www.europesays.com\/fr\/wp-json\/wp\/v2\/media?parent=532629"}],"wp:term":[{"taxonomy":"category","embeddable":true,"href":"https:\/\/www.europesays.com\/fr\/wp-json\/wp\/v2\/categories?post=532629"},{"taxonomy":"post_tag","embeddable":true,"href":"https:\/\/www.europesays.com\/fr\/wp-json\/wp\/v2\/tags?post=532629"}],"curies":[{"name":"wp","href":"https:\/\/api.w.org\/{rel}","templated":true}]}}