{"id":532634,"date":"2025-11-14T01:55:18","date_gmt":"2025-11-14T01:55:18","guid":{"rendered":"https:\/\/www.europesays.com\/fr\/532634\/"},"modified":"2025-11-14T01:55:18","modified_gmt":"2025-11-14T01:55:18","slug":"paris-controle-judiciaire-leve-pour-linfluenceur-le-maire-de-paname-qui-peut-revenir-aux-halles-et-sur-tiktok","status":"publish","type":"post","link":"https:\/\/www.europesays.com\/fr\/532634\/","title":{"rendered":"Paris : Contr\u00f4le judiciaire lev\u00e9 pour l\u2019influenceur \u00ab Le maire de Paname \u00bb, qui peut revenir aux Halles et sur TikTok"},"content":{"rendered":"<p class=\"mb-4 text-lg md:leading-8 break-words\"><strong>R\u00c9SEAUX SOCIAUX &#8211; Apr\u00e8s avoir \u00e9t\u00e9 poursuivi pour avoir annonc\u00e9 l\u2019organisation d\u2019une soir\u00e9e Halloween aux Halles, l\u2019influenceur \u00ab\u00a0Le maire de Paname\u00a0\u00bb a vu son contr\u00f4le judiciaire lev\u00e9<\/strong><\/p>\n<p class=\"mb-4 text-lg md:leading-8 break-words\">L\u2019<a href=\"https:\/\/www.20minutes.fr\/arts-stars\/web\/influenceur\/?at_medium=RSS%20feed&amp;at_campaign=ynews&amp;utm_source=yahoo&amp;utm_medium=rss&amp;utm_campaign=news_feed&amp;utm_content=in_article_link\" rel=\"nofollow noopener\" target=\"_blank\" data-ylk=\"slk:influenceur;elm:context_link;itc:0;sec:content-canvas\" class=\"link \">influenceur<\/a> Willy Douglas, plus connu sous les pseudonymes \u00ab\u00a0Le maire de Paname\u00a0\u00bb ou \u00ab\u00a0Willy \u00e0 la Prod\u00a0\u00bb, a obtenu jeudi la lev\u00e9e de son contr\u00f4le judiciaire, qui lui interdisait jusqu\u2019ici de se rendre aux Halles et d\u2019utiliser <a href=\"https:\/\/www.20minutes.fr\/high-tech\/tiktok\/?at_medium=RSS%20feed&amp;at_campaign=ynews&amp;utm_source=yahoo&amp;utm_medium=rss&amp;utm_campaign=news_feed&amp;utm_content=in_article_link\" rel=\"nofollow noopener\" target=\"_blank\" data-ylk=\"slk:TikTok;elm:context_link;itc:0;sec:content-canvas\" class=\"link \">TikTok<\/a>. Devant le juge des libert\u00e9s et de la d\u00e9tention du tribunal judiciaire de Paris, le jeune homme a reconnu avoir \u00e9t\u00e9 secou\u00e9 par cette proc\u00e9dure, n\u00e9e apr\u00e8s la diffusion d\u2019une vid\u00e9o annon\u00e7ant une soir\u00e9e Halloween au Forum des Halles.<\/p>\n<p class=\"mb-4 text-lg md:leading-8 break-words\">Habituellement suivi pour ses \u00ab\u00a0bons plans\u00a0\u00bb (220.000 abonn\u00e9s sur TikTok et 10.000 sur Instagram), l\u2019influenceur avait \u00e9t\u00e9 vis\u00e9 fin octobre par une enqu\u00eate pour \u00ab\u00a0organisation d\u2019une manifestation non d\u00e9clar\u00e9e\u00a0\u00bb. Convoqu\u00e9 au commissariat puis plac\u00e9 en garde \u00e0 vue, il raconte aujourd\u2019hui avoir \u00ab\u00a0dormi par terre\u00a0\u00bb et v\u00e9cu un moment \u00ab\u00a0catastrophique\u00a0\u00bb, allant jusqu\u2019\u00e0 plaisanter en comparant l\u2019exp\u00e9rience \u00e0 celle de \u00ab\u00a0<a href=\"https:\/\/www.20minutes.fr\/politique\/nicolas_sarkozy\/?at_medium=RSS%20feed&amp;at_campaign=ynews&amp;utm_source=yahoo&amp;utm_medium=rss&amp;utm_campaign=news_feed&amp;utm_content=in_article_link\" rel=\"nofollow noopener\" target=\"_blank\" data-ylk=\"slk:Nicolas Sarkozy;elm:context_link;itc:0;sec:content-canvas\" class=\"link \">Nicolas Sarkozy<\/a>, un peu plus m\u00eame\u00a0\u00bb.<\/p>\n<p>Une infraction loin du bannissement num\u00e9rique<\/p>\n<p class=\"mb-4 text-lg md:leading-8 break-words\">La pr\u00e9fecture avait interdit tout rassemblement non d\u00e9clar\u00e9 dans plusieurs secteurs de Paris pour <a href=\"https:\/\/www.20minutes.fr\/dossier\/halloween?at_medium=RSS%20feed&amp;at_campaign=ynews&amp;utm_source=yahoo&amp;utm_medium=rss&amp;utm_campaign=news_feed&amp;utm_content=in_article_link\" rel=\"nofollow noopener\" target=\"_blank\" data-ylk=\"slk:Halloween;elm:context_link;itc:0;sec:content-canvas\" class=\"link \">Halloween<\/a>, en \u00e9voquant des \u00ab\u00a0appels sur les r\u00e9seaux sociaux\u00a0\u00bb ciblant notamment les Halles. Ce lieu avait d\u00e9j\u00e0 \u00e9t\u00e9 marqu\u00e9 d\u00e9but octobre par des d\u00e9bordements apr\u00e8s un concert gratuit, o\u00f9 quatre policiers avaient \u00e9t\u00e9 bless\u00e9s et huit personnes interpell\u00e9es. C\u2019est dans ce contexte que la justice avait d\u00e9cid\u00e9 d\u2019imposer un contr\u00f4le judiciaire strict \u00e0 l\u2019influenceur, suspendu jusqu\u2019\u00e0 son audience pr\u00e9vue le 23\u00a0avril 2026.<\/p>\n<p class=\"mb-4 text-lg md:leading-8 break-words\">Mais lors de l\u2019au(&#8230;)<\/p>\n<p class=\"mb-4 text-lg md:leading-8 break-words\"><a href=\"https:\/\/www.20minutes.fr\/societe\/4185533-20251113-paris-controle-judiciaire-leve-influenceur-maire-paname-peut-revenir-halles-tiktok?at_medium=RSS%20feed&amp;at_campaign=ynews&amp;utm_source=yahoo&amp;utm_medium=rss&amp;utm_campaign=news_feed&amp;utm_content=read_more_link&quot;\" rel=\"nofollow noopener\" target=\"_blank\" data-ylk=\"slk:Lire la suite sur 20minutes;elm:context_link;itc:0;sec:content-canvas\" class=\"link \">Lire la suite sur 20minutes<\/a><\/p>\n<p>\u00c0 lire aussi :<br \/><a href=\"https:\/\/www.20minutes.fr\/high-tech\/by-the-web\/4183581-20251104-parquet-paris-ouvre-enquete-tiktok?at_medium=RSS%20feed&amp;at_campaign=ynews&amp;utm_source=yahoo&amp;utm_medium=rss&amp;utm_campaign=news_feed&amp;utm_content=related_content_link\" rel=\"nofollow noopener\" target=\"_blank\" data-ylk=\"slk:Le parquet de Paris ouvre une enqu\u00eate sur TikTok;elm:context_link;itc:0;sec:content-canvas\" class=\"link \">Le parquet de Paris ouvre une enqu\u00eate sur TikTok<\/a><br \/><a href=\"https:\/\/www.20minutes.fr\/justice\/4183711-20251105-tiktok-paffman-influenceur-masculiniste-vise-enquete-apologie-viol?at_medium=RSS%20feed&amp;at_campaign=ynews&amp;utm_source=yahoo&amp;utm_medium=rss&amp;utm_campaign=news_feed&amp;utm_content=related_content_link\" rel=\"nofollow noopener\" target=\"_blank\" data-ylk=\"slk:TikTok\u00a0: \u00ab\u00a0Paffman\u00a0\u00bb, un influenceur masculiniste, est vis\u00e9 par une enqu\u00eate pour \u00ab\u00a0apologie de viol\u00a0\u00bb;elm:context_link;itc:0;sec:content-canvas\" class=\"link \">TikTok\u00a0: \u00ab\u00a0Paffman\u00a0\u00bb, un influenceur masculiniste, est vis\u00e9 par une enqu\u00eate pour \u00ab\u00a0apologie de viol\u00a0\u00bb<\/a><\/p>\n","protected":false},"excerpt":{"rendered":"R\u00c9SEAUX SOCIAUX &#8211; Apr\u00e8s avoir \u00e9t\u00e9 poursuivi pour avoir annonc\u00e9 l\u2019organisation d\u2019une soir\u00e9e Halloween aux Halles, l\u2019influenceur \u00ab\u00a0Le&hellip;\n","protected":false},"author":2,"featured_media":532635,"comment_status":"","ping_status":"","sticky":false,"template":"","format":"standard","meta":{"footnotes":""},"categories":[1888],"tags":[1111,1928,11,1927,20389,1777,674,1011,27,12,1926,626,1925,25,938,2439,5817,65254],"class_list":{"0":"post-532634","1":"post","2":"type-post","3":"status-publish","4":"format-standard","5":"has-post-thumbnail","7":"category-paris","8":"tag-actu","9":"tag-actu-paris","10":"tag-actualites","11":"tag-actualites-paris","12":"tag-controle-judiciaire","13":"tag-eu","14":"tag-europe","15":"tag-fr","16":"tag-france","17":"tag-news","18":"tag-news-paris","19":"tag-paris","20":"tag-paris-news","21":"tag-republique-francaise","22":"tag-reseaux-sociaux","23":"tag-tiktok","24":"tag-tribunal-judiciaire-de-paris","25":"tag-willy-douglas"},"share_on_mastodon":{"url":"https:\/\/pubeurope.com\/@fr\/115545566331380478","error":""},"_links":{"self":[{"href":"https:\/\/www.europesays.com\/fr\/wp-json\/wp\/v2\/posts\/532634","targetHints":{"allow":["GET"]}}],"collection":[{"href":"https:\/\/www.europesays.com\/fr\/wp-json\/wp\/v2\/posts"}],"about":[{"href":"https:\/\/www.europesays.com\/fr\/wp-json\/wp\/v2\/types\/post"}],"author":[{"embeddable":true,"href":"https:\/\/www.europesays.com\/fr\/wp-json\/wp\/v2\/users\/2"}],"replies":[{"embeddable":true,"href":"https:\/\/www.europesays.com\/fr\/wp-json\/wp\/v2\/comments?post=532634"}],"version-history":[{"count":0,"href":"https:\/\/www.europesays.com\/fr\/wp-json\/wp\/v2\/posts\/532634\/revisions"}],"wp:featuredmedia":[{"embeddable":true,"href":"https:\/\/www.europesays.com\/fr\/wp-json\/wp\/v2\/media\/532635"}],"wp:attachment":[{"href":"https:\/\/www.europesays.com\/fr\/wp-json\/wp\/v2\/media?parent=532634"}],"wp:term":[{"taxonomy":"category","embeddable":true,"href":"https:\/\/www.europesays.com\/fr\/wp-json\/wp\/v2\/categories?post=532634"},{"taxonomy":"post_tag","embeddable":true,"href":"https:\/\/www.europesays.com\/fr\/wp-json\/wp\/v2\/tags?post=532634"}],"curies":[{"name":"wp","href":"https:\/\/api.w.org\/{rel}","templated":true}]}}