{"id":532636,"date":"2025-11-14T01:56:16","date_gmt":"2025-11-14T01:56:16","guid":{"rendered":"https:\/\/www.europesays.com\/fr\/532636\/"},"modified":"2025-11-14T01:56:16","modified_gmt":"2025-11-14T01:56:16","slug":"jeunes-plaques-au-sol-humilies-blesses-au-lycee-de-fontenay-sous-bois-le-rallye-citoyen-vire-au-scandale","status":"publish","type":"post","link":"https:\/\/www.europesays.com\/fr\/532636\/","title":{"rendered":"Jeunes plaqu\u00e9s au sol, humili\u00e9s, bless\u00e9s\u2026 au lyc\u00e9e de Fontenay-sous-Bois, le rallye citoyen vire au scandale"},"content":{"rendered":"<p class=\"paragraph text_align_left lp-f-body-02\">Des lyc\u00e9ens plaqu\u00e9s au sol, matraque sur le dos. D\u2019autres bless\u00e9s apr\u00e8s avoir affront\u00e9 les boucliers de protection d\u2019agents p\u00e9nitentiaires. Certains humili\u00e9s, forc\u00e9s de faire des pompes sous la menace, apr\u00e8s avoir dans la m\u00eame apr\u00e8s-midi tir\u00e9 avec des r\u00e9pliques de <a href=\"https:\/\/www.leparisien.fr\/val-de-marne-94\/vitry-sur-seine-94400\/vitry-sur-seine-un-fusil-dassaut-sur-la-banquette-arriere-09-08-2025-VJAEU3VNSFH6FJHF3Y3T67XZ7Y.php\" target=\"_self\" rel=\"noopener\">fusil d\u2019assaut<\/a>.<\/p>\n<p class=\"paragraph text_align_left lp-f-body-02\">Ces sc\u00e8nes de violence ont bien eu lieu le 6 novembre dernier au sein du <a href=\"https:\/\/www.leparisien.fr\/val-de-marne-94\/violences-faites-aux-femmes-banc-rouge-course-a-pied-le-val-de-marne-poursuit-la-lutte-24-11-2024-DP6IT4Z5YBC47PANEEILGVDCZI.php\" target=\"_self\" rel=\"noopener\">lyc\u00e9e professionnel Jules-Michelet<\/a> de Fontenay-sous-Bois (Val-de-Marne), mais pas un jour d\u2019\u00e9meutes urbaines. Non, ces moments qui ont fait l\u2019ouverture, ce jeudi matin, du comit\u00e9 social d\u2019administration acad\u00e9mique, et ont provoqu\u00e9 la col\u00e8re des repr\u00e9sentants syndicaux d\u2019enseignants, ont \u00e9t\u00e9 organis\u00e9s dans le cadre d\u2019un \u00ab rallye citoyen \u00bb. Des faits r\u00e9v\u00e9l\u00e9s par<a href=\"https:\/\/www.mediapart.fr\/journal\/france\/111125\/dans-un-lycee-professionnel-des-ateliers-vis-ma-vie-de-detenu-degenerent-en-fight-club\" target=\"_self\" rel=\"noopener\"> Mediapart<\/a>, qui nous ont \u00e9t\u00e9 confirm\u00e9s ce jeudi par les syndicats enseignants.<\/p>\n","protected":false},"excerpt":{"rendered":"Des lyc\u00e9ens plaqu\u00e9s au sol, matraque sur le dos. D\u2019autres bless\u00e9s apr\u00e8s avoir affront\u00e9 les boucliers de protection&hellip;\n","protected":false},"author":2,"featured_media":532637,"comment_status":"","ping_status":"","sticky":false,"template":"","format":"standard","meta":{"footnotes":""},"categories":[1888],"tags":[11,1777,674,1011,27,1944,12,626,25,1125],"class_list":{"0":"post-532636","1":"post","2":"type-post","3":"status-publish","4":"format-standard","5":"has-post-thumbnail","7":"category-paris","8":"tag-actualites","9":"tag-eu","10":"tag-europe","11":"tag-fr","12":"tag-france","13":"tag-ma-ville","14":"tag-news","15":"tag-paris","16":"tag-republique-francaise","17":"tag-val-de-marne"},"share_on_mastodon":{"url":"https:\/\/pubeurope.com\/@fr\/115545570657556620","error":""},"_links":{"self":[{"href":"https:\/\/www.europesays.com\/fr\/wp-json\/wp\/v2\/posts\/532636","targetHints":{"allow":["GET"]}}],"collection":[{"href":"https:\/\/www.europesays.com\/fr\/wp-json\/wp\/v2\/posts"}],"about":[{"href":"https:\/\/www.europesays.com\/fr\/wp-json\/wp\/v2\/types\/post"}],"author":[{"embeddable":true,"href":"https:\/\/www.europesays.com\/fr\/wp-json\/wp\/v2\/users\/2"}],"replies":[{"embeddable":true,"href":"https:\/\/www.europesays.com\/fr\/wp-json\/wp\/v2\/comments?post=532636"}],"version-history":[{"count":0,"href":"https:\/\/www.europesays.com\/fr\/wp-json\/wp\/v2\/posts\/532636\/revisions"}],"wp:featuredmedia":[{"embeddable":true,"href":"https:\/\/www.europesays.com\/fr\/wp-json\/wp\/v2\/media\/532637"}],"wp:attachment":[{"href":"https:\/\/www.europesays.com\/fr\/wp-json\/wp\/v2\/media?parent=532636"}],"wp:term":[{"taxonomy":"category","embeddable":true,"href":"https:\/\/www.europesays.com\/fr\/wp-json\/wp\/v2\/categories?post=532636"},{"taxonomy":"post_tag","embeddable":true,"href":"https:\/\/www.europesays.com\/fr\/wp-json\/wp\/v2\/tags?post=532636"}],"curies":[{"name":"wp","href":"https:\/\/api.w.org\/{rel}","templated":true}]}}