{"id":532638,"date":"2025-11-14T01:57:14","date_gmt":"2025-11-14T01:57:14","guid":{"rendered":"https:\/\/www.europesays.com\/fr\/532638\/"},"modified":"2025-11-14T01:57:14","modified_gmt":"2025-11-14T01:57:14","slug":"rachida-dati-future-maire-de-paris-anne-hidalgo-ny-croit-pas-une-seconde","status":"publish","type":"post","link":"https:\/\/www.europesays.com\/fr\/532638\/","title":{"rendered":"Rachida Dati future maire de Paris\u00a0? Anne Hidalgo \u00ab\u00a0n\u2019y croit pas une seconde\u00a0\u00bb"},"content":{"rendered":"<p>Invit\u00e9e sur <a href=\"https:\/\/www.rtl.fr\/actu\/politique\/municipales-a-paris-sur-rtl-anne-hidalgo-estime-que-d-un-point-de-vue-moral-ca-fait-longtemps-que-rachida-dati-aurait-du-abandonner-son-mandat-7900565951\" rel=\"nofollow noopener\" target=\"_blank\" class=\"c-link c-link--is-underlined\">RTL<\/a>, <a href=\"https:\/\/www.20minutes.fr\/dossier\/anne_hidalgo\" target=\"_blank\" class=\"c-link c-link--is-underlined\" rel=\"noopener\">Anne Hidalgo<\/a> a raviv\u00e9 les tensions autour de la course \u00e0 la <a href=\"https:\/\/www.20minutes.fr\/dossier\/mairie_de_paris\" target=\"_blank\" class=\"c-link c-link--is-underlined\" rel=\"noopener\">mairie de Paris<\/a> en affirmant que <a href=\"https:\/\/www.20minutes.fr\/politique\/rachida_dati\" target=\"_blank\" class=\"c-link c-link--is-underlined\" rel=\"noopener\">Rachida Dati<\/a>, mise en examen pour corruption et attendue devant la justice en\u00a02026, ne devrait plus exercer ses responsabilit\u00e9s actuelles. La maire de Paris a expliqu\u00e9 que les accusations visant la ministre de la Culture rendent selon elle incompatible toute ambition municipale majeure, estimant qu\u2019une candidate confront\u00e9e \u00e0 un dossier aussi lourd aurait d\u00fb, par sens moral, se retirer depuis longtemps.<\/p>\n<p>Au-del\u00e0 de cette question judiciaire, Anne Hidalgo a \u00e9galement critiqu\u00e9 la mani\u00e8re dont Rachida Dati m\u00e8ne la bataille politique. Elle a assur\u00e9 que sa rivale cherche r\u00e9guli\u00e8rement \u00e0 d\u00e9tourner l\u2019attention des \u00e9lecteurs en s\u2019appuyant sur des attaques infond\u00e9es, notamment concernant l\u2019affaire du braquage du <a href=\"https:\/\/www.20minutes.fr\/dossier\/louvre\" target=\"_blank\" class=\"c-link c-link--is-underlined\" rel=\"noopener\">Louvre<\/a>. La maire <a href=\"https:\/\/www.20minutes.fr\/politique\/ps\/\" target=\"_blank\" class=\"c-link c-link--is-underlined\" rel=\"noopener\">socialiste<\/a> juge que cette strat\u00e9gie repose sur des manipulations de l\u2019information et contribue \u00e0 alimenter la d\u00e9sinformation dans le d\u00e9bat public.<\/p>\n<\/p>\n<p>Soutien du candidat de l\u2019union de la gauche<\/p>\n<p>Anne Hidalgo a par ailleurs confirm\u00e9 qu\u2019elle ne briguerait pas de troisi\u00e8me <a href=\"https:\/\/www.20minutes.fr\/dossier\/mandat\" target=\"_blank\" class=\"c-link c-link--is-underlined\" rel=\"noopener\">mandat<\/a> et qu\u2019elle soutiendrait le candidat issu de l\u2019union de la gauche lors du scrutin de mars prochain. Elle n\u2019a toutefois pas mentionn\u00e9 explicitement <a href=\"https:\/\/www.20minutes.fr\/politique\/4161239-20250701-municipales-paris-malgre-opposition-anne-hidalgo-ps-choisit-emmanuel-gregoire-veut-rassembler-gauche\" target=\"_blank\" class=\"c-link c-link--is-underlined\" rel=\"noopener\">Emmanuel Gr\u00e9goire<\/a>, d\u00e9sign\u00e9 cet \u00e9t\u00e9 par les socialistes, pr\u00e9f\u00e9rant \u00e9voquer un soutien global au camp progressiste plut\u00f4t qu\u2019\u00e0 une figure particuli\u00e8re. Cette position illustre les tensions persistantes au sein du PS parisien depuis la mise \u00e0 l\u2019\u00e9cart de son ancien premier adjoint.<\/p>\n<p><a href=\"https:\/\/www.20minutes.fr\/municipales\/\" target=\"_blank\" class=\"c-link c-btn c-btn--primary\" rel=\"noopener\">Notre dossier sur les \u00e9lections municipales 2026<\/a><\/p>\n<p>La fin de mandat d\u2019Anne Hidalgo laisse ainsi une <a href=\"https:\/\/www.20minutes.fr\/dossier\/gauche\" target=\"_blank\" class=\"c-link c-link--is-underlined\" rel=\"noopener\">gauche<\/a> fragment\u00e9e et une <a href=\"https:\/\/www.20minutes.fr\/dossier\/droite\" target=\"_blank\" class=\"c-link c-link--is-underlined\" rel=\"noopener\">droite<\/a> fragilis\u00e9e par les ennuis judiciaires de sa favorite. A quelques mois des \u00e9lections, l\u2019affrontement entre Rachida Dati et les forces de gauche s\u2019annonce particuli\u00e8rement conflictuel, dans un climat politique o\u00f9 s\u2019entrem\u00ealent rivalit\u00e9s anciennes, accusations crois\u00e9es et recomposition des alliances.<\/p>\n","protected":false},"excerpt":{"rendered":"Invit\u00e9e sur RTL, Anne Hidalgo a raviv\u00e9 les tensions autour de la course \u00e0 la mairie de Paris&hellip;\n","protected":false},"author":2,"featured_media":532639,"comment_status":"","ping_status":"","sticky":false,"template":"","format":"standard","meta":{"footnotes":""},"categories":[1888],"tags":[47,11,2618,2761,1777,674,1011,27,662,2381,12,626,316,417,25],"class_list":{"0":"post-532638","1":"post","2":"type-post","3":"status-publish","4":"format-standard","5":"has-post-thumbnail","7":"category-paris","8":"tag-actualite","9":"tag-actualites","10":"tag-anne-hidalgo","11":"tag-elections-municipales-2026","12":"tag-eu","13":"tag-europe","14":"tag-fr","15":"tag-france","16":"tag-ile-de-france","17":"tag-mairie-de-paris","18":"tag-news","19":"tag-paris","20":"tag-politique","21":"tag-rachida-dati","22":"tag-republique-francaise"},"share_on_mastodon":{"url":"https:\/\/pubeurope.com\/@fr\/115545574342543474","error":""},"_links":{"self":[{"href":"https:\/\/www.europesays.com\/fr\/wp-json\/wp\/v2\/posts\/532638","targetHints":{"allow":["GET"]}}],"collection":[{"href":"https:\/\/www.europesays.com\/fr\/wp-json\/wp\/v2\/posts"}],"about":[{"href":"https:\/\/www.europesays.com\/fr\/wp-json\/wp\/v2\/types\/post"}],"author":[{"embeddable":true,"href":"https:\/\/www.europesays.com\/fr\/wp-json\/wp\/v2\/users\/2"}],"replies":[{"embeddable":true,"href":"https:\/\/www.europesays.com\/fr\/wp-json\/wp\/v2\/comments?post=532638"}],"version-history":[{"count":0,"href":"https:\/\/www.europesays.com\/fr\/wp-json\/wp\/v2\/posts\/532638\/revisions"}],"wp:featuredmedia":[{"embeddable":true,"href":"https:\/\/www.europesays.com\/fr\/wp-json\/wp\/v2\/media\/532639"}],"wp:attachment":[{"href":"https:\/\/www.europesays.com\/fr\/wp-json\/wp\/v2\/media?parent=532638"}],"wp:term":[{"taxonomy":"category","embeddable":true,"href":"https:\/\/www.europesays.com\/fr\/wp-json\/wp\/v2\/categories?post=532638"},{"taxonomy":"post_tag","embeddable":true,"href":"https:\/\/www.europesays.com\/fr\/wp-json\/wp\/v2\/tags?post=532638"}],"curies":[{"name":"wp","href":"https:\/\/api.w.org\/{rel}","templated":true}]}}