{"id":532644,"date":"2025-11-14T02:00:39","date_gmt":"2025-11-14T02:00:39","guid":{"rendered":"https:\/\/www.europesays.com\/fr\/532644\/"},"modified":"2025-11-14T02:00:39","modified_gmt":"2025-11-14T02:00:39","slug":"les-usa-scellent-des-accords-avec-des-pays-damerique-latine-sur-les-droits-de-douane","status":"publish","type":"post","link":"https:\/\/www.europesays.com\/fr\/532644\/","title":{"rendered":"Les USA scellent des accords avec des pays d&rsquo;Am\u00e9rique latine sur les droits de douane"},"content":{"rendered":"<td class=\"is__realtime px-5\">\n<tr wp_automatic_readability=\"2\">\n<td colspan=\"3\" class=\"is__realtime-quality js-next-event-quotes\" data-next-event=\"2025-11-14T00:59:58+01:00\">\n<p>                                                    Temps Diff\u00e9r\u00e9                    <\/p>\n<p>22:59:06 13\/11\/2025<\/p>\n<\/td>\n<td class=\"txt-align-center is__realtime-quality c-none cm-table\">\n                            Varia. 5j.\n                        <\/td>\n<td class=\"txt-align-center is__realtime-quality\">\n                            Varia. 1 janv.\n                        <\/td>\n<\/tr>\n<tr>\n<td class=\"txt-s7 is__realtime-last txt-align-left\">\n<p>1\u202f637,03                        ARS\n                                    <\/td>\n<td class=\"txt-s7 is__realtime-var txt-align-left\">\n                                             +0,37%\n                                    <\/td>\n<td class=\"table-child--middle c-none cs-table table-child--no-pad\">\n                                                <img loading=\"lazy\" decoding=\"async\" style=\"vertical-align: middle\" width=\"120\" height=\"45\" alt=\"Graphique intraday de Euro \/ Argentine Peso (EUR\/ARS)\" src=\"https:\/\/www.zonebourse.com\/zbcache\/charts\/ObjectChart.aspx?Name=2356444&amp;Type=Intraday&amp;Width=120&amp;Height=45&amp;ShowAxis=0&amp;DTstart=2025-11-13&amp;Render=Line&amp;BottomMargin=3&amp;TopMargin=5&amp;Prev=1630.996\" onerror=\"this.style.display='none'\"\/>                    <\/td>\n<td class=\"txt-s4 txt-align-center c-none cm-table\">\n                             -2,19%\n                        <\/td>\n<td class=\"txt-s4 txt-align-center\">\n                                                             +53,56%\n                                                    <\/td>\n<\/tr>\n<p class=\"m-0 txt-s1\">Publi\u00e9 le 14\/11\/2025<br \/>\n                    \u00e0 00:54<\/p>\n<p>\n                                            Reuters\n                                                        <\/p>\n<p>]]]]>]]><\/p>\n<p>D\u00e9bloquer l&rsquo;article : INSCRIVEZ-VOUS !<\/p>\n<p><img decoding=\"async\" src=\"https:\/\/www.europesays.com\/fr\/wp-content\/uploads\/2025\/04\/reuters.jpg\" alt=\"Reuters logo\" class=\"c-block ml-auto\"\/><br \/>\n                    \u00a9 Reuters &#8211;<br \/>\n                                        2025<\/p>\n<tr class=\" \" wp_automatic_readability=\"0.40298507462687\">\n<td class=\"table-child--centered table-child--top table-child--nowrap table-child--w60 txt-s1\">02:13<\/td>\n<td class=\"w-100\"><a href=\"https:\/\/ch.zonebourse.com\/actualite-bourse\/principaux-points-des-accords-cadres-commerciaux-entre-les-etats-unis-l-argentine-l-equateur-le-s-ce7d5fdddd8ff424\" class=\"txt- txt-overflow-2 link link--no-underline my-5 my-m-0 \" rel=\"nofollow noopener\" target=\"_blank\"><\/p>\n<p>R\u00e9sum\u00e9 des nouveaux accords-cadres commerciaux entre les \u00c9tats-Unis, l&rsquo;Argentine, l&rsquo;\u00c9quateur, le Salvador et le Guatemala<\/p>\n<p>                <\/a><\/td>\n<td class=\"table-child--right  table-child--top table-child--w60 c-none cm-table\">\n                                    RE\n                        <\/td>\n<\/tr>\n<tr class=\" \" wp_automatic_readability=\"0.18947368421053\">\n<td class=\"table-child--centered table-child--top table-child--nowrap table-child--w60 txt-s1\">00:54<\/td>\n<td class=\"w-100\"><a href=\"https:\/\/ch.zonebourse.com\/actualite-bourse\/les-usa-scellent-des-accords-avec-des-pays-d-amerique-latine-sur-les-droits-de-douane-ce7d5fdddd88f223\" class=\"txt- txt-overflow-2 link link--no-underline my-5 my-m-0 \" rel=\"nofollow noopener\" target=\"_blank\"><\/p>\n<p>Les USA scellent des accords avec des pays d&rsquo;Am\u00e9rique latine sur les droits de douane<\/p>\n<p>                <\/a><\/td>\n<td class=\"table-child--right  table-child--top table-child--w60 c-none cm-table\">\n                                    RE\n                        <\/td>\n<\/tr>\n<tr class=\" \" wp_automatic_readability=\"0.34883720930233\">\n<td class=\"table-child--centered table-child--top table-child--nowrap table-child--w60 txt-s1\">01:56<\/td>\n<td class=\"w-100\"><a href=\"https:\/\/ch.zonebourse.com\/actualite-bourse\/les-etats-unis-levent-des-droits-de-douane-sur-certains-produits-d-equateur-d-argentine-du-guatema-ce7d5fdddd88f724\" class=\"txt- txt-overflow-2 link link--no-underline my-5 my-m-0 \" rel=\"nofollow noopener\" target=\"_blank\"><\/p>\n<p>Les \u00c9tats-Unis l\u00e8vent des droits de douane sur certains produits d&rsquo;\u00c9quateur, d&rsquo;Argentine, du Guatemala et du Salvador<\/p>\n<p>                <\/a><\/td>\n<td class=\"table-child--right  table-child--top table-child--w60 c-none cm-table\">\n                                    RE\n                        <\/td>\n<\/tr>\n<tr class=\" \" wp_automatic_readability=\"0.30201342281879\">\n<td class=\"table-child--centered table-child--top table-child--nowrap table-child--w60 txt-s1\">\n    13\/11<\/td>\n<td class=\"w-100\"><a href=\"https:\/\/ch.zonebourse.com\/actualite-bourse\/les-etats-unis-vont-reduire-les-droits-de-douane-sur-certains-produits-en-provenance-d-equateur-d-a-ce7d5fddda8ff521\" class=\"txt- txt-overflow-2 link link--no-underline my-5 my-m-0 \" rel=\"nofollow noopener\" target=\"_blank\"><\/p>\n<p>Les \u00c9tats-Unis vont r\u00e9duire les droits de douane sur certains produits en provenance d&rsquo;\u00c9quateur, d&rsquo;Argentine, du Guatemala et du Salvador<\/p>\n<p>                <\/a><\/td>\n<td class=\"table-child--right  table-child--top table-child--w60 c-none cm-table\">\n                                    RE\n                        <\/td>\n<\/tr>\n<tr class=\" \" wp_automatic_readability=\"0.30508474576271\">\n<td class=\"table-child--centered table-child--top table-child--nowrap table-child--w60 txt-s1\">\n    13\/11<\/td>\n<td class=\"w-100\"><a href=\"https:\/\/ch.zonebourse.com\/actualite-bourse\/argentine-tgs-emet-une-obligation-de-500-millions-de-dollars-et-suscite-1-3-milliard-de-demandes-ce7d5fdddb81fe20\" class=\"txt- txt-overflow-2 link link--no-underline my-5 my-m-0 \" rel=\"nofollow noopener\" target=\"_blank\"><\/p>\n<p>TGS d&rsquo;Argentine \u00e9met une obligation de 500 millions de dollars et suscite 1,3 milliard de dollars de demande<\/p>\n<p>                <\/a><\/td>\n<td class=\"table-child--right  table-child--top table-child--w60 c-none cm-table\">\n                                    RE\n                        <\/td>\n<\/tr>\n<tr class=\" \" wp_automatic_readability=\"0.19852941176471\">\n<td class=\"table-child--centered table-child--top table-child--nowrap table-child--w60 txt-s1\">\n    13\/11<\/td>\n<td class=\"w-100\"><a href=\"https:\/\/ch.zonebourse.com\/actualite-bourse\/les-etats-unis-et-l-argentine-s-accordent-sur-un-cadre-de-cooperation-bilaterale-en-matiere-de-comme-ce7d5fdddb81f12d\" class=\"txt- txt-overflow-2 link link--no-underline my-5 my-m-0 \" rel=\"nofollow noopener\" target=\"_blank\"><\/p>\n<p>Les \u00c9tats-Unis et l&rsquo;Argentine s&rsquo;accordent sur un cadre de coop\u00e9ration bilat\u00e9rale en mati\u00e8re de commerce et d&rsquo;investissement<\/p>\n<p>                <\/a><\/td>\n<td class=\"table-child--right  table-child--top table-child--w60 c-none cm-table\">\n                                    RE\n                        <\/td>\n<\/tr>\n<tr class=\" \" wp_automatic_readability=\"0.19148936170213\">\n<td class=\"table-child--centered table-child--top table-child--nowrap table-child--w60 txt-s1\">\n    13\/11<\/td>\n<td class=\"w-100\"><a href=\"https:\/\/ch.zonebourse.com\/actualite-bourse\/globant-s-a-publie-ses-resultats-financiers-pour-le-troisieme-trimestre-et-les-neuf-premiers-mois-c-ce7d5fdddd8cf027\" class=\"txt- txt-overflow-2 link link--no-underline my-5 my-m-0 \" rel=\"nofollow noopener\" target=\"_blank\"><\/p>\n<p>Globant S.A. publie ses r\u00e9sultats financiers pour le troisi\u00e8me trimestre et les neuf premiers mois cl\u00f4tur\u00e9s au 30 septembre 2025<\/p>\n<p>                <\/a><\/td>\n<td class=\"table-child--right  table-child--top table-child--w60 c-none cm-table\">\n                                    CI\n                        <\/td>\n<\/tr>\n<tr class=\" \" wp_automatic_readability=\"0.27067669172932\">\n<td class=\"table-child--centered table-child--top table-child--nowrap table-child--w60 txt-s1\">\n    13\/11<\/td>\n<td class=\"w-100\"><a href=\"https:\/\/ch.zonebourse.com\/actualite-bourse\/le-ble-du-cbot-cloture-en-legere-baisse-leste-par-des-stocks-abondants-les-marches-attendent-les-ce7d5fdddb8ff725\" class=\"txt- txt-overflow-2 link link--no-underline my-5 my-m-0 \" rel=\"nofollow noopener\" target=\"_blank\"><\/p>\n<p>Le bl\u00e9 du CBOT cl\u00f4ture en l\u00e9g\u00e8re baisse, lest\u00e9 par des stocks abondants ; les march\u00e9s attendent les donn\u00e9es de l&rsquo;USDA<\/p>\n<p>                <\/a><\/td>\n<td class=\"table-child--right  table-child--top table-child--w60 c-none cm-table\">\n                                    RE\n                        <\/td>\n<\/tr>\n<tr class=\" \" wp_automatic_readability=\"0.18556701030928\">\n<td class=\"table-child--centered table-child--top table-child--nowrap table-child--w60 txt-s1\">\n    13\/11<\/td>\n<td class=\"w-100\"><a href=\"https:\/\/ch.zonebourse.com\/actualite-bourse\/le-soja-atteint-un-sommet-de-17-mois-le-mais-progresse-avant-un-rapport-crucial-de-l-usda-ce7d5fdddb8afe24\" class=\"txt- txt-overflow-2 link link--no-underline my-5 my-m-0 \" rel=\"nofollow noopener\" target=\"_blank\"><\/p>\n<p>Le soja atteint un sommet de 17 mois, le ma\u00efs progresse avant un rapport crucial de l&rsquo;USDA<\/p>\n<p>                <\/a><\/td>\n<td class=\"table-child--right  table-child--top table-child--w60 c-none cm-table\"><img loading=\"lazy\" decoding=\"async\" src=\"https:\/\/www.europesays.com\/fr\/wp-content\/uploads\/2025\/05\/logo_at.gif\" width=\"14\" height=\"8\" alt=\"Zonebourse\"\/><\/td>\n<\/tr>\n<tr class=\" \" wp_automatic_readability=\"0.26666666666667\">\n<td class=\"table-child--centered table-child--top table-child--nowrap table-child--w60 txt-s1\">\n    13\/11<\/td>\n<td class=\"w-100\"><a href=\"https:\/\/ch.zonebourse.com\/actualite-bourse\/les-cours-du-soja-atteignent-un-sommet-de-17-mois-le-mais-grimpe-a-un-pic-de-4-mois-alors-que-le-ma-ce7d5fdddb88f223\" class=\"txt- txt-overflow-2 link link--no-underline my-5 my-m-0 \" rel=\"nofollow noopener\" target=\"_blank\"><\/p>\n<p>Le soja atteint un sommet de 17 mois, le ma\u00efs \u00e0 un plus haut de 4 mois alors que le march\u00e9 attend les donn\u00e9es am\u00e9ricaines<\/p>\n<p>                <\/a><\/td>\n<td class=\"table-child--right  table-child--top table-child--w60 c-none cm-table\">\n                                    RE\n                        <\/td>\n<\/tr>\n<tr class=\" \" wp_automatic_readability=\"0.2621359223301\">\n<td class=\"table-child--centered table-child--top table-child--nowrap table-child--w60 txt-s1\">\n    13\/11<\/td>\n<td class=\"w-100\"><a href=\"https:\/\/ch.zonebourse.com\/actualite-bourse\/argentine-une-recolte-de-ble-record-attendue-pour-2025-26-selon-la-bourse-de-buenos-aires-ce7d5fdddb89f227\" class=\"txt- txt-overflow-2 link link--no-underline my-5 my-m-0 \" rel=\"nofollow noopener\" target=\"_blank\"><\/p>\n<p>Argentine : une r\u00e9colte de bl\u00e9 record attendue pour 2025\/26, selon la Bourse de Buenos Aires<\/p>\n<p>                <\/a><\/td>\n<td class=\"table-child--right  table-child--top table-child--w60 c-none cm-table\">\n                                    RE\n                        <\/td>\n<\/tr>\n<tr class=\" \" wp_automatic_readability=\"0.20224719101124\">\n<td class=\"table-child--centered table-child--top table-child--nowrap table-child--w60 txt-s1\">\n    13\/11<\/td>\n<td class=\"w-100\"><a href=\"https:\/\/ch.zonebourse.com\/actualite-bourse\/l-argentine-revoit-a-la-hausse-ses-previsions-de-recolte-de-ble-pour-2025-26-ce7d5fddd881f422\" class=\"txt- txt-overflow-2 link link--no-underline my-5 my-m-0 \" rel=\"nofollow noopener\" target=\"_blank\"><\/p>\n<p>L&rsquo;Argentine revoit \u00e0 la hausse ses pr\u00e9visions de r\u00e9colte de bl\u00e9 pour 2025\/26<\/p>\n<p>                <\/a><\/td>\n<td class=\"table-child--right  table-child--top table-child--w60 c-none cm-table\">\n                                    RE\n                        <\/td>\n<\/tr>\n<tr class=\" \" wp_automatic_readability=\"0.29268292682927\">\n<td class=\"table-child--centered table-child--top table-child--nowrap table-child--w60 txt-s1\">\n    13\/11<\/td>\n<td class=\"w-100\"><a href=\"https:\/\/ch.zonebourse.com\/actualite-bourse\/le-ble-europeen-sous-pression-face-a-la-concurrence-argentine-les-marches-attendent-les-donnees-ame-ce7d5fddd88ef226\" class=\"txt- txt-overflow-2 link link--no-underline my-5 my-m-0 \" rel=\"nofollow noopener\" target=\"_blank\"><\/p>\n<p>Le bl\u00e9 europ\u00e9en sous pression face \u00e0 la concurrence argentine, les march\u00e9s attendent les donn\u00e9es am\u00e9ricaines<\/p>\n<p>                <\/a><\/td>\n<td class=\"table-child--right  table-child--top table-child--w60 c-none cm-table\">\n                                    RE\n                        <\/td>\n<\/tr>\n<tr class=\" \" wp_automatic_readability=\"0.31578947368421\">\n<td class=\"table-child--centered table-child--top table-child--nowrap table-child--w60 txt-s1\">\n    13\/11<\/td>\n<td class=\"w-100\"><a href=\"https:\/\/ch.zonebourse.com\/actualite-bourse\/chevron-amorce-une-phase-de-faible-intensite-capitalistique-et-de-risque-d-execution-reduit-selon-r-ce7d5fddd980f022\" class=\"txt- txt-overflow-2 link link--no-underline my-5 my-m-0 \" rel=\"nofollow noopener\" target=\"_blank\"><\/p>\n<p>Chevron amorce une phase de faible intensit\u00e9 capitalistique et de risque d&rsquo;ex\u00e9cution r\u00e9duit, selon RBC<\/p>\n<p>                <\/a><\/td>\n<td class=\"table-child--right  table-child--top table-child--w60 c-none cm-table\">\n                                    MT\n                        <\/td>\n<\/tr>\n<tr class=\" \" wp_automatic_readability=\"0.20224719101124\">\n<td class=\"table-child--centered table-child--top table-child--nowrap table-child--w60 txt-s1\">\n    13\/11<\/td>\n<td class=\"w-100\"><a href=\"https:\/\/ch.zonebourse.com\/actualite-bourse\/argenta-silver-les-derniers-forages-confirment-une-zone-distincte-a-el-quevar-ce7d5fddd98ff222\" class=\"txt- txt-overflow-2 link link--no-underline my-5 my-m-0 \" rel=\"nofollow noopener\" target=\"_blank\"><\/p>\n<p>Argenta Silver : les derniers forages confirment une zone distincte \u00e0 El Quevar<\/p>\n<p>                <\/a><\/td>\n<td class=\"table-child--right  table-child--top table-child--w60 c-none cm-table\">\n                                    MT\n                        <\/td>\n<\/tr>\n<tr class=\" \" wp_automatic_readability=\"0.16822429906542\">\n<td class=\"table-child--centered table-child--top table-child--nowrap table-child--w60 txt-s1\">\n    13\/11<\/td>\n<td class=\"w-100\"><a href=\"https:\/\/ch.zonebourse.com\/actualite-bourse\/le-cpc-americain-estime-a-61-la-probabilite-d-une-transition-vers-la-ni-a-d-ici-debut-2026-ce7d5fdcd08fff20\" class=\"txt- txt-overflow-2 link link--no-underline my-5 my-m-0 \" rel=\"nofollow noopener\" target=\"_blank\"><\/p>\n<p>Le CPC am\u00e9ricain estime \u00e0 61\u00a0% la probabilit\u00e9 d&rsquo;une transition vers La Ni\u00f1a d&rsquo;ici d\u00e9but 2026<\/p>\n<p>                <\/a><\/td>\n<td class=\"table-child--right  table-child--top table-child--w60 c-none cm-table\">\n                                    RE\n                        <\/td>\n<\/tr>\n<tr class=\" \" wp_automatic_readability=\"0.29347826086957\">\n<td class=\"table-child--centered table-child--top table-child--nowrap table-child--w60 txt-s1\">\n    13\/11<\/td>\n<td class=\"w-100\"><a href=\"https:\/\/ch.zonebourse.com\/actualite-bourse\/bresil-recolte-record-de-soja-attendue-en-2025-2026-les-exportations-en-hausse-ce7d5fdcde8efe2d\" class=\"txt- txt-overflow-2 link link--no-underline my-5 my-m-0 \" rel=\"nofollow noopener\" target=\"_blank\"><\/p>\n<p>Br\u00e9sil : r\u00e9colte record de soja attendue en 2025\/2026, les exportations en hausse<\/p>\n<p>                <\/a><\/td>\n<td class=\"table-child--right  table-child--top table-child--w60 c-none cm-table\">\n                                    RE\n                        <\/td>\n<\/tr>\n<tr class=\" \" wp_automatic_readability=\"0.18181818181818\">\n<td class=\"table-child--centered table-child--top table-child--nowrap table-child--w60 txt-s1\">\n    13\/11<\/td>\n<td class=\"w-100\"><a href=\"https:\/\/ch.zonebourse.com\/actualite-bourse\/le-soja-atteint-un-sommet-de-17-mois-alors-que-le-marche-attend-les-donnees-americaines-ce7d5fdcdf8ff624\" class=\"txt- txt-overflow-2 link link--no-underline my-5 my-m-0 \" rel=\"nofollow noopener\" target=\"_blank\"><\/p>\n<p>Le soja atteint un sommet de 17 mois alors que le march\u00e9 attend les donn\u00e9es am\u00e9ricaines<\/p>\n<p>                <\/a><\/td>\n<td class=\"table-child--right  table-child--top table-child--w60 c-none cm-table\">\n                                    RE\n                        <\/td>\n<\/tr>\n<tr class=\" \" wp_automatic_readability=\"0.24\">\n<td class=\"table-child--centered table-child--top table-child--nowrap table-child--w60 txt-s1\">\n    13\/11<\/td>\n<td class=\"w-100\"><a href=\"https:\/\/ch.zonebourse.com\/actualite-bourse\/les-importations-indiennes-d-huile-de-palme-tombent-a-leur-plus-bas-niveau-en-cinq-ans-tandis-que-l-ce7d5fdcd980f125\" class=\"txt- txt-overflow-2 link link--no-underline my-5 my-m-0 \" rel=\"nofollow noopener\" target=\"_blank\"><\/p>\n<p>Les importations indiennes d&rsquo;huile de palme tombent \u00e0 leur plus bas niveau en cinq ans, tandis que l&rsquo;achat d&rsquo;huile de soja atteint un record<\/p>\n<p>                <\/a><\/td>\n<td class=\"table-child--right  table-child--top table-child--w60 c-none cm-table\">\n                                    RE\n                        <\/td>\n<\/tr>\n<tr class=\" \" wp_automatic_readability=\"0.31858407079646\">\n<td class=\"table-child--centered table-child--top table-child--nowrap table-child--w60 txt-s1\">\n    13\/11<\/td>\n<td class=\"w-100\"><a href=\"https:\/\/ch.zonebourse.com\/actualite-bourse\/le-soja-atteint-un-sommet-de-17-mois-avant-un-rapport-americain-l-absence-de-la-chine-limite-la-hau-ce7d5fdfd08ff62d\" class=\"txt- txt-overflow-2 link link--no-underline my-5 my-m-0 \" rel=\"nofollow noopener\" target=\"_blank\"><\/p>\n<p>Le soja atteint un sommet de 17 mois avant un rapport am\u00e9ricain, l&rsquo;absence de la Chine limite la hausse<\/p>\n<p>                <\/a><\/td>\n<td class=\"table-child--right  table-child--top table-child--w60 c-none cm-table\">\n                                    RE\n                        <\/td>\n<\/tr>\n<tr class=\" \" wp_automatic_readability=\"0.35064935064935\">\n<td class=\"table-child--centered table-child--top table-child--nowrap table-child--w60 txt-s1\">\n    13\/11<\/td>\n<td class=\"w-100\"><a href=\"https:\/\/ch.zonebourse.com\/actualite-bourse\/les-cours-du-soja-stagnent-freines-par-l-absence-de-la-chine-ce7d5fdfd088f020\" class=\"txt- txt-overflow-2 link link--no-underline my-5 my-m-0 \" rel=\"nofollow noopener\" target=\"_blank\"><\/p>\n<p>Les cours du soja peu \u00e9volutifs, frein\u00e9s par l&rsquo;absence de la Chine<\/p>\n<p>                <\/a><\/td>\n<td class=\"table-child--right  table-child--top table-child--w60 c-none cm-table\">\n                                    RE\n                        <\/td>\n<\/tr>\n<tr class=\" \" wp_automatic_readability=\"0.25471698113208\">\n<td class=\"table-child--centered table-child--top table-child--nowrap table-child--w60 txt-s1\">\n    12\/11<\/td>\n<td class=\"w-100\"><a href=\"https:\/\/ch.zonebourse.com\/actualite-bourse\/argentine-une-recolte-de-ble-mega-attendue-a-un-niveau-record-selon-la-bourse-de-rosario-ce7d5fdfd189f122\" class=\"txt- txt-overflow-2 link link--no-underline my-5 my-m-0 \" rel=\"nofollow noopener\" target=\"_blank\"><\/p>\n<p>Argentine : une r\u00e9colte de bl\u00e9 \u00ab\u00a0m\u00e9ga\u00a0\u00bb attendue \u00e0 un niveau record, selon la Bourse de Rosario<\/p>\n<p>                <\/a><\/td>\n<td class=\"table-child--right  table-child--top table-child--w60 c-none cm-table\">\n                                    RE\n                        <\/td>\n<\/tr>\n<tr class=\" \" wp_automatic_readability=\"0.21951219512195\">\n<td class=\"table-child--centered table-child--top table-child--nowrap table-child--w60 txt-s1\">\n    12\/11<\/td>\n<td class=\"w-100\"><a href=\"https:\/\/ch.zonebourse.com\/actualite-bourse\/pan-american-silver-corp-annonce-des-changements-au-sein-de-sa-direction-ce7d5fdfd18ef625\" class=\"txt- txt-overflow-2 link link--no-underline my-5 my-m-0 \" rel=\"nofollow noopener\" target=\"_blank\"><\/p>\n<p>Pan American Silver Corp. annonce des changements au sein de sa direction<\/p>\n<p>                <\/a><\/td>\n<td class=\"table-child--right  table-child--top table-child--w60 c-none cm-table\">\n                                    CI\n                        <\/td>\n<\/tr>\n<tr class=\" \" wp_automatic_readability=\"0.25961538461538\">\n<td class=\"table-child--centered table-child--top table-child--nowrap table-child--w60 txt-s1\">\n    12\/11<\/td>\n<td class=\"w-100\"><a href=\"https:\/\/ch.zonebourse.com\/actualite-bourse\/la-recolte-de-ble-2025-26-en-argentine-atteindra-un-niveau-record-selon-la-bourse-de-rosario-ce7d5fdfde8cf526\" class=\"txt- txt-overflow-2 link link--no-underline my-5 my-m-0 \" rel=\"nofollow noopener\" target=\"_blank\"><\/p>\n<p>La r\u00e9colte de bl\u00e9 2025\/26 en Argentine atteindra un niveau record, selon la Bourse de Rosario<\/p>\n<p>                <\/a><\/td>\n<td class=\"table-child--right  table-child--top table-child--w60 c-none cm-table\">\n                                    RE\n                        <\/td>\n<\/tr>\n<tr class=\" \" wp_automatic_readability=\"0.18620689655172\">\n<td class=\"table-child--centered table-child--top table-child--nowrap table-child--w60 txt-s1\">\n    12\/11<\/td>\n<td class=\"w-100\"><a href=\"https:\/\/ch.zonebourse.com\/actualite-bourse\/telecom-argentina-s-a-publie-ses-resultats-financiers-pour-le-troisieme-trimestre-et-les-neuf-premi-ce7d5fdcdd8bf627\" class=\"txt- txt-overflow-2 link link--no-underline my-5 my-m-0 \" rel=\"nofollow noopener\" target=\"_blank\"><\/p>\n<p>Telecom Argentina S.A. publie ses r\u00e9sultats financiers pour le troisi\u00e8me trimestre et les neuf premiers mois clos au 30 septembre 2025<\/p>\n<p>                <\/a><\/td>\n<td class=\"table-child--right  table-child--top table-child--w60 c-none cm-table\">\n                                    CI\n                        <\/td>\n<\/tr>\n<p>    <img decoding=\"async\" src=\"https:\/\/www.europesays.com\/fr\/wp-content\/uploads\/2025\/04\/img_footer_appstore.png\" alt=\"Download from Apple Store\" loading=\"lazy\"\/><\/p>\n<p class=\"m-0\">NOS EXPERTS \u00c0 VOTRE \u00c9COUTE<\/p>\n<p class=\"m-0 txt-bold\">Lundi &#8211; Vendredi 9h-12h \/ 14h-18h<\/p>\n<p><img decoding=\"async\" src=\"https:\/\/www.europesays.com\/fr\/wp-content\/uploads\/2025\/04\/footer_logo_zb.png\" width=\"181\" height=\"24\" alt=\"Zonebourse, bourse en direct\" loading=\"lazy\"\/><br \/>\n                    Mentions l\u00e9gales<br \/>\n                |<br \/>\n                Param\u00e9trer les cookies<br \/>\n            |<br \/>\n                    Blog Zonebourse<br \/>\n                |<a href=\"https:\/\/ch.zonebourse.com\/qui-sommes-nous\" class=\"link txt-footer\" rel=\"nofollow noopener\" target=\"_blank\"><br \/>\n                Qui sommes-nous ?<br \/>\n            <\/a>|<br \/>\n                Copyright \u00a9 2025 Surperformance SAS. Tous droits r\u00e9serv\u00e9s.<\/p>\n<p>\n            Les cotations sont fournies par Factset, Morningstar et S&amp;P Capital IQ\n        <\/p>\n<p class=\"pl-10 txt-bold m-0\">S\u00e9lectionnez votre \u00e9dition<\/p>\n<p class=\"txt-s1 txt-muted m-0 pl-10\">Toutes les informations financi\u00e8res adapt\u00e9es au niveau national<\/p>\n<\/td>\n","protected":false},"excerpt":{"rendered":"Temps Diff\u00e9r\u00e9 22:59:06 13\/11\/2025 Varia. 5j. Varia. 1 janv. 1\u202f637,03 ARS +0,37% -2,19% +53,56% Publi\u00e9 le 14\/11\/2025 \u00e0&hellip;\n","protected":false},"author":2,"featured_media":2490,"comment_status":"","ping_status":"","sticky":false,"template":"","format":"standard","meta":{"footnotes":""},"categories":[1589],"tags":[11,340,73,1866,12,1864,1865,1863,308],"class_list":{"0":"post-532644","1":"post","2":"type-post","3":"status-publish","4":"format-standard","5":"has-post-thumbnail","7":"category-etats-unis","8":"tag-actualites","9":"tag-bourse","10":"tag-etats-unis","11":"tag-etats-unis-damerique","12":"tag-news","13":"tag-united-states","14":"tag-united-states-of-america","15":"tag-us","16":"tag-usa"},"share_on_mastodon":{"url":"https:\/\/pubeurope.com\/@fr\/115545587206489689","error":""},"_links":{"self":[{"href":"https:\/\/www.europesays.com\/fr\/wp-json\/wp\/v2\/posts\/532644","targetHints":{"allow":["GET"]}}],"collection":[{"href":"https:\/\/www.europesays.com\/fr\/wp-json\/wp\/v2\/posts"}],"about":[{"href":"https:\/\/www.europesays.com\/fr\/wp-json\/wp\/v2\/types\/post"}],"author":[{"embeddable":true,"href":"https:\/\/www.europesays.com\/fr\/wp-json\/wp\/v2\/users\/2"}],"replies":[{"embeddable":true,"href":"https:\/\/www.europesays.com\/fr\/wp-json\/wp\/v2\/comments?post=532644"}],"version-history":[{"count":0,"href":"https:\/\/www.europesays.com\/fr\/wp-json\/wp\/v2\/posts\/532644\/revisions"}],"wp:featuredmedia":[{"embeddable":true,"href":"https:\/\/www.europesays.com\/fr\/wp-json\/wp\/v2\/media\/2490"}],"wp:attachment":[{"href":"https:\/\/www.europesays.com\/fr\/wp-json\/wp\/v2\/media?parent=532644"}],"wp:term":[{"taxonomy":"category","embeddable":true,"href":"https:\/\/www.europesays.com\/fr\/wp-json\/wp\/v2\/categories?post=532644"},{"taxonomy":"post_tag","embeddable":true,"href":"https:\/\/www.europesays.com\/fr\/wp-json\/wp\/v2\/tags?post=532644"}],"curies":[{"name":"wp","href":"https:\/\/api.w.org\/{rel}","templated":true}]}}