{"id":532645,"date":"2025-11-14T02:01:16","date_gmt":"2025-11-14T02:01:16","guid":{"rendered":"https:\/\/www.europesays.com\/fr\/532645\/"},"modified":"2025-11-14T02:01:16","modified_gmt":"2025-11-14T02:01:16","slug":"une-compagnie-de-ferries-presente-ses-excuses-apres-avoir-diffuse-un-film-pornographique-a-des-passagers","status":"publish","type":"post","link":"https:\/\/www.europesays.com\/fr\/532645\/","title":{"rendered":"Une compagnie de ferries pr\u00e9sente ses excuses apr\u00e8s avoir diffus\u00e9 un film pornographique \u00e0 des passagers"},"content":{"rendered":"<p>La compagnie de ferries DFDS se dit \u00ab\u00a0profond\u00e9ment d\u00e9sol\u00e9e\u00a0\u00bb apr\u00e8s avoir diffus\u00e9 un film pornographique \u00e0 des enfants lors d&rsquo;une travers\u00e9e entre la France et le Royaume-Uni.<\/p>\n<p>\u00ab\u00a0Les enfants sont sortis en hurlant\u00a0\u00bb. La compagnie de ferries DFDS, qui <a href=\"https:\/\/www.bfmtv.com\/international\/28-ans-et-58-000-kilometres-un-britannique-demande-l-acces-au-tunnel-sous-la-manche-pour-boucler-son-tour-du-monde-a-pied_AN-202511090313.html\" title=\"28 ans et 58.000 kilom\u00e8tres: un Britannique demande l&#039;acc\u00e8s au tunnel sous la Manche pour boucler son tour du monde \u00e0 pied\" class=\"internal_link\" target=\"_blank\" rel=\"noopener\">effectue des travers\u00e9es<\/a> entre Dieppe et Newhaven au Royaume-Uni, a d\u00fb pr\u00e9senter ses excuses apr\u00e8s avoir diffus\u00e9 un <a href=\"https:\/\/www.bfmtv.com\/tech\/facebook\/meta-accusee-d-avoir-pirate-2-400-films-pornographiques-pour-entrainer-son-ia-le-groupe-assure-qu-il-s-agissait-d-un-usage-personnel-prive_AV-202510310422.html\" title=\"Meta accus\u00e9e d\u2019avoir pirat\u00e9 2.400 films pornographiques pour entra\u00eener son IA: le groupe assure qu&#039;il s\u2019agissait d\u2019un &quot;usage personnel priv\u00e9&quot;\" class=\"internal_link\" target=\"_blank\" rel=\"noopener\">film pornographique<\/a> \u00e0 des enfants pr\u00e9sents \u00e0 bord du navire, raconte le <a href=\"https:\/\/www.theguardian.com\/uk-news\/2025\/nov\/12\/ferry-company-apologises-pornographic-film-dfds\" target=\"_blank\" class=\"external_link\" rel=\"noopener\">Guardian<\/a> mercredi 12 novembre.<\/p>\n<p>La compagnie se dit \u00ab\u00a0profond\u00e9ment d\u00e9sol\u00e9e\u00a0\u00bb de cet incident. Sur le ferry, des passagers avaient demand\u00e9 \u00e0 ce que soit diffus\u00e9 le Grand Prix de Formule 1 sur le t\u00e9l\u00e9viseur d&rsquo;un salon du navire. \u00c0 la place de la cha\u00eene de t\u00e9l\u00e9vision sur laquelle \u00e9tait diffus\u00e9e la course automobile a \u00e9t\u00e9 mise&#8230; un \u00ab\u00a0film pour adultes\u00a0\u00bb, voire m\u00eame de \u00ab\u00a0porno hardcore\u00a0\u00bb, selon les dires d&rsquo;un passager dans le journal local <a href=\"https:\/\/www.theargus.co.uk\/news\/25612412.dfds-apologise-adult-film-shown-ferry-newhaven\/\" target=\"_blank\" class=\"external_link\" rel=\"noopener\">The Argus<\/a>.<\/p>\n<p>\u00ab\u00a0Nous sommes sinc\u00e8rement d\u00e9sol\u00e9s du d\u00e9sarroi et de la col\u00e8re compr\u00e9hensibles que cela a engendr\u00e9s. Cela ne se reproduira plus\u00a0\u00bb, a d\u00e9clar\u00e9 un porte-parole de DFDS, selon la <a href=\"https:\/\/www.bbc.com\/news\/articles\/cdrz41x33e7o\" target=\"_blank\" class=\"external_link\" rel=\"noopener\">BBC<\/a>. Il ajoute que l&rsquo;\u00e9quipage n&rsquo;\u00e9tait \u00ab\u00a0pas au courant\u00a0\u00bb de la diffusion du film, affirmant qu'\u00a0\u00bbune fois inform\u00e9e du contenu, la cha\u00eene a \u00e9t\u00e9 rapidement chang\u00e9e.\u00a0\u00bb<\/p>\n<p>\u00ab\u00a0Sortis en hurlant\u00a0\u00bb<\/p>\n<p>Mais le mal \u00e9tait fait: \u00ab\u00a0soudain des enfants sont sortis en courant du salon avec fauteuils inclinables en hurlant\u00a0\u00bb, raconte le passager au journal local britannique. Et de continuer: \u00ab\u00a0des parents sont sortis et ont demand\u00e9 \u00e0 l&#8217;employ\u00e9 de r\u00e9gler le probl\u00e8me de la t\u00e9l\u00e9vision, ils disaient: &lsquo;Il y a du porno hardcore \u00e0 la t\u00e9l\u00e9&rsquo;.\u00a0\u00bb<\/p>\n<p>La compagnie de ferries a assur\u00e9 que la cha\u00eene avait \u00e9t\u00e9 retir\u00e9e de la liste disponible \u00e0 bord et avance que l&rsquo;incident est d\u00fb \u00e0 \u00ab\u00a0un retard\u00a0\u00bb du bateau qui a \u00e9t\u00e9 contraint de faire demi-tour en raison d&rsquo;un probl\u00e8me technique au port de Newhaven.<\/p>\n<p>Lucie Valais Journaliste BFMTV<\/p>\n","protected":false},"excerpt":{"rendered":"La compagnie de ferries DFDS se dit \u00ab\u00a0profond\u00e9ment d\u00e9sol\u00e9e\u00a0\u00bb apr\u00e8s avoir diffus\u00e9 un film pornographique \u00e0 des enfants&hellip;\n","protected":false},"author":2,"featured_media":532646,"comment_status":"","ping_status":"","sticky":false,"template":"","format":"standard","meta":{"footnotes":""},"categories":[1588],"tags":[11,1777,674,12,473,1853,1851,1850,1852],"class_list":{"0":"post-532645","1":"post","2":"type-post","3":"status-publish","4":"format-standard","5":"has-post-thumbnail","7":"category-royaume-uni","8":"tag-actualites","9":"tag-eu","10":"tag-europe","11":"tag-news","12":"tag-royaume-uni","13":"tag-royaume-uni-de-grande-bretagne-et-dirlande-du-nord","14":"tag-uk","15":"tag-united-kingdom","16":"tag-united-kingdom-of-great-britain-and-northern-ireland"},"share_on_mastodon":{"url":"https:\/\/pubeurope.com\/@fr\/115545590026783906","error":""},"_links":{"self":[{"href":"https:\/\/www.europesays.com\/fr\/wp-json\/wp\/v2\/posts\/532645","targetHints":{"allow":["GET"]}}],"collection":[{"href":"https:\/\/www.europesays.com\/fr\/wp-json\/wp\/v2\/posts"}],"about":[{"href":"https:\/\/www.europesays.com\/fr\/wp-json\/wp\/v2\/types\/post"}],"author":[{"embeddable":true,"href":"https:\/\/www.europesays.com\/fr\/wp-json\/wp\/v2\/users\/2"}],"replies":[{"embeddable":true,"href":"https:\/\/www.europesays.com\/fr\/wp-json\/wp\/v2\/comments?post=532645"}],"version-history":[{"count":0,"href":"https:\/\/www.europesays.com\/fr\/wp-json\/wp\/v2\/posts\/532645\/revisions"}],"wp:featuredmedia":[{"embeddable":true,"href":"https:\/\/www.europesays.com\/fr\/wp-json\/wp\/v2\/media\/532646"}],"wp:attachment":[{"href":"https:\/\/www.europesays.com\/fr\/wp-json\/wp\/v2\/media?parent=532645"}],"wp:term":[{"taxonomy":"category","embeddable":true,"href":"https:\/\/www.europesays.com\/fr\/wp-json\/wp\/v2\/categories?post=532645"},{"taxonomy":"post_tag","embeddable":true,"href":"https:\/\/www.europesays.com\/fr\/wp-json\/wp\/v2\/tags?post=532645"}],"curies":[{"name":"wp","href":"https:\/\/api.w.org\/{rel}","templated":true}]}}