{"id":532647,"date":"2025-11-14T02:02:18","date_gmt":"2025-11-14T02:02:18","guid":{"rendered":"https:\/\/www.europesays.com\/fr\/532647\/"},"modified":"2025-11-14T02:02:18","modified_gmt":"2025-11-14T02:02:18","slug":"allemagne-vers-une-interdiction-des-puffs","status":"publish","type":"post","link":"https:\/\/www.europesays.com\/fr\/532647\/","title":{"rendered":"Allemagne : vers une interdiction des puffs"},"content":{"rendered":"<p><strong><img fetchpriority=\"high\" decoding=\"async\" class=\"size-medium wp-image-200623 alignright\" src=\"https:\/\/www.europesays.com\/fr\/wp-content\/uploads\/2025\/11\/ezgif-8d1b78c968e248-300x200.jpg\" alt=\"4 colored puffs\" width=\"300\" height=\"200\"  \/><\/strong><\/p>\n<p><strong>Le Bundestag (que l\u2019on peut apparenter \u00e0 notre Assembl\u00e9e nationale) s\u2019appr\u00eate \u00e0 adopter une interdiction de la cigarette \u00e9lectronique jetable\u00a0\/ puff.<\/strong><\/p>\n<p>Ceci sur proposition des deux partis de la coalition gouvernementale actuelle\u00a0: CDU\u00a0\/ CSU (centre-droit et droite) et SPD (sociaux-d\u00e9mocrates).<\/p>\n<p>La Belgique et la France ont d\u00e9j\u00e0 adopt\u00e9 cette mesure. Le Royaume-Uni aussi (voir <a href=\"https:\/\/www.lemondedutabac.com\/royaume-uni-interdiction-des-puffs\/\" rel=\"nofollow noopener\" target=\"_blank\">5\u00a0juin\u00a02025<\/a>).<\/p>\n<p>Pour en revenir \u00e0 l\u2019Allemagne, le Bundesrat (\u00e9quivalent de notre S\u00e9nat) s\u2019est d\u00e9j\u00e0 prononc\u00e9 en faveur de l\u2019interdiction de la puff, il y a un an et demi (voir le <a href=\"https:\/\/www.lemondedutabac.com\/allemagne-vapotage-le-bundesrat-demande-linterdiction-des-puffs-pour-des-raisons-ecologiques\/\" rel=\"nofollow noopener\" target=\"_blank\">13 mars 2023<\/a>).<\/p>\n<p><strong>Les deux march\u00e9s principaux alimentant le march\u00e9 parall\u00e8le transfrontalier du tabac en France\u00a0\u2013 l\u2019Espagne et le Luxembourg\u00a0\u2013 n\u2019envisagent pas d\u2019interdiction de la puff.<\/strong><\/p>\n","protected":false},"excerpt":{"rendered":"Le Bundestag (que l\u2019on peut apparenter \u00e0 notre Assembl\u00e9e nationale) s\u2019appr\u00eate \u00e0 adopter une interdiction de la cigarette&hellip;\n","protected":false},"author":2,"featured_media":532648,"comment_status":"","ping_status":"","sticky":false,"template":"","format":"standard","meta":{"footnotes":""},"categories":[1587],"tags":[11,672,1804,1805,1803,1777,674,1801,12,1802],"class_list":{"0":"post-532647","1":"post","2":"type-post","3":"status-publish","4":"format-standard","5":"has-post-thumbnail","7":"category-allemagne","8":"tag-actualites","9":"tag-allemagne","10":"tag-bundesrepublik-deutschland","11":"tag-de","12":"tag-deutschland","13":"tag-eu","14":"tag-europe","15":"tag-germany","16":"tag-news","17":"tag-republique-federale-dallemagne"},"share_on_mastodon":{"url":"https:\/\/pubeurope.com\/@fr\/115545594013485731","error":""},"_links":{"self":[{"href":"https:\/\/www.europesays.com\/fr\/wp-json\/wp\/v2\/posts\/532647","targetHints":{"allow":["GET"]}}],"collection":[{"href":"https:\/\/www.europesays.com\/fr\/wp-json\/wp\/v2\/posts"}],"about":[{"href":"https:\/\/www.europesays.com\/fr\/wp-json\/wp\/v2\/types\/post"}],"author":[{"embeddable":true,"href":"https:\/\/www.europesays.com\/fr\/wp-json\/wp\/v2\/users\/2"}],"replies":[{"embeddable":true,"href":"https:\/\/www.europesays.com\/fr\/wp-json\/wp\/v2\/comments?post=532647"}],"version-history":[{"count":0,"href":"https:\/\/www.europesays.com\/fr\/wp-json\/wp\/v2\/posts\/532647\/revisions"}],"wp:featuredmedia":[{"embeddable":true,"href":"https:\/\/www.europesays.com\/fr\/wp-json\/wp\/v2\/media\/532648"}],"wp:attachment":[{"href":"https:\/\/www.europesays.com\/fr\/wp-json\/wp\/v2\/media?parent=532647"}],"wp:term":[{"taxonomy":"category","embeddable":true,"href":"https:\/\/www.europesays.com\/fr\/wp-json\/wp\/v2\/categories?post=532647"},{"taxonomy":"post_tag","embeddable":true,"href":"https:\/\/www.europesays.com\/fr\/wp-json\/wp\/v2\/tags?post=532647"}],"curies":[{"name":"wp","href":"https:\/\/api.w.org\/{rel}","templated":true}]}}