{"id":532659,"date":"2025-11-14T02:10:27","date_gmt":"2025-11-14T02:10:27","guid":{"rendered":"https:\/\/www.europesays.com\/fr\/532659\/"},"modified":"2025-11-14T02:10:27","modified_gmt":"2025-11-14T02:10:27","slug":"rugby-a-xv-tevita-pangai-jr-change-de-code-et-signe-en-federale-2-rugby-a-xiii","status":"publish","type":"post","link":"https:\/\/www.europesays.com\/fr\/532659\/","title":{"rendered":"Rugby \u00e0 XV &#8211; Tevita Pangai Jr change de code et signe en F\u00e9d\u00e9rale 2 &#8211; Rugby \u00e0 XIII"},"content":{"rendered":"<p style=\"text-align: justify;\"><strong>Alors qu\u2019il avait sign\u00e9 pour un an du c\u00f4t\u00e9 de Warrington avant de faire volte-face, c\u2019est d\u00e9sormais \u00e0 XV que l\u2019international tongien va poursuivre sa carri\u00e8re.<\/strong><\/p>\n<p style=\"text-align: justify;\">Non renouvel\u00e9 par les Dragons Catalans \u00e0 l\u2019issue d\u2019une saison plus que mitig\u00e9e, Tevita Pangai Jr s\u2019\u00e9tait engag\u00e9 pour une saison en Super League avec les Warrington Wolves. Sauf qu\u2019il y a deux semaines, le joueur a pris le club de court en annon\u00e7ant qu\u2019il n\u2019honorerait pas son ann\u00e9e de contrat, souhaitant rester en France afin que son \u00e9pouse puisse donner naissance \u00e0 leur futur enfant.<\/p>\n<p style=\"text-align: justify;\">Apr\u00e8s avoir \u00e9chang\u00e9 avec les dirigeants du RC Narbonne XV, club \u00e0 la recherche d\u2019un joueur pour <a href=\"https:\/\/treizemondial.fr\/deja-la-fin-de-laventure-de-franklin-pele-a-narbonne-xv\/\" target=\"_blank\" rel=\"noopener\">remplacer l\u2019ancien treiziste Franklin Pele<\/a> qui devrait mettre fin pr\u00e9matur\u00e9ment \u00e0 son contrat, c\u2019est du c\u00f4t\u00e9 de Leucate que l\u2019ex-Dragon a trouv\u00e9 un point de chute provisoire.<\/p>\n<p style=\"text-align: justify;\">En effet, et comme l\u2019explique le club audois, le joueur de 29 ans souhaite d\u00e9couvrir le rugby \u00e0 XV et prendre de l\u2019exp\u00e9rience avant d\u2019esp\u00e9rer pouvoir signer dans un club professionnel. Les documents pour sa licence \u00e9tant sign\u00e9s, Pangai Jr et son nouveau club attendent la validation de sa f\u00e9d\u00e9ration avant de pouvoir d\u00e9buter dans sa nouvelle discipline\u2026 \u00e0 moins qu\u2019il ne change d\u2019avis d\u2019ici-l\u00e0.<\/p>\n<blockquote class=\"instagram-media\" data-instgrm-captioned=\"\" data-instgrm-permalink=\"https:\/\/www.instagram.com\/p\/DQ-HzPkiJ-c\/?utm_source=ig_embed&amp;utm_campaign=loading\" data-instgrm-version=\"14\" style=\" background:#FFF; border:0; border-radius:3px; box-shadow:0 0 1px 0 rgba(0,0,0,0.5),0 1px 10px 0 rgba(0,0,0,0.15); margin: 1px; max-width:500px; min-width:326px; padding:0; width:99.375%; width:-webkit-calc(100% - 2px); width:calc(100% - 2px);\">\n<\/blockquote>\n<p>        <script async src=\"\/\/www.instagram.com\/embed.js\"><\/script><\/p>\n","protected":false},"excerpt":{"rendered":"Alors qu\u2019il avait sign\u00e9 pour un an du c\u00f4t\u00e9 de Warrington avant de faire volte-face, c\u2019est d\u00e9sormais \u00e0&hellip;\n","protected":false},"author":2,"featured_media":532660,"comment_status":"","ping_status":"","sticky":false,"template":"","format":"standard","meta":{"footnotes":""},"categories":[1416],"tags":[3248,1011,27,58449,479,2228,1468,2229,65087,60,6902],"class_list":{"0":"post-532659","1":"post","2":"type-post","3":"status-publish","4":"format-standard","5":"has-post-thumbnail","7":"category-rugby","8":"tag-dragons-catalans","9":"tag-fr","10":"tag-france","11":"tag-leucate","12":"tag-rugby","13":"tag-rugby-a-xiii","14":"tag-rugby-football","15":"tag-rugby-league","16":"tag-rugby-xv","17":"tag-sports","18":"tag-tevita-pangai-jr"},"share_on_mastodon":{"url":"https:\/\/pubeurope.com\/@fr\/115545625348083259","error":""},"_links":{"self":[{"href":"https:\/\/www.europesays.com\/fr\/wp-json\/wp\/v2\/posts\/532659","targetHints":{"allow":["GET"]}}],"collection":[{"href":"https:\/\/www.europesays.com\/fr\/wp-json\/wp\/v2\/posts"}],"about":[{"href":"https:\/\/www.europesays.com\/fr\/wp-json\/wp\/v2\/types\/post"}],"author":[{"embeddable":true,"href":"https:\/\/www.europesays.com\/fr\/wp-json\/wp\/v2\/users\/2"}],"replies":[{"embeddable":true,"href":"https:\/\/www.europesays.com\/fr\/wp-json\/wp\/v2\/comments?post=532659"}],"version-history":[{"count":0,"href":"https:\/\/www.europesays.com\/fr\/wp-json\/wp\/v2\/posts\/532659\/revisions"}],"wp:featuredmedia":[{"embeddable":true,"href":"https:\/\/www.europesays.com\/fr\/wp-json\/wp\/v2\/media\/532660"}],"wp:attachment":[{"href":"https:\/\/www.europesays.com\/fr\/wp-json\/wp\/v2\/media?parent=532659"}],"wp:term":[{"taxonomy":"category","embeddable":true,"href":"https:\/\/www.europesays.com\/fr\/wp-json\/wp\/v2\/categories?post=532659"},{"taxonomy":"post_tag","embeddable":true,"href":"https:\/\/www.europesays.com\/fr\/wp-json\/wp\/v2\/tags?post=532659"}],"curies":[{"name":"wp","href":"https:\/\/api.w.org\/{rel}","templated":true}]}}