{"id":532667,"date":"2025-11-14T02:18:17","date_gmt":"2025-11-14T02:18:17","guid":{"rendered":"https:\/\/www.europesays.com\/fr\/532667\/"},"modified":"2025-11-14T02:18:17","modified_gmt":"2025-11-14T02:18:17","slug":"vanessa-paradis-le-jour-ou-cette-grande-maison-de-luxe-lui-a-demande-dapprendre-a-faire-du-trapeze","status":"publish","type":"post","link":"https:\/\/www.europesays.com\/fr\/532667\/","title":{"rendered":"Vanessa Paradis : le jour o\u00f9 cette grande maison de luxe lui a demand\u00e9 d\u2019apprendre \u00e0 faire du trap\u00e8ze"},"content":{"rendered":"<p class=\"p1\">Depuis pr\u00e8s de 40 ans, <strong>Vanessa<br \/>\nParadis<\/strong> est sur le devant de la sc\u00e8ne. R\u00e9v\u00e9l\u00e9e \u00e0 huit ans<br \/>\ndans L\u2019\u00c9cole des fans, elle a ensuite d\u00e9voil\u00e9 son premier single \u00e0<br \/>\nl\u2019\u00e2ge de 14 ans. Depuis, elle a sorti <strong>plusieurs<br \/>\nalbums<\/strong>, est apparue au cin\u00e9ma, au th\u00e9\u00e2tre ou a travaill\u00e9<br \/>\ndans <strong>le monde de la mode<\/strong>.<\/p>\n<p class=\"p1\">Mercredi 12 novembre, Vanessa Paradis s\u2019est rendue<br \/>\ndans l\u2019\u00e9mission \u201c1 Mois 1 artiste\u201d sur Nostalgie. <a href=\"https:\/\/www.closermag.fr\/people\/vanessa-paradis-son-fils-jack-depp-discret-mais-brillant-elle-devoile-son-talent-insoupconne-3592428\" target=\"_blank\" rel=\"noopener\"><br \/>\nLa maman de Jack Depp<\/a> est alors revenue sur son parcours. Elle<br \/>\na notamment fait des r\u00e9v\u00e9lations sur <strong>sa premi\u00e8re<br \/>\ncollaboration<\/strong> avec la maison de luxe Chanel.<\/p>\n<p>La chanteuse a \u00e9t\u00e9 mise \u00e0 l\u2019\u00e9preuve par Chanel<\/p>\n<p class=\"p1\">\u00c0 seulement 18 ans, Vanessa Paradis a \u00e9t\u00e9 contact\u00e9e<br \/>\npar la maison Chanel pour devenir <strong>l\u2019\u00e9g\u00e9rie du parfum<br \/>\nCoco<\/strong>. \u201cJe ne me rendais pas compte de ce que c\u2019est de<br \/>\nrecevoir un coup de t\u00e9l\u00e9phone de la maison Chanel qui veut que vous<br \/>\nrepr\u00e9sentiez leur parfum. Je n\u2019ai compris la chance que j\u2019avais<br \/>\nqu\u2019apr\u00e8s coup\u201d, a-t-elle confi\u00e9.<\/p>\n<p class=\"p1\">Dans la publicit\u00e9 r\u00e9alis\u00e9e par Jean-Paul Goude,<br \/>\n<a href=\"https:\/\/www.closermag.fr\/people\/lete-ou-tout-a-bascule-vanessa-paradis-et-johnny-depp-quand-la-passion-sest-transformee-en-chaos-3557587\" target=\"_blank\" rel=\"noopener\"><br \/>\nl&rsquo;ex-compagne de Johnny Depp<\/a> tient le r\u00f4le d\u2019un <strong>petit<br \/>\noiseau dans une cage<\/strong> faisant du trap\u00e8ze. La jeune femme a<br \/>\ndonc d\u00fb <strong>apprendre \u00e0 \u00e9voluer sur l\u2019agr\u00e8s<\/strong>.<br \/>\n\u201cC\u2019\u00e9tait ludique, j\u2019ai appris le trap\u00e8ze pendant dix jours ! Et<br \/>\npuis ils m\u2019ont accroch\u00e9e \u00e0 vingt m\u00e8tres du sol et j\u2019ai fait ma<br \/>\ncascade\u2026 C\u2019\u00e9tait huit jours de tournage !\u201d, s\u2019est-elle<br \/>\nsouvenue.<\/p>\n<p>Vanessa Paradis : \u201cJ\u2019\u00e9tais une<br \/>\npetite princesse\u201d<\/p>\n<p class=\"p1\">Finalement, la publicit\u00e9 L\u2019Esprit de Chanel a \u00e9t\u00e9<br \/>\n<strong>un v\u00e9ritable succ\u00e8s<\/strong>. Vanessa Paradis en garde<br \/>\nd\u2019ailleurs un tr\u00e8s bon souvenir. Elle a expliqu\u00e9 : \u201cC\u2019\u00e9tait une<br \/>\ntr\u00e8s grosse production, la premi\u00e8re fois de ma vie que j\u2019ai fait<br \/>\nune manucure ! J\u2019\u00e9tais une petite princesse et \u00e7a m\u2019a un peu plu,<br \/>\nj\u2019ai bien aim\u00e9\u201d.<\/p>\n<p class=\"p1\">Depuis, la chanteuse est <strong>rest\u00e9e fid\u00e8le \u00e0 la<br \/>\nmaison de haute couture<\/strong>. Elle a \u00e9t\u00e9 l\u2019\u00e9g\u00e9rie du parfum<br \/>\nCoco Mademoiselle, du sac Girl Chanel, mais aussi de plusieurs<br \/>\nautres collections. <a href=\"https:\/\/www.closermag.fr\/people\/photos-vanessa-paradis-lily-rose-depp-claudia-schiffer-les-egeries-chanel-reunie-964146\" target=\"_blank\" rel=\"noopener\"><br \/>\nSa fille Lily-Rose Depp<\/a> suit \u00e9galement ses pas puisqu\u2019elle est<br \/>\ndevenue \u00e9g\u00e9rie \u00e0 seulement 16 ans. Une belle histoire qui semble<br \/>\nencore loin de s\u2019achever, tant Vanessa Paradis incarne encore<br \/>\naujourd\u2019hui l\u2019esprit Chanel.<\/p>\n","protected":false},"excerpt":{"rendered":"Depuis pr\u00e8s de 40 ans, Vanessa Paradis est sur le devant de la sc\u00e8ne. R\u00e9v\u00e9l\u00e9e \u00e0 huit ans&hellip;\n","protected":false},"author":2,"featured_media":532668,"comment_status":"","ping_status":"","sticky":false,"template":"","format":"standard","meta":{"footnotes":""},"categories":[1359],"tags":[58,59,1011,27,973,10245,729],"class_list":{"0":"post-532667","1":"post","2":"type-post","3":"status-publish","4":"format-standard","5":"has-post-thumbnail","7":"category-people","8":"tag-divertissement","9":"tag-entertainment","10":"tag-fr","11":"tag-france","12":"tag-people","13":"tag-vanessa-paradis","14":"tag-yout_video"},"share_on_mastodon":{"url":"https:\/\/pubeurope.com\/@fr\/115545656850074661","error":""},"_links":{"self":[{"href":"https:\/\/www.europesays.com\/fr\/wp-json\/wp\/v2\/posts\/532667","targetHints":{"allow":["GET"]}}],"collection":[{"href":"https:\/\/www.europesays.com\/fr\/wp-json\/wp\/v2\/posts"}],"about":[{"href":"https:\/\/www.europesays.com\/fr\/wp-json\/wp\/v2\/types\/post"}],"author":[{"embeddable":true,"href":"https:\/\/www.europesays.com\/fr\/wp-json\/wp\/v2\/users\/2"}],"replies":[{"embeddable":true,"href":"https:\/\/www.europesays.com\/fr\/wp-json\/wp\/v2\/comments?post=532667"}],"version-history":[{"count":0,"href":"https:\/\/www.europesays.com\/fr\/wp-json\/wp\/v2\/posts\/532667\/revisions"}],"wp:featuredmedia":[{"embeddable":true,"href":"https:\/\/www.europesays.com\/fr\/wp-json\/wp\/v2\/media\/532668"}],"wp:attachment":[{"href":"https:\/\/www.europesays.com\/fr\/wp-json\/wp\/v2\/media?parent=532667"}],"wp:term":[{"taxonomy":"category","embeddable":true,"href":"https:\/\/www.europesays.com\/fr\/wp-json\/wp\/v2\/categories?post=532667"},{"taxonomy":"post_tag","embeddable":true,"href":"https:\/\/www.europesays.com\/fr\/wp-json\/wp\/v2\/tags?post=532667"}],"curies":[{"name":"wp","href":"https:\/\/api.w.org\/{rel}","templated":true}]}}