{"id":532675,"date":"2025-11-14T02:23:40","date_gmt":"2025-11-14T02:23:40","guid":{"rendered":"https:\/\/www.europesays.com\/fr\/532675\/"},"modified":"2025-11-14T02:23:40","modified_gmt":"2025-11-14T02:23:40","slug":"lobsession-de-palpatine-pour-retrouver-sa-force","status":"publish","type":"post","link":"https:\/\/www.europesays.com\/fr\/532675\/","title":{"rendered":"l&rsquo;obsession de Palpatine pour retrouver sa force"},"content":{"rendered":"<p class=\"chapo\">Le roman Master of Evil explique pourquoi Palpatine n\u2019a jamais \u00e9t\u00e9 aussi vuln\u00e9rable que dans la nouvelle trilogie Star Wars de Disney. <\/p>\n<p>Tl;dr<\/p>\n<ul>\n<li>Palpatine a toujours puis\u00e9 sa puissance dans la haine et l\u2019ambition de son apprenti, et sans cet apprentissage, il devient vuln\u00e9rable.<\/li>\n<li>La R\u00e8gle des Deux s\u2019est effondr\u00e9e avec Dark Vador, brisant le lien qui alimentait la force du Seigneur Sith.<\/li>\n<li>Incapable de retrouver sa puissance traditionnelle, Palpatine tente de l\u2019exploiter via Rey et la Force Dyad, mais \u00e9choue face \u00e0 sa lumi\u00e8re.<\/li>\n<\/ul>\n<p>Le secret du pouvoir Sith enfin d\u00e9voil\u00e9<\/p>\n<p>Depuis toujours, la force de Palpatine aka Dark Sidious dans l\u2019univers de <a href=\"https:\/\/www.24matins.fr\/star-wars-du-scepticisme-a-licone-planetaire-1398181\" rel=\"nofollow noopener\" target=\"_blank\"><strong>Star Wars<\/strong><\/a> fascine. Pourtant, une r\u00e9v\u00e9lation r\u00e9cente, issue du roman\u00a0Master of Evil\u00a0d\u2019Adam Christopher, bouscule les certitudes. Contrairement aux apparences, le Sith n\u2019a jamais \u00e9t\u00e9 aussi vuln\u00e9rable qu\u2019\u00e0 l\u2019\u00e9poque de la nouvelle trilogie. Son retour dans Star Wars, \u00e9pisode IX: L\u2019Ascension de Skywalker, plus machine que vivant, greff\u00e9 \u00e0 une structure sur Exegol, t\u00e9moignait d\u2019un empereur diminu\u00e9, priv\u00e9 de son \u00e9nergie primordiale.<\/p>\n<p>L\u2019effondrement de la \u00ab R\u00e8gle des Deux \u00bb<\/p>\n<p>Ce point faible trouve son origine dans une v\u00e9rit\u00e9 m\u00e9connue du grand public\u202f: la l\u00e9gendaire R\u00e8gle des Deux. Les enseignements de la saga ont longtemps laiss\u00e9 entendre que chaque Seigneur Sith devait former un apprenti, destin\u00e9 \u00e0 le d\u00e9fier et, \u00e9ventuellement, le remplacer. Or, selon\u00a0Master of Evil, cette relation va bien plus loin\u202f: le ma\u00eetre puise en r\u00e9alit\u00e9 sa puissance dans la haine et l\u2019ambition br\u00fblante de son disciple. C\u2019est cette tension destructrice qui alimente le seigneur noir\u202f; sans elle, il s\u2019\u00e9teint.<\/p>\n<p>Apr\u00e8s que Anakin Skywalker, devenu Dark Vador, a vaincu son ma\u00eetre non par col\u00e8re mais par amour \u2014 un acte dict\u00e9 par la lumi\u00e8re et non par l\u2019ombre \u2014 ce lien ancestral s\u2019est bris\u00e9. La lign\u00e9e initi\u00e9e par Dark Bane aurait alors p\u00e9ri avec cet ultime affrontement dans Star Wars, \u00e9pisode VI: Le Retour du Jedi. D\u00e8s lors, Palpatine n\u2019a plus retrouv\u00e9 la force que lui conf\u00e9rait ce pacte occulte.<\/p>\n<p>La qu\u00eate d\u00e9sesp\u00e9r\u00e9e d\u2019une nouvelle source d\u2019\u00e9nergie<\/p>\n<p>Rel\u00e9gu\u00e9 dans l\u2019inconnu galactique et incapable de former un nouvel apprenti sans risquer une autre trahison, Palpatine se tourne vers d\u2019autres subterfuges : manipulation via des interm\u00e9diaires tels que Snoke, mise en place de super-armes ou encore recours \u00e0 la technique obscure du transfert d\u2019essence \u2014 invention l\u00e9gendaire attribu\u00e9e \u00e0 son propre ma\u00eetre, Dark Plagueis. Toutefois, ce rituel ne fonctionne qu\u2019\u00e0 condition d\u2019\u00eatre tu\u00e9 par quelqu\u2019un nourri de haine. D\u2019o\u00f9 cette obsession pour pousser Rey, p\u00e9trie de potentiel lumineux autant que t\u00e9n\u00e9breux, \u00e0 agir sous le coup de la col\u00e8re.<\/p>\n<p>L\u2019h\u00e9ritage boulevers\u00e9 des Sith et la place centrale de Rey<\/p>\n<p>Face \u00e0 son incapacit\u00e9 \u00e0 reconstituer un duo ma\u00eetre-apprenti traditionnel, l\u2019empereur tente alors d\u2019exploiter le lien unique entre Rey et Kylo Ren, appel\u00e9 \u00ab Force Dyad \u00bb, pour reconstituer artificiellement sa puissance disparue. Cette \u00e9volution narrative \u00e9claire sous un jour nouveau les \u00e9v\u00e9nements des derniers volets\u202f: priv\u00e9e du carburant jadis fourni par ses apprentis, la dynastie Sith voit son dernier repr\u00e9sentant chercher d\u00e9sesp\u00e9r\u00e9ment un substitut. Finalement, c\u2019est bien parce qu\u2019elle refusait la haine que Rey a pu d\u00e9finitivement mettre fin au r\u00e8gne tyrannique du Seigneur noir.<\/p>\n<p>Une lecture renouvel\u00e9e de la mythologie Star Wars\u202f: l\u00e0 o\u00f9 beaucoup voyaient seulement la lutte entre g\u00e9n\u00e9rations ou ambitions politiques, c\u2019est bien l\u2019\u00e9quilibre fragile entre passion et pouvoir qui scelle le destin des t\u00e9n\u00e8bres.<\/p>\n","protected":false},"excerpt":{"rendered":"Le roman Master of Evil explique pourquoi Palpatine n\u2019a jamais \u00e9t\u00e9 aussi vuln\u00e9rable que dans la nouvelle trilogie&hellip;\n","protected":false},"author":2,"featured_media":532676,"comment_status":"","ping_status":"","sticky":false,"template":"","format":"standard","meta":{"footnotes":""},"categories":[1354],"tags":[58,59,1346,1011,27,1360],"class_list":{"0":"post-532675","1":"post","2":"type-post","3":"status-publish","4":"format-standard","5":"has-post-thumbnail","7":"category-films","8":"tag-divertissement","9":"tag-entertainment","10":"tag-films","11":"tag-fr","12":"tag-france","13":"tag-movies"},"share_on_mastodon":{"url":"https:\/\/pubeurope.com\/@fr\/115545676634393866","error":""},"_links":{"self":[{"href":"https:\/\/www.europesays.com\/fr\/wp-json\/wp\/v2\/posts\/532675","targetHints":{"allow":["GET"]}}],"collection":[{"href":"https:\/\/www.europesays.com\/fr\/wp-json\/wp\/v2\/posts"}],"about":[{"href":"https:\/\/www.europesays.com\/fr\/wp-json\/wp\/v2\/types\/post"}],"author":[{"embeddable":true,"href":"https:\/\/www.europesays.com\/fr\/wp-json\/wp\/v2\/users\/2"}],"replies":[{"embeddable":true,"href":"https:\/\/www.europesays.com\/fr\/wp-json\/wp\/v2\/comments?post=532675"}],"version-history":[{"count":0,"href":"https:\/\/www.europesays.com\/fr\/wp-json\/wp\/v2\/posts\/532675\/revisions"}],"wp:featuredmedia":[{"embeddable":true,"href":"https:\/\/www.europesays.com\/fr\/wp-json\/wp\/v2\/media\/532676"}],"wp:attachment":[{"href":"https:\/\/www.europesays.com\/fr\/wp-json\/wp\/v2\/media?parent=532675"}],"wp:term":[{"taxonomy":"category","embeddable":true,"href":"https:\/\/www.europesays.com\/fr\/wp-json\/wp\/v2\/categories?post=532675"},{"taxonomy":"post_tag","embeddable":true,"href":"https:\/\/www.europesays.com\/fr\/wp-json\/wp\/v2\/tags?post=532675"}],"curies":[{"name":"wp","href":"https:\/\/api.w.org\/{rel}","templated":true}]}}