{"id":532690,"date":"2025-11-14T02:31:34","date_gmt":"2025-11-14T02:31:34","guid":{"rendered":"https:\/\/www.europesays.com\/fr\/532690\/"},"modified":"2025-11-14T02:31:34","modified_gmt":"2025-11-14T02:31:34","slug":"la-tentative-de-faire-taire-les-chercheurs-sur-la-palestine-est-un-signe-de-peur-et-de-faiblesse-liberation","status":"publish","type":"post","link":"https:\/\/www.europesays.com\/fr\/532690\/","title":{"rendered":"\u00abLa tentative de faire taire les chercheurs sur la Palestine est un signe de peur et de faiblesse\u00bb \u2013 Lib\u00e9ration"},"content":{"rendered":"<p class=\"sc-cPiKLX AiZTS text-element\">\u00abC\u2019\u00e9tait \u00e7a o\u00f9 rien du tout !\u00bb l\u00e2che l\u2019une des chercheuses du Centre arabe de recherches et d\u2019\u00e9tudes politiques de Paris (Carep) en se frayant un chemin parmi la petite foule de privil\u00e9gi\u00e9s qui ont pu acc\u00e9der au lieu ce jeudi matin \u00e0 l\u2019ouverture du colloque \u00abla Palestine et l\u2019Europe : poids du pass\u00e9 et dynamiques contemporaines\u00bb. <\/p>\n<p class=\"sc-cPiKLX AiZTS text-element\">Apr\u00e8s l\u2019annulation, trois jours avant, de la rencontre universitaire qui devait se tenir au Coll\u00e8ge de France les 13 et 14 novembre, les organisateurs ont pris la d\u00e9cision de tenir l\u2019\u00e9v\u00e9nement dans les locaux exigus du Carep, avec diffusion en direct et en ligne. Une gageure ! Mais \u00able savoir acad\u00e9mique ne se limite pas \u00e0 un lieu et il a vocation \u00e0 \u00eatre diffus\u00e9 au plus grand nombre\u00bb, selon le communiqu\u00e9 du Carep, annon\u00e7ant que \u00able colloque aura lieu comme pr\u00e9vu\u00bb.<\/p>\n<p class=\"sc-cPiKLX AiZTS text-element\">Ils \u00e9taient plus nombreux debout que assis, derri\u00e8re la fa\u00e7ade vitr\u00e9e des locaux situ\u00e9s au pied de la Biblioth\u00e8que nationale de France, et gard\u00e9s par des vigiles d\u2019une soci\u00e9t\u00e9 de s\u00e9curit\u00e9 priv\u00e9e. Il a fallu se serrer dans la salle de conf\u00e9rences qui contient normalement un maximum de 40 places, r\u00e9duites encore pour lib\u00e9rer un rang aux cam\u00e9ras de t\u00e9l\u00e9vision et de captation des images transmises en direct.<\/p>\n<p class=\"sc-cPiKLX AiZTS text-element\">Car c\u2019est un v\u00e9ritable \u00abcolloque acad\u00e9mique et scientifique\u00bb qui a commenc\u00e9 \u00e0 se d\u00e9rouler, loin de la manifestation revancharde \u00e0 laquelle on aurait pu s\u2019attendre apr\u00e8s la pol\u00e9mique de ces derniers jours. Les pressions exerc\u00e9es par la presse de droite, des universitaires <\/p>\n","protected":false},"excerpt":{"rendered":"\u00abC\u2019\u00e9tait \u00e7a o\u00f9 rien du tout !\u00bb l\u00e2che l\u2019une des chercheuses du Centre arabe de recherches et d\u2019\u00e9tudes&hellip;\n","protected":false},"author":2,"featured_media":532691,"comment_status":"","ping_status":"","sticky":false,"template":"","format":"standard","meta":{"footnotes":""},"categories":[2],"tags":[11,1011,27,664,3523,12,3518,5768],"class_list":{"0":"post-532690","1":"post","2":"type-post","3":"status-publish","4":"format-standard","5":"has-post-thumbnail","7":"category-actualites","8":"tag-actualites","9":"tag-fr","10":"tag-france","11":"tag-israel","12":"tag-israel-palestine-conflit","13":"tag-news","14":"tag-palestine","15":"tag-universite"},"share_on_mastodon":{"url":"https:\/\/pubeurope.com\/@fr\/115545707980388386","error":""},"_links":{"self":[{"href":"https:\/\/www.europesays.com\/fr\/wp-json\/wp\/v2\/posts\/532690","targetHints":{"allow":["GET"]}}],"collection":[{"href":"https:\/\/www.europesays.com\/fr\/wp-json\/wp\/v2\/posts"}],"about":[{"href":"https:\/\/www.europesays.com\/fr\/wp-json\/wp\/v2\/types\/post"}],"author":[{"embeddable":true,"href":"https:\/\/www.europesays.com\/fr\/wp-json\/wp\/v2\/users\/2"}],"replies":[{"embeddable":true,"href":"https:\/\/www.europesays.com\/fr\/wp-json\/wp\/v2\/comments?post=532690"}],"version-history":[{"count":0,"href":"https:\/\/www.europesays.com\/fr\/wp-json\/wp\/v2\/posts\/532690\/revisions"}],"wp:featuredmedia":[{"embeddable":true,"href":"https:\/\/www.europesays.com\/fr\/wp-json\/wp\/v2\/media\/532691"}],"wp:attachment":[{"href":"https:\/\/www.europesays.com\/fr\/wp-json\/wp\/v2\/media?parent=532690"}],"wp:term":[{"taxonomy":"category","embeddable":true,"href":"https:\/\/www.europesays.com\/fr\/wp-json\/wp\/v2\/categories?post=532690"},{"taxonomy":"post_tag","embeddable":true,"href":"https:\/\/www.europesays.com\/fr\/wp-json\/wp\/v2\/tags?post=532690"}],"curies":[{"name":"wp","href":"https:\/\/api.w.org\/{rel}","templated":true}]}}