{"id":532692,"date":"2025-11-14T02:32:23","date_gmt":"2025-11-14T02:32:23","guid":{"rendered":"https:\/\/www.europesays.com\/fr\/532692\/"},"modified":"2025-11-14T02:32:23","modified_gmt":"2025-11-14T02:32:23","slug":"loire-des-tags-grossiers-de-supporters-de-lasse-a-cote-dune-oeuvre-de-street-art-a-roche-la-moliere","status":"publish","type":"post","link":"https:\/\/www.europesays.com\/fr\/532692\/","title":{"rendered":"Loire. Des tags grossiers de supporters de l\u2019ASSE \u00e0 c\u00f4t\u00e9 d\u2019une \u0153uvre de street art \u00e0\u00a0Roche-la-Moli\u00e8re"},"content":{"rendered":"<p>\u00ab\u00a0GA 92\u00a0\u00bb et \u00ab\u00a0Zone GA 92.\u00a0\u00bb Des tags grossiers sign\u00e9s en r\u00e9f\u00e9rence aux Green Angels 92, l\u2019un des groupes de supporters de l\u2019ASSE, ont \u00e9t\u00e9 d\u00e9couverts mercredi matin dans le centre-ville de Roche-la-Moli\u00e8re, aux abords de la mairie, notamment.<\/p>\n<p>Acte potache\u00a0? En tout cas, ces deux graffs font un peu t\u00e2che. Ils ont \u00e9t\u00e9 ex\u00e9cut\u00e9s rapidement sur des murs de la rue Louis-Comt\u00e9 pr\u00e8s de fresques r\u00e9alis\u00e9es par des artistes de rue. En face de la fresque de Fernando Davila, \u00e9tabli \u00e0 Roche, et de celle repr\u00e9sentant un renard et un ourson, de Kalouf et Jake, sur le mur de l\u2019\u00e9cole Cousteau (2015), ils entourent l\u2019inspecteur Gadget peint en 2023 par <a href=\"https:\/\/www.leprogres.fr\/magazine-lifestyle\/2021\/06\/19\/les-petits-personnages-toki-s-illustrent-aux-puces-du-canal\" target=\"_blank\" rel=\"noopener\">les Toki, un duo d\u2019artistes\u2026 lyonnais<\/a>.<\/p>\n<p>Ils d\u00e9rangent m\u00eame, \u00e0 Roche, alors que la Ville a pris un virage en 2014 avec la promotion des arts urbains et entend cr\u00e9er un laboratoire pour les artistes.<\/p>\n<p>Ce contenu est bloqu\u00e9 car vous n&rsquo;avez pas accept\u00e9 les cookies et autres traceurs.<\/p>\n<p>En cliquant sur \u00ab J\u2019accepte \u00bb, les cookies et autres traceurs seront d\u00e9pos\u00e9s et vous pourrez visualiser les contenus  (<a href=\"\" class=\"consentModule_policy\" target=\"_blank\" title=\"Consulter la politique de protection des donn\u00e9es du fournisseur\">plus d&rsquo;informations<\/a>).<\/p>\n<p>En cliquant sur \u00ab J\u2019accepte tous les cookies \u00bb, vous autorisez des d\u00e9p\u00f4ts de cookies et autres traceurs pour le stockage de vos donn\u00e9es sur nos sites et applications \u00e0 des fins de personnalisation et de ciblage publicitaire.<\/p>\n<p class=\"consentModule_secondaryText\">Vous gardez la possibilit\u00e9 de retirer votre consentement \u00e0 tout moment en consultant notre <a href=\"https:\/\/www.leprogres.fr\/protection-des-donnees\" target=\"_blank\" title=\"Consulter notre politique de protection des donn\u00e9es\" rel=\"noopener\">politique de protection des donn\u00e9es<\/a>. <br \/>&#13;<br \/>\n            <a href=\"https:\/\/www.leprogres.fr\/faits-divers-justice\/2025\/11\/13\/javascript:Didomi.notice.show()\" class=\"consentModule_cmp\" target=\"_blank\" rel=\"noopener\">G\u00e9rer mes choix<\/a>&#13;\n        <\/p>\n<p>&#13;<br \/>\n                        J&rsquo;accepte&#13;<br \/>\n            J&rsquo;accepte tous les cookies&#13;\n        <\/p>\n<p>  \u00ab\u00a0C\u2019est compl\u00e8tement idiot. Cela d\u00e9grade l\u2019espace public\u00a0\u00bb<\/p>\n<p>\u00ab\u00a0C\u2019est compl\u00e8tement idiot. Cela d\u00e9grade l\u2019espace public, un bien commun \u00e0 respecter, peste le maire Eric Berlivet. La commune est terre d\u2019accueil. Le street art ne nous pose aucun probl\u00e8me d\u00e8s lors qu\u2019il y a un vrai projet.\u00a0\u00bb<\/p>\n<p>L\u00e0, ce ne semble pas \u00eatre le cas, hormis montrer qui c\u2019est Raoul (Les Tontons flingueurs), et encore\u2026<\/p>\n<p>Le maire pr\u00e9cise aux auteurs que sa porte est toujours ouverte. \u00ab\u00a0S\u2019ils veulent s\u2019exprimer ou faire passer un message, je peux les aider mais pas de cette mani\u00e8re-l\u00e0\u00a0\u00bb, indique l\u2019\u00e9lu, pr\u00e9cisant avoir d\u00e9j\u00e0 \u00ab\u00a0pr\u00eat\u00e9 des locaux pour des tifos\u00a0\u00bb, pr\u00e9par\u00e9s en amont par les associations de supporters.<\/p>\n<p>Pour l\u2019heure, il para\u00eet difficile d\u2019affirmer que les tags viennent directement des responsables ou membres des Green Angels 92, l\u2019un des groupes ultras st\u00e9phanois. Ils pourraient \u00eatre l\u2019\u0153uvre tant d\u2019individus isol\u00e9s que de supporters encart\u00e9s ou sympathisants qui auraient agi de leur propre chef. Sans vraiment mesurer les cons\u00e9quences de leurs actes.<\/p>\n<p>En 2014, comme les maires de Saint-Ferr\u00e9ol-d\u2019Auroure et Saint-\u00c9tienne, l\u2019\u00e9dile rouchon avait d\u00e9j\u00e0 d\u00e9pos\u00e9 plainte apr\u00e8s un tag sous le pont de Dourdel par les pensionnaires du Kop Sud du stade Geoffroy-Guichard, <a href=\"https:\/\/www.leprogres.fr\/haute-loire\/2014\/08\/20\/affichettes-liberte-pour-le-kop-sud-le-maire-de-saint-etienne-depose-plainte\" target=\"_blank\" rel=\"noopener\">qui protestaient contre l\u2019ASSE, car ils n\u2019\u00e9taient plus reconnus<\/a> comme un groupe de supporters constitu\u00e9, apr\u00e8s leur autodissolution en 2013.<\/p>\n<p>  Effacement, d\u00e9p\u00f4t de plainte\u00a0: mille euros \u00e0 la collectivit\u00e9<\/p>\n<p>Une proc\u00e9dure a \u00e9t\u00e9 lanc\u00e9e, assure l\u2019\u00e9lu, \u00e0 savoir un d\u00e9p\u00f4t de plainte aupr\u00e8s des services de police, engendrant l\u2019ouverture d\u2019une enqu\u00eate et le visionnage des images de vid\u00e9oprotection.<\/p>\n<p>Pour effacer les tags, un a\u00e9rogommage doit \u00eatre effectu\u00e9 sur le b\u00e9ton, ce qui implique entre autres la location d\u2019une machine. Eric Berlivet estime le co\u00fbt total pour la collectivit\u00e9 entre 800 et 1\u00a0000\u00a0euros. Sans doute la m\u00eame nuit, d\u2019autres inscriptions identiques ont \u00e9t\u00e9 tagu\u00e9es, rue Sadi-Carnot et \u00e0 Beaulieu, rues des Granges et de l\u2019Abb\u00e9-Duplay.<\/p>\n","protected":false},"excerpt":{"rendered":"\u00ab\u00a0GA 92\u00a0\u00bb et \u00ab\u00a0Zone GA 92.\u00a0\u00bb Des tags grossiers sign\u00e9s en r\u00e9f\u00e9rence aux Green Angels 92, l\u2019un des&hellip;\n","protected":false},"author":2,"featured_media":532693,"comment_status":"","ping_status":"","sticky":false,"template":"","format":"standard","meta":{"footnotes":""},"categories":[9653],"tags":[1111,11,2430,271,272,7539,1777,674,274,107,1011,27,3367,12,25,12490,12491,4001,104],"class_list":{"0":"post-532692","1":"post","2":"type-post","3":"status-publish","4":"format-standard","5":"has-post-thumbnail","7":"category-saint-etienne","8":"tag-actu","9":"tag-actualites","10":"tag-auvergne-rhone-alpes","11":"tag-crime","12":"tag-delit-et-contravention","13":"tag-edition-loire-sud","14":"tag-eu","15":"tag-europe","16":"tag-faits-divers-justice","17":"tag-fil-info","18":"tag-fr","19":"tag-france","20":"tag-loire","21":"tag-news","22":"tag-republique-francaise","23":"tag-roche-la-moliere","24":"tag-roche-la-moliere-bassin","25":"tag-saint-etienne","26":"tag-societe"},"share_on_mastodon":{"url":"https:\/\/pubeurope.com\/@fr\/115545711838337665","error":""},"_links":{"self":[{"href":"https:\/\/www.europesays.com\/fr\/wp-json\/wp\/v2\/posts\/532692","targetHints":{"allow":["GET"]}}],"collection":[{"href":"https:\/\/www.europesays.com\/fr\/wp-json\/wp\/v2\/posts"}],"about":[{"href":"https:\/\/www.europesays.com\/fr\/wp-json\/wp\/v2\/types\/post"}],"author":[{"embeddable":true,"href":"https:\/\/www.europesays.com\/fr\/wp-json\/wp\/v2\/users\/2"}],"replies":[{"embeddable":true,"href":"https:\/\/www.europesays.com\/fr\/wp-json\/wp\/v2\/comments?post=532692"}],"version-history":[{"count":0,"href":"https:\/\/www.europesays.com\/fr\/wp-json\/wp\/v2\/posts\/532692\/revisions"}],"wp:featuredmedia":[{"embeddable":true,"href":"https:\/\/www.europesays.com\/fr\/wp-json\/wp\/v2\/media\/532693"}],"wp:attachment":[{"href":"https:\/\/www.europesays.com\/fr\/wp-json\/wp\/v2\/media?parent=532692"}],"wp:term":[{"taxonomy":"category","embeddable":true,"href":"https:\/\/www.europesays.com\/fr\/wp-json\/wp\/v2\/categories?post=532692"},{"taxonomy":"post_tag","embeddable":true,"href":"https:\/\/www.europesays.com\/fr\/wp-json\/wp\/v2\/tags?post=532692"}],"curies":[{"name":"wp","href":"https:\/\/api.w.org\/{rel}","templated":true}]}}