{"id":532694,"date":"2025-11-14T02:33:24","date_gmt":"2025-11-14T02:33:24","guid":{"rendered":"https:\/\/www.europesays.com\/fr\/532694\/"},"modified":"2025-11-14T02:33:24","modified_gmt":"2025-11-14T02:33:24","slug":"un-pretre-soupconne-dagressions-sexuelles-au-maroc","status":"publish","type":"post","link":"https:\/\/www.europesays.com\/fr\/532694\/","title":{"rendered":"un pr\u00eatre soup\u00e7onn\u00e9 d\u2019agressions sexuelles au Maroc"},"content":{"rendered":"\n<p>Un pr\u00eatre domicili\u00e9 dans la Loire est soup\u00e7onn\u00e9 d\u2019avoir commis des agressions sexuelles en Afrique du Nord. La procureure de la R\u00e9publique de Saint-\u00c9tienne, Anne Gaches, indique ce jeudi avoir ouvert une enqu\u00eate pr\u00e9liminaire des chefs \u00ab\u00a0d\u2019agressions sexuelles sur majeurs et mineur de plus de 15 ans par personne ayant autorit\u00e9 du fait de sa fonction\u00a0\u00bb.<\/p>\n<p>Le parquet de Saint-\u00c9tienne a \u00e9t\u00e9 saisi par l\u2019archev\u00eaque de Rennes \u00e0 ce sujet. Le suspect, aujourd\u2019hui \u00e2g\u00e9 de 60 ans, a exerc\u00e9 en Centrafrique, puis au Maroc jusqu\u2019\u00e0 l\u2019\u00e9t\u00e9 2024. Une enqu\u00eate canonique, diligent\u00e9e par l\u2019archev\u00each\u00e9 de Rabat, r\u00e9v\u00e8le que cet homme d&rsquo;\u00c9glise aurait pu avoir des rapports sexuels avec des adultes et un mineur. Des victimes pr\u00e9sum\u00e9es rencontr\u00e9es dans le cadre de l\u2019assistance aux migrants.<\/p>\n<p>Interrog\u00e9, le pr\u00eatre a affirm\u00e9 que les actes sexuels ayant eu lieu au Maroc entre 2020 et 2024, \u00e0 Rabat et Casablanca, auraient toujours \u00e9t\u00e9 consentis. \u00ab\u00a0Dans la mesure o\u00f9 ces \u00e9l\u00e9ments sont trop impr\u00e9cis et non soumis \u00e0 la contradiction et afin d\u2019obtenir plus d\u2019informations\u00a0\u00bb, le parquet de Saint-\u00c9tienne a r\u00e9dig\u00e9 une demande d\u2019entraide p\u00e9nale internationale aupr\u00e8s du Maroc.<\/p>\n","protected":false},"excerpt":{"rendered":"Un pr\u00eatre domicili\u00e9 dans la Loire est soup\u00e7onn\u00e9 d\u2019avoir commis des agressions sexuelles en Afrique du Nord. La&hellip;\n","protected":false},"author":2,"featured_media":532695,"comment_status":"","ping_status":"","sticky":false,"template":"","format":"standard","meta":{"footnotes":""},"categories":[9653],"tags":[1111,11,65257,2430,1067,1777,674,1011,27,3367,2223,6636,12,5969,12802,25,4001],"class_list":{"0":"post-532694","1":"post","2":"type-post","3":"status-publish","4":"format-standard","5":"has-post-thumbnail","7":"category-saint-etienne","8":"tag-actu","9":"tag-actualites","10":"tag-agressions_sexuelles","11":"tag-auvergne-rhone-alpes","12":"tag-enquete","13":"tag-eu","14":"tag-europe","15":"tag-fr","16":"tag-france","17":"tag-loire","18":"tag-maroc","19":"tag-mineurs","20":"tag-news","21":"tag-pretre","22":"tag-rabat","23":"tag-republique-francaise","24":"tag-saint-etienne"},"share_on_mastodon":{"url":"https:\/\/pubeurope.com\/@fr\/115545715711760615","error":""},"_links":{"self":[{"href":"https:\/\/www.europesays.com\/fr\/wp-json\/wp\/v2\/posts\/532694","targetHints":{"allow":["GET"]}}],"collection":[{"href":"https:\/\/www.europesays.com\/fr\/wp-json\/wp\/v2\/posts"}],"about":[{"href":"https:\/\/www.europesays.com\/fr\/wp-json\/wp\/v2\/types\/post"}],"author":[{"embeddable":true,"href":"https:\/\/www.europesays.com\/fr\/wp-json\/wp\/v2\/users\/2"}],"replies":[{"embeddable":true,"href":"https:\/\/www.europesays.com\/fr\/wp-json\/wp\/v2\/comments?post=532694"}],"version-history":[{"count":0,"href":"https:\/\/www.europesays.com\/fr\/wp-json\/wp\/v2\/posts\/532694\/revisions"}],"wp:featuredmedia":[{"embeddable":true,"href":"https:\/\/www.europesays.com\/fr\/wp-json\/wp\/v2\/media\/532695"}],"wp:attachment":[{"href":"https:\/\/www.europesays.com\/fr\/wp-json\/wp\/v2\/media?parent=532694"}],"wp:term":[{"taxonomy":"category","embeddable":true,"href":"https:\/\/www.europesays.com\/fr\/wp-json\/wp\/v2\/categories?post=532694"},{"taxonomy":"post_tag","embeddable":true,"href":"https:\/\/www.europesays.com\/fr\/wp-json\/wp\/v2\/tags?post=532694"}],"curies":[{"name":"wp","href":"https:\/\/api.w.org\/{rel}","templated":true}]}}